{"id":76433,"date":"2025-10-21T11:13:50","date_gmt":"2025-10-21T14:13:50","guid":{"rendered":"https:\/\/www.portalalerta.com.br\/?p=76433"},"modified":"2025-10-21T18:04:54","modified_gmt":"2025-10-21T21:04:54","slug":"petrobras-recebe-licenca-do-ibama-para-perfurar-margem-equatorial","status":"publish","type":"post","link":"https:\/\/www.portalalerta.com.br\/index.php\/2025\/10\/21\/petrobras-recebe-licenca-do-ibama-para-perfurar-margem-equatorial\/","title":{"rendered":"Petrobras recebe licen\u00e7a do Ibama para perfurar Margem Equatorial"},"content":{"rendered":"\n<p>Estatal diz que pesquisa explorat\u00f3ria deve come\u00e7ar \u201cimediatamente\u201d<\/p>\n\n\n\n<!--more-->\n\n\n\n<p><strong>A Petrobras obteve a licen\u00e7a do Instituto Brasileiro do Meio Ambiente e dos Recursos Naturais Renov\u00e1veis (Ibama) para iniciar opera\u00e7\u00e3o de pesquisa explorat\u00f3ria na Margem Equatorial.<\/strong>&nbsp;A regi\u00e3o, localizada no norte do pa\u00eds, \u00e9 apontada como novo pr\u00e9-sal devido ao seu potencial petrol\u00edfero.<\/p>\n\n\n\n<p>O Ibama fez o an\u00fancio no come\u00e7o da tarde desta segunda-feira (20).<\/p>\n\n\n\n<p>De acordo com a Petrobras, a sonda explorat\u00f3ria se encontra na regi\u00e3o do bloco FZA-M-059 e&nbsp;<strong>a perfura\u00e7\u00e3o est\u00e1 prevista para come\u00e7ar \u201cimediatamente\u201d<\/strong>. O po\u00e7o fica em \u00e1guas profundas do Amap\u00e1, a 175 quil\u00f4metros da costa e a 500 quil\u00f4metros da foz do rio Amazonas.<\/p>\n\n\n\n<p><strong>A perfura\u00e7\u00e3o dessa fase inicial tem dura\u00e7\u00e3o estimada em cinco meses, segundo a companhia<\/strong>. Nesse per\u00edodo, a empresa busca obter mais informa\u00e7\u00f5es geol\u00f3gicas e avaliar se h\u00e1 petr\u00f3leo e g\u00e1s na \u00e1rea em escala econ\u00f4mica.&nbsp;<strong>\u201cN\u00e3o h\u00e1 produ\u00e7\u00e3o de petr\u00f3leo nessa fase\u201d, frisou a Petrobras no comunicado.<\/strong><\/p>\n\n\n\n<p><strong>Promessa de seguran\u00e7a<\/strong><\/p>\n\n\n\n<p>A Petrobras informou que atendeu a todos os requisitos estabelecidos pelo Ibama \u2013 \u00f3rg\u00e3o ligado ao Minist\u00e9rio do Meio Ambiente e Mudan\u00e7a do Clima \u2013 cumprindo integralmente o processo de licenciamento ambiental.<\/p>\n\n\n<div class=\"wp-block-image\">\n<figure class=\"alignleft size-large is-resized\"><img fetchpriority=\"high\" decoding=\"async\" src=\"https:\/\/www.portalalerta.com.br\/wp-content\/uploads\/2025\/09\/Real-Semana-do-Cliente-2025-819x1024.jpeg\" alt=\"\" class=\"wp-image-75452\" width=\"412\" height=\"515\" srcset=\"https:\/\/www.portalalerta.com.br\/wp-content\/uploads\/2025\/09\/Real-Semana-do-Cliente-2025-819x1024.jpeg 819w, https:\/\/www.portalalerta.com.br\/wp-content\/uploads\/2025\/09\/Real-Semana-do-Cliente-2025-192x240.jpeg 192w, https:\/\/www.portalalerta.com.br\/wp-content\/uploads\/2025\/09\/Real-Semana-do-Cliente-2025-768x960.jpeg 768w, https:\/\/www.portalalerta.com.br\/wp-content\/uploads\/2025\/09\/Real-Semana-do-Cliente-2025.jpeg 1024w\" sizes=\"(max-width: 412px) 100vw, 412px\" \/><\/figure><\/div>\n\n\n<p>A presidente da companhia, Magda Chambriard, classificou a obten\u00e7\u00e3o da licen\u00e7a como \u201cuma conquista da sociedade brasileira\u201d.<\/p>\n\n\n\n<p>\u201cRevela o compromisso das institui\u00e7\u00f5es nacionais com o di\u00e1logo e com a viabiliza\u00e7\u00e3o de projetos que possam representar o desenvolvimento do pa\u00eds\u201d, afirmou Chambriard no comunicado.<\/p>\n\n\n\n<p>Ela lembrou que foram cinco anos de di\u00e1logo com governos e \u00f3rg\u00e3os ambientais municipais, estaduais e federais at\u00e9 a licen\u00e7a. Chambriard considera que a estatal p\u00f4de comprovar \u201ca robustez de toda a estrutura de prote\u00e7\u00e3o ao meio ambiente\u201d.<\/p>\n\n\n\n<p>\u201cVamos operar na Margem Equatorial com seguran\u00e7a, responsabilidade e qualidade t\u00e9cnica. Esperamos obter excelentes resultados nessa pesquisa e comprovar a exist\u00eancia de petr\u00f3leo na por\u00e7\u00e3o brasileira dessa nova fronteira energ\u00e9tica mundial\u201d, completou.<\/p>\n\n\n\n<p><strong>Ibama<\/strong><\/p>\n\n\n\n<p>Por meio de nota,&nbsp;<strong>o Ibama informou que a emiss\u00e3o da licen\u00e7a ocorreu ap\u00f3s \u201crigoroso processo de licenciamento ambiental\u201d<\/strong>. Esse processo contou com elabora\u00e7\u00e3o de Estudo de Impacto Ambiental (EIA\/RIMA), tr\u00eas audi\u00eancias p\u00fablicas e 65 reuni\u00f5es t\u00e9cnicas setoriais em mais de 20 munic\u00edpios do Par\u00e1 e do Amap\u00e1. Tamb\u00e9m foram feitas vistorias em todas as estruturas de resposta \u00e0 emerg\u00eancia e unidade mar\u00edtima de perfura\u00e7\u00e3o, al\u00e9m da realiza\u00e7\u00e3o da APO, que envolveu mais de 400 pessoas.<\/p>\n\n\n\n<p>Ainda de acordo com o \u00f3rg\u00e3o ambiental, ap\u00f3s a negativa de 2023, foi iniciada uma \u201cintensa discuss\u00e3o\u201d com a Petrobras, que permitiu \u201csignificativo\u201d aprimoramento substancial do projeto apresentado, especialmente em rela\u00e7\u00e3o \u00e0 estrutura de resposta a emerg\u00eancia.<\/p>\n\n\n\n<p>Entre os avan\u00e7os, o Ibama cita a constru\u00e7\u00e3o e&nbsp;operacionaliza\u00e7\u00e3o de mais um centro de atendimento \u00e0 fauna, no munic\u00edpio de Oiapoque (AP), que se soma ao j\u00e1 existente em Bel\u00e9m.<\/p>\n\n\n\n<p>O Ibama afirmou que as exig\u00eancias adicionais foram fundamentais para a viabiliza\u00e7\u00e3o ambiental do empreendimento, considerando as caracter\u00edsticas ambientais excepcionais da regi\u00e3o da bacia da Foz do Amazonas.<\/p>\n\n\n\n<p>O instituto antecipou que, durante a atividade de perfura\u00e7\u00e3o, ser\u00e1 realizado novo exerc\u00edcio simulado de resposta a emerg\u00eancia, com foco nas estrat\u00e9gias de atendimento \u00e0 fauna.<\/p>\n\n\n\n<p><strong>Nova fonte de petr\u00f3leo<\/strong><\/p>\n\n\n\n<p><strong>A&nbsp;Margem Equatorial&nbsp;ganhou notoriedade nos \u00faltimos anos, por ser tratada como nova e promissora \u00e1rea de explora\u00e7\u00e3o de petr\u00f3leo e g\u00e1s<\/strong>. Descobertas recentes de petr\u00f3leo nas costas da Guiana, da Guiana Francesa e do Suriname, pa\u00edses vizinhos ao Norte do pa\u00eds, mostraram o potencial explorat\u00f3rio da regi\u00e3o, localizada pr\u00f3xima \u00e0 linha do Equador. No Brasil, a \u00e1rea se estende do Rio Grande do Norte at\u00e9 o Amap\u00e1.<\/p>\n\n\n\n<p>A busca pela licen\u00e7a de explora\u00e7\u00e3o se iniciou em 2013, quando a petrol\u00edfera multinacional brit\u00e2nica BP arrematou a licita\u00e7\u00e3o da \u00e1rea. Por decis\u00e3o estrat\u00e9gica, a companhia repassou a concess\u00e3o para a Petrobras em 2021.<\/p>\n\n\n\n<p>A Petrobras tem po\u00e7os na nova fronteira explorat\u00f3ria, mas, at\u00e9 ent\u00e3o, s\u00f3 tinha autoriza\u00e7\u00e3o do Ibama para perfurar os dois da costa do Rio Grande do Norte.<\/p>\n\n\n\n<p>Em maio de 2023, o Ibama chegou a negar a licen\u00e7a para a \u00e1rea chamada de Bacia da Foz do Amazonas, o que fez a Petrobras pedir a reconsidera\u00e7\u00e3o.<\/p>\n\n\n\n<p>Al\u00e9m da companhia, setores do governo, incluindo o Minist\u00e9rio de Minas e Energia e o pr\u00f3prio presidente Luiz In\u00e1cio Lula da Silva, defenderam a libera\u00e7\u00e3o da licen\u00e7a. No Congresso, presidente do senado, Davi Alcolumbre (Uni\u00e3o-AP), foi um dos principais articuladores para apressar e autorizar a licen\u00e7a.<\/p>\n\n\n\n<p><strong>Segundo a Petrobras, a espera pela licen\u00e7a de explora\u00e7\u00e3o custou R$ 4 milh\u00f5es por dia \u00e0 empresa.<\/strong><\/p>\n\n\n\n<p>Um estudo da Empresa de Pesquisa Energ\u00e9tica (EPE) estima que o volume potencial total recuper\u00e1vel da Bacia da Foz do Amazonas pode chegar a 10 bilh\u00f5es de barris de \u00f3leo equivalente. Para efeito de compara\u00e7\u00e3o, dados da Ag\u00eancia Nacional do Petr\u00f3leo, G\u00e1s Natural e Biocombust\u00edveis (ANP) mostram que o Brasil tem 66 bilh\u00f5es de barris entre reservas provadas, prov\u00e1veis e poss\u00edveis.<\/p>\n\n\n\n<p><strong>Cr\u00edticas<\/strong><\/p>\n\n\n\n<p>A explora\u00e7\u00e3o \u00e9 criticada por ambientalistas, preocupados com poss\u00edveis impactos ao meio ambiente. H\u00e1 tamb\u00e9m a percep\u00e7\u00e3o, por parte deles, de que se trata de uma contradi\u00e7\u00e3o \u00e0 transi\u00e7\u00e3o energ\u00e9tica, que significa a substitui\u00e7\u00e3o dos combust\u00edveis f\u00f3sseis por fontes de energia renov\u00e1veis, que emitam menos gases do efeito estufa, respons\u00e1veis pelo aquecimento global.<\/p>\n\n\n\n<p>A Petrobras insiste que a produ\u00e7\u00e3o de \u00f3leo a partir da Margem Equatorial \u00e9 uma decis\u00e3o estrat\u00e9gica para que o pa\u00eds n\u00e3o tenha que importar petr\u00f3leo na pr\u00f3xima d\u00e9cada. A estatal frisa que, apesar do nome Foz do Amazonas, o local fica a 540 quil\u00f4metros da desembocadura do rio propriamente dita.<\/p>\n\n\n\n<blockquote class=\"tiktok-embed\" cite=\"https:\/\/www.tiktok.com\/@portalalerta\/video\/7563769469512781112\" data-video-id=\"7563769469512781112\" style=\"max-width: 605px;min-width: 325px;\" > <section> <a target=\"_blank\" title=\"@portalalerta\" href=\"https:\/\/www.tiktok.com\/@portalalerta?refer=embed\" rel=\"noopener\">@portalalerta<\/a> <p>Petrobras recebe licen\u00e7a do Ibama para perfurar Margem Equatorial  A Petrobras obteve a licen\u00e7a do Instituto Brasileiro do Meio Ambiente e dos Recursos Naturais Renov\u00e1veis (Ibama) para iniciar opera\u00e7\u00e3o de pesquisa explorat\u00f3ria na Margem Equatorial.\u00a0A regi\u00e3o, localizada no norte do pa\u00eds, \u00e9 apontada como novo pr\u00e9-sal devido ao seu potencial petrol\u00edfero. #tucanobahia #homicidio #morte #portalalerta #portal_alerta #deolhonanoticia<\/p> <a target=\"_blank\" title=\"\u266c som original  - Portal Alerta\" href=\"https:\/\/www.tiktok.com\/music\/som-original-Portal-Alerta-7563769534507682572?refer=embed\" rel=\"noopener\">\u266c som original  &#8211; Portal Alerta<\/a> <\/section> <\/blockquote> <script async src=\"https:\/\/www.tiktok.com\/embed.js\"><\/script>\n\n\n\n<p><em>Fonte: Ag\u00eancia Brasil<\/em><\/p>\n","protected":false},"excerpt":{"rendered":"<p>Estatal diz que pesquisa explorat\u00f3ria deve come\u00e7ar \u201cimediatamente\u201d<\/p>\n","protected":false},"author":2,"featured_media":76434,"comment_status":"open","ping_status":"open","sticky":false,"template":"","format":"standard","meta":{"om_disable_all_campaigns":false,"_monsterinsights_skip_tracking":false,"_monsterinsights_sitenote_active":false,"_monsterinsights_sitenote_note":"","_monsterinsights_sitenote_category":0,"footnotes":""},"categories":[34,70,69,21],"tags":[100,71,48,93,75,4178,4180,129,107,4181,132,230,8399,106,203,120,51,329,109,88,47,111,190],"class_list":["post-76433","post","type-post","status-publish","format-standard","has-post-thumbnail","hentry","category-brasil","category-destaques","category-noticias2","category-politica","tag-adustina","tag-antas","tag-araci","tag-brasil","tag-cicero-dantas","tag-cipo-2","tag-crisopolis-2","tag-euclides-da-cunha","tag-fatima","tag-heliopolis-2","tag-itapicuru","tag-jeremoabo","tag-margem-equatorial","tag-nova-soure","tag-novo-triunfo","tag-olindina","tag-paripiranga","tag-petrobras","tag-quijingue","tag-ribeira-do-amparo","tag-ribeira-do-pombal","tag-sitio-do-quinto","tag-tucano"],"aioseo_notices":[],"_links":{"self":[{"href":"https:\/\/www.portalalerta.com.br\/index.php\/wp-json\/wp\/v2\/posts\/76433","targetHints":{"allow":["GET"]}}],"collection":[{"href":"https:\/\/www.portalalerta.com.br\/index.php\/wp-json\/wp\/v2\/posts"}],"about":[{"href":"https:\/\/www.portalalerta.com.br\/index.php\/wp-json\/wp\/v2\/types\/post"}],"author":[{"embeddable":true,"href":"https:\/\/www.portalalerta.com.br\/index.php\/wp-json\/wp\/v2\/users\/2"}],"replies":[{"embeddable":true,"href":"https:\/\/www.portalalerta.com.br\/index.php\/wp-json\/wp\/v2\/comments?post=76433"}],"version-history":[{"count":3,"href":"https:\/\/www.portalalerta.com.br\/index.php\/wp-json\/wp\/v2\/posts\/76433\/revisions"}],"predecessor-version":[{"id":76461,"href":"https:\/\/www.portalalerta.com.br\/index.php\/wp-json\/wp\/v2\/posts\/76433\/revisions\/76461"}],"wp:featuredmedia":[{"embeddable":true,"href":"https:\/\/www.portalalerta.com.br\/index.php\/wp-json\/wp\/v2\/media\/76434"}],"wp:attachment":[{"href":"https:\/\/www.portalalerta.com.br\/index.php\/wp-json\/wp\/v2\/media?parent=76433"}],"wp:term":[{"taxonomy":"category","embeddable":true,"href":"https:\/\/www.portalalerta.com.br\/index.php\/wp-json\/wp\/v2\/categories?post=76433"},{"taxonomy":"post_tag","embeddable":true,"href":"https:\/\/www.portalalerta.com.br\/index.php\/wp-json\/wp\/v2\/tags?post=76433"}],"curies":[{"name":"wp","href":"https:\/\/api.w.org\/{rel}","templated":true}]}}