{"id":76491,"date":"2025-10-22T13:21:32","date_gmt":"2025-10-22T16:21:32","guid":{"rendered":"https:\/\/www.portalalerta.com.br\/?p=76491"},"modified":"2025-10-22T22:46:16","modified_gmt":"2025-10-23T01:46:16","slug":"apos-reuniao-com-alcolumbre-lula-adia-indicacao-de-jorge-messias-para-o-stf","status":"publish","type":"post","link":"https:\/\/www.portalalerta.com.br\/index.php\/2025\/10\/22\/apos-reuniao-com-alcolumbre-lula-adia-indicacao-de-jorge-messias-para-o-stf\/","title":{"rendered":"Ap\u00f3s reuni\u00e3o com Alcolumbre, Lula adia indica\u00e7\u00e3o de Jorge Messias para o STF"},"content":{"rendered":"\n<p><strong>Ministros esperam que o an\u00fancio aconte\u00e7a ap\u00f3s a volta de Lula ao Brasil, no dia 28 de outubro<\/strong><\/p>\n\n\n\n<!--more-->\n\n\n\n<p><strong>O presidente Luiz In\u00e1cio Lula da Silva adiou a indica\u00e7\u00e3o do advogado-geral da Uni\u00e3o (AGU), Jorge Messias, para a vaga no Supremo Tribunal Federal (STF) ap\u00f3s reuni\u00e3o com o presidente do Senado, Davi Alcolumbre (Uni\u00e3o-AP). O encontro aconteceu na noite desta segunda-feira (20), no Pal\u00e1cio da Alvorada, em Bras\u00edlia.&nbsp;<\/strong><\/p>\n\n\n\n<p><strong><a href=\"https:\/\/api.whatsapp.com\/send?text=lula%20alcolumbre%20indicacao%20de%20jorge%20messias%20para%20o%20stf%20https:\/\/www.band.com.br\/noticias\/lula-alcolumbre-indicacao-de-jorge-messias-para-o-stf-202510211136\" target=\"_blank\" rel=\"noreferrer noopener\"><\/a><\/strong><\/p>\n\n\n\n<p><strong><a href=\"https:\/\/telegram.me\/share\/url?url=https:\/\/www.band.com.br\/noticias\/lula-alcolumbre-indicacao-de-jorge-messias-para-o-stf-202510211136&amp;text=lula%20alcolumbre%20indicacao%20de%20jorge%20messias%20para%20o%20stf\" target=\"_blank\" rel=\"noreferrer noopener\"><\/a><\/strong><\/p>\n\n\n\n<p><strong>O jornalismo do Grupo Bandeirantes apurou que o presidente do Senado insistiu no nome do senador Rodrigo Pacheco, dizendo que ele \u201ctem a densidade pol\u00edtica que o momento exige&#8221;.<\/strong><\/p>\n\n\n\n<p><strong>Lula ficou de pensar, at\u00e9, segundo auxiliares, para &#8220;n\u00e3o desrespeitar o presidente do Senado&#8221;. Diante disso, ministros esperam que o an\u00fancio aconte\u00e7a ap\u00f3s a volta ao Brasil, no dia 28 de outubro.&nbsp;<\/strong><\/p>\n\n\n\n<p><strong><a href=\"https:\/\/profile.google.com\/cp\/CgkvbS8wa3FyZGg\" target=\"_blank\" rel=\"noreferrer noopener\"><\/a><\/strong><\/p>\n\n\n\n<p><strong>No Planalto, a avalia\u00e7\u00e3o \u00e9 que se trata de &#8220;um an\u00fancio apenas pr\u00f3-forma&#8221;, e que Jorge Messias segue como favorito para a indica\u00e7\u00e3o.<\/strong><\/p>\n\n\n\n<p><strong>Quem \u00e9 Jorge Messias<\/strong><\/p>\n\n\n\n<p><strong>Jorge Messias \u00e9 procurador da Fazenda Nacional desde 2007. J\u00e1 foi subchefe para Assuntos Jur\u00eddicos da Presid\u00eancia da Rep\u00fablica, secret\u00e1rio de Regula\u00e7\u00e3o e Supervis\u00e3o da Educa\u00e7\u00e3o Superior do Minist\u00e9rio da Educa\u00e7\u00e3o e consultor jur\u00eddico dos minist\u00e9rios da Educa\u00e7\u00e3o e da Ci\u00eancia, Tecnologia e Inova\u00e7\u00e3o. Ele \u00e9 graduado em Direito pela Faculdade de Direito do Recife (UFPE) e mestre e doutor pela Universidade de Bras\u00edlia (UnB).<\/strong><\/p>\n\n\n\n<p><strong>Messias tem 45 anos e fez carreira ligada ao PT e, dentro do governo, \u00e9 visto como h\u00e1bil conhecedor das leis e do mundo jur\u00eddico. Ele \u00e9 advogado-geral da Uni\u00e3o desde 2023, quando o presidente iniciou o novo mandato. Desde ent\u00e3o, tem atua\u00e7\u00e3o considerada s\u00f3lida na defesa dos interesses do governo junto \u00e0 Justi\u00e7a.<\/strong><\/p>\n\n\n\n<p><strong>Messias ficou \u201cfamoso\u201d em 2015, quando era subchefe para Assuntos Jur\u00eddicos da Presid\u00eancia da Rep\u00fablica. S\u00e9rgio Moro, ainda atuando como juiz da Lava Jato, divulgou uma conversa da presidente Dilma Rousseff com Lula, em que a qualidade do \u00e1udio faz parecer que ele era chamado de &#8220;Bessias&#8221;.<\/strong><\/p>\n\n\n\n<p><strong>A escolha de Messias representaria um aceno do presidente \u00e0 ala jur\u00eddica mais alinhada ao governo. Messias \u00e9 evang\u00e9lico e isso tamb\u00e9m \u00e9 visto como ponto favor\u00e1vel para sua indica\u00e7\u00e3o.<\/strong><\/p>\n\n\n\n<blockquote class=\"tiktok-embed\" cite=\"https:\/\/www.tiktok.com\/@portalalerta\/video\/7564223520813649163\" data-video-id=\"7564223520813649163\" style=\"max-width: 605px;min-width: 325px;\" > <section> <a target=\"_blank\" title=\"@portalalerta\" href=\"https:\/\/www.tiktok.com\/@portalalerta?refer=embed\" rel=\"noopener\">@portalalerta<\/a> <p>Ap\u00f3s reuni\u00e3o com Alcolumbre, Lula adia indica\u00e7\u00e3o de Jorge Messias para o STF  O presidente Luiz In\u00e1cio Lula da Silva adiou a indica\u00e7\u00e3o do advogado-geral da Uni\u00e3o (AGU), Jorge Messias, para a vaga no Supremo Tribunal Federal (STF) ap\u00f3s reuni\u00e3o com o presidente do Senado, Davi Alcolumbre (Uni\u00e3o-AP). O encontro aconteceu na noite desta segunda-feira (20), no Pal\u00e1cio da Alvorada, em Bras\u00edlia. #aracibahia #homicidio #homicidas #presos #policiacivil #pcba #portalalerta #portal_alerta #deolhonanoticia<\/p> <a target=\"_blank\" title=\"\u266c som original  - Portal Alerta\" href=\"https:\/\/www.tiktok.com\/music\/som-original-Portal-Alerta-7564223752197376779?refer=embed\" rel=\"noopener\">\u266c som original  &#8211; Portal Alerta<\/a> <\/section> <\/blockquote> <script async src=\"https:\/\/www.tiktok.com\/embed.js\"><\/script>\n\n\n\n<p><em>Fonte: Band.com.br<\/em><\/p>\n","protected":false},"excerpt":{"rendered":"<p>Ministros esperam que o an\u00fancio aconte\u00e7a ap\u00f3s a volta de Lula ao Brasil, no dia 28 de outubro<\/p>\n","protected":false},"author":2,"featured_media":76483,"comment_status":"open","ping_status":"open","sticky":false,"template":"","format":"standard","meta":{"om_disable_all_campaigns":false,"_monsterinsights_skip_tracking":false,"_monsterinsights_sitenote_active":false,"_monsterinsights_sitenote_note":"","_monsterinsights_sitenote_category":0,"footnotes":""},"categories":[34,70,69,21],"tags":[],"class_list":["post-76491","post","type-post","status-publish","format-standard","has-post-thumbnail","hentry","category-brasil","category-destaques","category-noticias2","category-politica"],"aioseo_notices":[],"_links":{"self":[{"href":"https:\/\/www.portalalerta.com.br\/index.php\/wp-json\/wp\/v2\/posts\/76491","targetHints":{"allow":["GET"]}}],"collection":[{"href":"https:\/\/www.portalalerta.com.br\/index.php\/wp-json\/wp\/v2\/posts"}],"about":[{"href":"https:\/\/www.portalalerta.com.br\/index.php\/wp-json\/wp\/v2\/types\/post"}],"author":[{"embeddable":true,"href":"https:\/\/www.portalalerta.com.br\/index.php\/wp-json\/wp\/v2\/users\/2"}],"replies":[{"embeddable":true,"href":"https:\/\/www.portalalerta.com.br\/index.php\/wp-json\/wp\/v2\/comments?post=76491"}],"version-history":[{"count":2,"href":"https:\/\/www.portalalerta.com.br\/index.php\/wp-json\/wp\/v2\/posts\/76491\/revisions"}],"predecessor-version":[{"id":76543,"href":"https:\/\/www.portalalerta.com.br\/index.php\/wp-json\/wp\/v2\/posts\/76491\/revisions\/76543"}],"wp:featuredmedia":[{"embeddable":true,"href":"https:\/\/www.portalalerta.com.br\/index.php\/wp-json\/wp\/v2\/media\/76483"}],"wp:attachment":[{"href":"https:\/\/www.portalalerta.com.br\/index.php\/wp-json\/wp\/v2\/media?parent=76491"}],"wp:term":[{"taxonomy":"category","embeddable":true,"href":"https:\/\/www.portalalerta.com.br\/index.php\/wp-json\/wp\/v2\/categories?post=76491"},{"taxonomy":"post_tag","embeddable":true,"href":"https:\/\/www.portalalerta.com.br\/index.php\/wp-json\/wp\/v2\/tags?post=76491"}],"curies":[{"name":"wp","href":"https:\/\/api.w.org\/{rel}","templated":true}]}}