{"id":76807,"date":"2025-11-03T16:31:35","date_gmt":"2025-11-03T19:31:35","guid":{"rendered":"https:\/\/www.portalalerta.com.br\/?p=76807"},"modified":"2025-11-03T21:15:56","modified_gmt":"2025-11-04T00:15:56","slug":"prefeitura-de-santaluz-e-denunciada-apos-carro-oficial-ser-flagrado-transportando-mudanca-em-outra-cidade-veiculo-foi-multado-por-excesso-de-velocidade","status":"publish","type":"post","link":"https:\/\/www.portalalerta.com.br\/index.php\/2025\/11\/03\/prefeitura-de-santaluz-e-denunciada-apos-carro-oficial-ser-flagrado-transportando-mudanca-em-outra-cidade-veiculo-foi-multado-por-excesso-de-velocidade\/","title":{"rendered":"Prefeitura de Santaluz \u00e9 denunciada ap\u00f3s carro oficial ser flagrado transportando mudan\u00e7a em outra cidade; ve\u00edculo foi multado por excesso de velocidade"},"content":{"rendered":"\n<p>Um carro oficial da Prefeitura de Santaluz foi flagrado transportando m\u00f3veis e objetos de uso pessoal na cidade de Filad\u00e9lfia, no norte da Bahia, no dia 12 de junho de 2023.<\/p>\n\n\n\n<!--more-->\n\n\n\n<p>Segundo a Associa\u00e7\u00e3o Dissens\u00e3o Contra Corrup\u00e7\u00e3o (Adicc), o ve\u00edculo \u2014 uma Fiat Strada, da Secretaria de Administra\u00e7\u00e3o \u2014 foi multado por excesso de velocidade na rodovia BA-381, mas a imagem registrada pelo radar mostra a carroceria carregada com itens dom\u00e9sticos, como um estrado de cama, levantando suspeitas de uso indevido de bem p\u00fablico para fins particulares.<\/p>\n\n\n\n<p>Ainda de acordo com a Adicc, o carro \u00e9 abastecido com recursos p\u00fablicos, conforme comprovam documentos oficiais. Em junho de 2023, o ve\u00edculo teria consumido 587 litros de combust\u00edvel, ao custo de R$ 3.150, pago com dinheiro da prefeitura.<\/p>\n\n\n<div class=\"wp-block-image\">\n<figure class=\"alignleft size-large is-resized\"><img fetchpriority=\"high\" decoding=\"async\" src=\"https:\/\/www.portalalerta.com.br\/wp-content\/uploads\/2024\/04\/autoescola-emprego-1024x1024.jpg\" alt=\"\" class=\"wp-image-55693\" width=\"401\" height=\"401\" srcset=\"https:\/\/www.portalalerta.com.br\/wp-content\/uploads\/2024\/04\/autoescola-emprego-1024x1024.jpg 1024w, https:\/\/www.portalalerta.com.br\/wp-content\/uploads\/2024\/04\/autoescola-emprego-240x240.jpg 240w, https:\/\/www.portalalerta.com.br\/wp-content\/uploads\/2024\/04\/autoescola-emprego-768x768.jpg 768w, https:\/\/www.portalalerta.com.br\/wp-content\/uploads\/2024\/04\/autoescola-emprego.jpg 1080w\" sizes=\"(max-width: 401px) 100vw, 401px\" \/><\/figure><\/div>\n\n\n<p>A entidade denuncia que o transporte de bens pessoais durante o hor\u00e1rio de expediente pode representar viola\u00e7\u00e3o de princ\u00edpios constitucionais como legalidade, moralidade e efici\u00eancia, previstos no artigo 37 da Constitui\u00e7\u00e3o.<\/p>\n\n\n\n<p>Com base nas informa\u00e7\u00f5es, a Adicc protocolou den\u00fancia cobrando que a Prefeitura de Santaluz apresente documentos que justifiquem o uso do ve\u00edculo no dia do flagrante, como ordens de servi\u00e7o, registros de viagem e relat\u00f3rios de abastecimento.<\/p>\n\n\n\n<p>A associa\u00e7\u00e3o tamb\u00e9m pede que, caso n\u00e3o seja comprovado o uso oficial, os respons\u00e1veis arquem com os custos da viagem, incluindo combust\u00edvel, multa de tr\u00e2nsito e danos ao ve\u00edculo. A den\u00fancia foi encaminhada ao Tribunal de Contas dos Munic\u00edpios e ao Minist\u00e9rio P\u00fablico, para investiga\u00e7\u00e3o sobre poss\u00edvel improbidade administrativa.<\/p>\n\n\n\n<p>A Adicc sustenta que esse tipo de conduta enfraquece a confian\u00e7a da popula\u00e7\u00e3o e precisa ser enfrentado com transpar\u00eancia e responsabilidade.<\/p>\n\n\n\n<p>At\u00e9 a publica\u00e7\u00e3o desta mat\u00e9ria, a Prefeitura de Santaluz n\u00e3o havia se manifestado publicamente sobre o caso.<\/p>\n\n\n\n<blockquote class=\"tiktok-embed\" cite=\"https:\/\/www.tiktok.com\/@portalalerta\/video\/7568606591470095623\" data-video-id=\"7568606591470095623\" style=\"max-width: 605px;min-width: 325px;\" > <section> <a target=\"_blank\" title=\"@portalalerta\" href=\"https:\/\/www.tiktok.com\/@portalalerta?refer=embed\" rel=\"noopener\">@portalalerta<\/a> <p>Prefeitura de Santaluz \u00e9 denunciada ap\u00f3s carro oficial ser flagrado transportando mudan\u00e7a em outra cidade; ve\u00edculo foi multado por excesso de velocidade  Segundo a Associa\u00e7\u00e3o Dissens\u00e3o Contra Corrup\u00e7\u00e3o (Adicc), o ve\u00edculo \u2014 uma Fiat Strada, da Secretaria de Administra\u00e7\u00e3o \u2014 foi multado por excesso de velocidade na rodovia BA-381, mas a imagem registrada pelo radar mostra a carroceria carregada com itens dom\u00e9sticos, como um estrado de cama, levantando suspeitas de uso indevido de bem p\u00fablico para fins particulares.  #santaluzbahia #veiculooficial #denuncia #portalalerta #portal_alerta #deolhonanoticia<\/p> <a target=\"_blank\" title=\"\u266c som original  - Portal Alerta\" href=\"https:\/\/www.tiktok.com\/music\/som-original-Portal-Alerta-7568606663960873736?refer=embed\" rel=\"noopener\">\u266c som original  &#8211; Portal Alerta<\/a> <\/section> <\/blockquote> <script async src=\"https:\/\/www.tiktok.com\/embed.js\"><\/script>\n\n\n\n<p>Fonte: Not\u00edcias Santaluz<\/p>\n","protected":false},"excerpt":{"rendered":"<p>Um carro oficial da Prefeitura de Santaluz foi flagrado transportando m\u00f3veis e objetos de uso pessoal na cidade de Filad\u00e9lfia, no norte da Bahia, no dia 12 de junho de 2023.<\/p>\n","protected":false},"author":2,"featured_media":76806,"comment_status":"open","ping_status":"open","sticky":false,"template":"","format":"standard","meta":{"om_disable_all_campaigns":false,"_monsterinsights_skip_tracking":false,"_monsterinsights_sitenote_active":false,"_monsterinsights_sitenote_note":"","_monsterinsights_sitenote_category":0,"footnotes":""},"categories":[33,70,69,21],"tags":[100,71,48,54,75,4178,4180,152,129,107,4181,132,230,106,203,120,51,145,109,88,47,799,111,190],"class_list":["post-76807","post","type-post","status-publish","format-standard","has-post-thumbnail","hentry","category-bahia","category-destaques","category-noticias2","category-politica","tag-adustina","tag-antas","tag-araci","tag-bahia","tag-cicero-dantas","tag-cipo-2","tag-crisopolis-2","tag-denuncia","tag-euclides-da-cunha","tag-fatima","tag-heliopolis-2","tag-itapicuru","tag-jeremoabo","tag-nova-soure","tag-novo-triunfo","tag-olindina","tag-paripiranga","tag-prefeitura","tag-quijingue","tag-ribeira-do-amparo","tag-ribeira-do-pombal","tag-santaluz","tag-sitio-do-quinto","tag-tucano"],"aioseo_notices":[],"_links":{"self":[{"href":"https:\/\/www.portalalerta.com.br\/index.php\/wp-json\/wp\/v2\/posts\/76807","targetHints":{"allow":["GET"]}}],"collection":[{"href":"https:\/\/www.portalalerta.com.br\/index.php\/wp-json\/wp\/v2\/posts"}],"about":[{"href":"https:\/\/www.portalalerta.com.br\/index.php\/wp-json\/wp\/v2\/types\/post"}],"author":[{"embeddable":true,"href":"https:\/\/www.portalalerta.com.br\/index.php\/wp-json\/wp\/v2\/users\/2"}],"replies":[{"embeddable":true,"href":"https:\/\/www.portalalerta.com.br\/index.php\/wp-json\/wp\/v2\/comments?post=76807"}],"version-history":[{"count":2,"href":"https:\/\/www.portalalerta.com.br\/index.php\/wp-json\/wp\/v2\/posts\/76807\/revisions"}],"predecessor-version":[{"id":76840,"href":"https:\/\/www.portalalerta.com.br\/index.php\/wp-json\/wp\/v2\/posts\/76807\/revisions\/76840"}],"wp:featuredmedia":[{"embeddable":true,"href":"https:\/\/www.portalalerta.com.br\/index.php\/wp-json\/wp\/v2\/media\/76806"}],"wp:attachment":[{"href":"https:\/\/www.portalalerta.com.br\/index.php\/wp-json\/wp\/v2\/media?parent=76807"}],"wp:term":[{"taxonomy":"category","embeddable":true,"href":"https:\/\/www.portalalerta.com.br\/index.php\/wp-json\/wp\/v2\/categories?post=76807"},{"taxonomy":"post_tag","embeddable":true,"href":"https:\/\/www.portalalerta.com.br\/index.php\/wp-json\/wp\/v2\/tags?post=76807"}],"curies":[{"name":"wp","href":"https:\/\/api.w.org\/{rel}","templated":true}]}}