{"id":76813,"date":"2025-11-03T16:38:17","date_gmt":"2025-11-03T19:38:17","guid":{"rendered":"https:\/\/www.portalalerta.com.br\/?p=76813"},"modified":"2025-11-03T21:17:47","modified_gmt":"2025-11-04T00:17:47","slug":"governo-do-rio-divulga-perfis-dos-mortos-em-megaoperacao-95-tinham-ligacao-com-o-cv","status":"publish","type":"post","link":"https:\/\/www.portalalerta.com.br\/index.php\/2025\/11\/03\/governo-do-rio-divulga-perfis-dos-mortos-em-megaoperacao-95-tinham-ligacao-com-o-cv\/","title":{"rendered":"Governo do Rio divulga perfis dos mortos em megaopera\u00e7\u00e3o; 95% tinham liga\u00e7\u00e3o com o CV"},"content":{"rendered":"\n<p>Levantamento da Pol\u00edcia Civil aponta que mais da metade dos identificados era de fora do estado; 59 tinham mandados de pris\u00e3o pendentes<\/p>\n\n\n\n<!--more-->\n\n\n\n<p>O Governo do Estado do Rio de Janeiro divulgou, na noite deste domingo (2), o perfil dos mortos na Opera\u00e7\u00e3o Conten\u00e7\u00e3o, deflagrada na \u00faltima ter\u00e7a-feira (28) nos Complexos da Penha e do Alem\u00e3o, na Zona Norte da capital. De acordo com a Pol\u00edcia Civil, mais de 95% dos 115 identificados tinham liga\u00e7\u00e3o comprovada com o Comando Vermelho, e 54% eram de fora do estado.<\/p>\n\n\n\n<p>A opera\u00e7\u00e3o, considerada uma das maiores a\u00e7\u00f5es de combate ao crime organizado da hist\u00f3ria do Rio, deixou 117 suspeitos mortos &#8211; al\u00e9m de quatro policiais, dois civis e dois militares. O levantamento foi elaborado pelo setor de intelig\u00eancia da Seguran\u00e7a P\u00fablica, que apontou ainda que 59 dos mortos tinham mandados de pris\u00e3o pendentes e 97 possu\u00edam hist\u00f3rico criminal relevante.<\/p>\n\n\n<div class=\"wp-block-image\">\n<figure class=\"alignleft size-full is-resized\"><img decoding=\"async\" src=\"https:\/\/www.portalalerta.com.br\/wp-content\/uploads\/2025\/10\/Natal-da-cidade-Real-2025.jpg\" alt=\"\" class=\"wp-image-76686\" width=\"-224\" height=\"-222\" srcset=\"https:\/\/www.portalalerta.com.br\/wp-content\/uploads\/2025\/10\/Natal-da-cidade-Real-2025.jpg 668w, https:\/\/www.portalalerta.com.br\/wp-content\/uploads\/2025\/10\/Natal-da-cidade-Real-2025-241x240.jpg 241w\" sizes=\"(max-width: 668px) 100vw, 668px\" \/><\/figure><\/div>\n\n\n<p>Entre os 17 que n\u00e3o apresentavam antecedentes, 12 tinham publica\u00e7\u00f5es nas redes sociais com ind\u00edcios de participa\u00e7\u00e3o no tr\u00e1fico. A lista tamb\u00e9m mostra que 62 dos mortos eram naturais de outros estados, incluindo Par\u00e1, Amazonas, Bahia, Cear\u00e1, Goi\u00e1s, Esp\u00edrito Santo, S\u00e3o Paulo, Maranh\u00e3o, Para\u00edba, Mato Grosso e Distrito Federal &#8211; o que indica, segundo as investiga\u00e7\u00f5es, a presen\u00e7a de chefes de fac\u00e7\u00f5es de 11 estados e quatro das cinco regi\u00f5es do pa\u00eds.<\/p>\n\n\n\n<p>O governador Cl\u00e1udio Castro classificou o resultado da opera\u00e7\u00e3o como \u201cum duro golpe na criminalidade\u201d e refor\u00e7ou a necessidade de integra\u00e7\u00e3o nacional no combate ao Comando Vermelho.<\/p>\n\n\n\n<p>\u201cSe n\u00e3o houver uma atua\u00e7\u00e3o unificada, venceremos batalhas, mas n\u00e3o a guerra. Conter a expans\u00e3o territorial do Comando Vermelho depende de a\u00e7\u00f5es conjuntas e inteligentes\u201d, afirmou Castro.<\/p>\n\n\n\n<p>O secret\u00e1rio da Pol\u00edcia Civil, Felipe Curi, destacou que o trabalho investigativo segue em andamento e que todos os dados est\u00e3o sendo documentados para garantir transpar\u00eancia e legalidade.<\/p>\n\n\n\n<p>\u201cOs que n\u00e3o tinham anota\u00e7\u00f5es criminais reagiram armados. S\u00e3o narcoterroristas que sa\u00edram do anonimato\u201d, disse.<\/p>\n\n\n\n<p>J\u00e1 o secret\u00e1rio da Pol\u00edcia Militar, coronel Marcelo de Menezes, explicou que as for\u00e7as de seguran\u00e7a atuaram para concentrar os confrontos em \u00e1reas de mata, fora das regi\u00f5es habitadas, para proteger a popula\u00e7\u00e3o.<\/p>\n\n\n\n<p>\u201cFoi l\u00e1 onde se deram os maiores embates. E quem estava na mata, estava em confronto com a pol\u00edcia\u201d, afirmou o coronel.<\/p>\n\n\n\n<blockquote class=\"tiktok-embed\" cite=\"https:\/\/www.tiktok.com\/@portalalerta\/video\/7568655462829133063\" data-video-id=\"7568655462829133063\" style=\"max-width: 605px;min-width: 325px;\" > <section> <a target=\"_blank\" title=\"@portalalerta\" href=\"https:\/\/www.tiktok.com\/@portalalerta?refer=embed\" rel=\"noopener\">@portalalerta<\/a> <p>Governo do Rio divulga perfis dos m0rt0s em megaopera\u00e7\u00e3o; 95% tinham liga\u00e7\u00e3o com o CV O Governo do Estado do Rio de Janeiro divulgou, na noite deste domingo (2), o perfil dos m0rt0s na Opera\u00e7\u00e3o Conten\u00e7\u00e3o, deflagrada na \u00faltima ter\u00e7a-feira (28) nos Complexos da Penha e do Alem\u00e3o, na Zona Norte da capital. De acordo com a Pol\u00edcia Civil, mais de 95% dos 115 identificados tinham liga\u00e7\u00e3o comprovada com o Comando Vermelho, e 54% eram de fora do estado. #brasil #riodejaneiro #operacaocontencao #identificacao #policia #portalalerta #portal_alerta #deolhonanoticia<\/p> <a target=\"_blank\" title=\"\u266c som original  - Portal Alerta\" href=\"https:\/\/www.tiktok.com\/music\/som-original-Portal-Alerta-7568655511646718727?refer=embed\" rel=\"noopener\">\u266c som original  &#8211; Portal Alerta<\/a> <\/section> <\/blockquote> <script async src=\"https:\/\/www.tiktok.com\/embed.js\"><\/script>\n\n\n\n<p><em>Fonte: Band<\/em><\/p>\n","protected":false},"excerpt":{"rendered":"<p>Levantamento da Pol\u00edcia Civil aponta que mais da metade dos identificados era de fora do estado; 59 tinham mandados de pris\u00e3o pendentes<\/p>\n","protected":false},"author":2,"featured_media":76787,"comment_status":"open","ping_status":"open","sticky":false,"template":"","format":"standard","meta":{"om_disable_all_campaigns":false,"_monsterinsights_skip_tracking":false,"_monsterinsights_sitenote_active":false,"_monsterinsights_sitenote_note":"","_monsterinsights_sitenote_category":0,"footnotes":""},"categories":[34,70,69,22],"tags":[100,71,48,75,4178,178,4180,129,107,4181,8418,132,230,608,106,203,120,8413,51,109,88,47,300,111,190],"class_list":["post-76813","post","type-post","status-publish","format-standard","has-post-thumbnail","hentry","category-brasil","category-destaques","category-noticias2","category-seguranca","tag-adustina","tag-antas","tag-araci","tag-cicero-dantas","tag-cipo-2","tag-confronto","tag-crisopolis-2","tag-euclides-da-cunha","tag-fatima","tag-heliopolis-2","tag-identificacao","tag-itapicuru","tag-jeremoabo","tag-mortos","tag-nova-soure","tag-novo-triunfo","tag-olindina","tag-operacao-contencao","tag-paripiranga","tag-quijingue","tag-ribeira-do-amparo","tag-ribeira-do-pombal","tag-rio-de-janeiro","tag-sitio-do-quinto","tag-tucano"],"aioseo_notices":[],"_links":{"self":[{"href":"https:\/\/www.portalalerta.com.br\/index.php\/wp-json\/wp\/v2\/posts\/76813","targetHints":{"allow":["GET"]}}],"collection":[{"href":"https:\/\/www.portalalerta.com.br\/index.php\/wp-json\/wp\/v2\/posts"}],"about":[{"href":"https:\/\/www.portalalerta.com.br\/index.php\/wp-json\/wp\/v2\/types\/post"}],"author":[{"embeddable":true,"href":"https:\/\/www.portalalerta.com.br\/index.php\/wp-json\/wp\/v2\/users\/2"}],"replies":[{"embeddable":true,"href":"https:\/\/www.portalalerta.com.br\/index.php\/wp-json\/wp\/v2\/comments?post=76813"}],"version-history":[{"count":2,"href":"https:\/\/www.portalalerta.com.br\/index.php\/wp-json\/wp\/v2\/posts\/76813\/revisions"}],"predecessor-version":[{"id":76842,"href":"https:\/\/www.portalalerta.com.br\/index.php\/wp-json\/wp\/v2\/posts\/76813\/revisions\/76842"}],"wp:featuredmedia":[{"embeddable":true,"href":"https:\/\/www.portalalerta.com.br\/index.php\/wp-json\/wp\/v2\/media\/76787"}],"wp:attachment":[{"href":"https:\/\/www.portalalerta.com.br\/index.php\/wp-json\/wp\/v2\/media?parent=76813"}],"wp:term":[{"taxonomy":"category","embeddable":true,"href":"https:\/\/www.portalalerta.com.br\/index.php\/wp-json\/wp\/v2\/categories?post=76813"},{"taxonomy":"post_tag","embeddable":true,"href":"https:\/\/www.portalalerta.com.br\/index.php\/wp-json\/wp\/v2\/tags?post=76813"}],"curies":[{"name":"wp","href":"https:\/\/api.w.org\/{rel}","templated":true}]}}