{"id":77088,"date":"2025-11-15T19:05:26","date_gmt":"2025-11-15T22:05:26","guid":{"rendered":"https:\/\/www.portalalerta.com.br\/?p=77088"},"modified":"2025-11-16T01:08:27","modified_gmt":"2025-11-16T04:08:27","slug":"acusado-de-homicidio-que-aconteceu-em-2011-em-banzae-e-condenado-a-18-anos-de-prisao","status":"publish","type":"post","link":"https:\/\/www.portalalerta.com.br\/index.php\/2025\/11\/15\/acusado-de-homicidio-que-aconteceu-em-2011-em-banzae-e-condenado-a-18-anos-de-prisao\/","title":{"rendered":"Acusado de homic\u00eddio que aconteceu em 2011, em Banza\u00ea, \u00e9 condenado a 18 anos de pris\u00e3o"},"content":{"rendered":"\n<p>Um j\u00fari popular realizado na manh\u00e3 desta sexta-feira (14), no F\u00f3rum de Ribeira do Pombal, condenou Hiilson Santos de Jesus Severo, conhecido como Cabeludo, a 18 anos de pris\u00e3o pelo homic\u00eddio de Ant\u00f4nio Geraldo dos Santos, ocorrido em 22 de julho de 2011, na regi\u00e3o do Tamburi, zona rural de Banza\u00ea-BA.<br><\/p>\n\n\n\n<!--more-->\n\n\n<div class=\"wp-block-image\">\n<figure class=\"alignleft size-large is-resized\"><img fetchpriority=\"high\" decoding=\"async\" src=\"https:\/\/www.portalalerta.com.br\/wp-content\/uploads\/2024\/04\/autoescola-emprego-1024x1024.jpg\" alt=\"\" class=\"wp-image-55693\" width=\"398\" height=\"398\" srcset=\"https:\/\/www.portalalerta.com.br\/wp-content\/uploads\/2024\/04\/autoescola-emprego-1024x1024.jpg 1024w, https:\/\/www.portalalerta.com.br\/wp-content\/uploads\/2024\/04\/autoescola-emprego-240x240.jpg 240w, https:\/\/www.portalalerta.com.br\/wp-content\/uploads\/2024\/04\/autoescola-emprego-768x768.jpg 768w, https:\/\/www.portalalerta.com.br\/wp-content\/uploads\/2024\/04\/autoescola-emprego.jpg 1080w\" sizes=\"(max-width: 398px) 100vw, 398px\" \/><\/figure><\/div>\n\n\n<p><br>A sess\u00e3o foi presidida pelo juiz Dr. Josu\u00e9 Teles Bastos J\u00fanior, magistrado da comarca de Feira de Santana. O Minist\u00e9rio P\u00fablico esteve representado pelo promotor Dr. Jair Lima, de Jacobina, enquanto a defesa ficou a cargo da Defensoria P\u00fablica de Ribeira do Pombal, com atua\u00e7\u00e3o do defensor Dr. Alexandre.<br><br>Segundo a den\u00fancia, o crime teria sido motivado por ci\u00fames. O acusado desconfiava que sua ex-companheira estaria se envolvendo com a v\u00edtima e, durante o trajeto que ambos faziam a caminho da ro\u00e7a, teria desferido golpes de paulada que resultaram na morte de Ant\u00f4nio Geraldo.<\/p>\n\n\n\n<blockquote class=\"tiktok-embed\" cite=\"https:\/\/www.tiktok.com\/@portalalerta\/video\/7573167590223154452\" data-video-id=\"7573167590223154452\" style=\"max-width: 605px;min-width: 325px;\" > <section> <a target=\"_blank\" title=\"@portalalerta\" href=\"https:\/\/www.tiktok.com\/@portalalerta?refer=embed\" rel=\"noopener\">@portalalerta<\/a> <p>Acusado de homic\u00eddio que aconteceu em 2011, em Banza\u00ea, \u00e9 condenado a 18 anos de pris\u00e3o  Um j\u00fari popular realizado na manh\u00e3 desta sexta-feira (14), no F\u00f3rum de Ribeira do Pombal, condenou Hiilson Santos de Jesus Severo, conhecido como Cabeludo, a 18 anos de pris\u00e3o pelo homic\u00eddio de Ant\u00f4nio Geraldo dos Santos, ocorrido em 22 de julho de 2011, na regi\u00e3o do Tamburi, zona rural de Banza\u00ea-BA.  #banzaebahia #homicidio #juripopular #condenacao #homicida #portalalerta #portal_alerta #deolhonanoticia<\/p> <a target=\"_blank\" title=\"\u266c som original  - Portal Alerta\" href=\"https:\/\/www.tiktok.com\/music\/som-original-Portal-Alerta-7573167639091759880?refer=embed\" rel=\"noopener\">\u266c som original  &#8211; Portal Alerta<\/a> <\/section> <\/blockquote> <script async src=\"https:\/\/www.tiktok.com\/embed.js\"><\/script>\n\n\n\n<p><br><em>Fonte: Bahia Gazeta<\/em><\/p>\n","protected":false},"excerpt":{"rendered":"<p>Um j\u00fari popular realizado na manh\u00e3 desta sexta-feira (14), no F\u00f3rum de Ribeira do Pombal, condenou Hiilson Santos de Jesus Severo, conhecido como Cabeludo, a 18 anos de pris\u00e3o pelo homic\u00eddio de Ant\u00f4nio Geraldo dos Santos, ocorrido em 22 de julho de 2011, na regi\u00e3o do Tamburi, zona rural de Banza\u00ea-BA.<\/p>\n","protected":false},"author":2,"featured_media":6597,"comment_status":"open","ping_status":"open","sticky":false,"template":"","format":"standard","meta":{"om_disable_all_campaigns":false,"_monsterinsights_skip_tracking":false,"_monsterinsights_sitenote_active":false,"_monsterinsights_sitenote_note":"","_monsterinsights_sitenote_category":0,"footnotes":""},"categories":[39,70,69,32,22],"tags":[100,71,48,75,4178,316,4180,129,107,4181,206,132,230,837,270,106,203,120,51,174,109,88,47,111,190],"class_list":["post-77088","post","type-post","status-publish","format-standard","has-post-thumbnail","hentry","category-banzae","category-destaques","category-noticias2","category-regiao","category-seguranca","tag-adustina","tag-antas","tag-araci","tag-cicero-dantas","tag-cipo-2","tag-condenacao","tag-crisopolis-2","tag-euclides-da-cunha","tag-fatima","tag-heliopolis-2","tag-homicidio","tag-itapicuru","tag-jeremoabo","tag-juri-popular","tag-justica","tag-nova-soure","tag-novo-triunfo","tag-olindina","tag-paripiranga","tag-prisao","tag-quijingue","tag-ribeira-do-amparo","tag-ribeira-do-pombal","tag-sitio-do-quinto","tag-tucano"],"aioseo_notices":[],"_links":{"self":[{"href":"https:\/\/www.portalalerta.com.br\/index.php\/wp-json\/wp\/v2\/posts\/77088","targetHints":{"allow":["GET"]}}],"collection":[{"href":"https:\/\/www.portalalerta.com.br\/index.php\/wp-json\/wp\/v2\/posts"}],"about":[{"href":"https:\/\/www.portalalerta.com.br\/index.php\/wp-json\/wp\/v2\/types\/post"}],"author":[{"embeddable":true,"href":"https:\/\/www.portalalerta.com.br\/index.php\/wp-json\/wp\/v2\/users\/2"}],"replies":[{"embeddable":true,"href":"https:\/\/www.portalalerta.com.br\/index.php\/wp-json\/wp\/v2\/comments?post=77088"}],"version-history":[{"count":3,"href":"https:\/\/www.portalalerta.com.br\/index.php\/wp-json\/wp\/v2\/posts\/77088\/revisions"}],"predecessor-version":[{"id":77156,"href":"https:\/\/www.portalalerta.com.br\/index.php\/wp-json\/wp\/v2\/posts\/77088\/revisions\/77156"}],"wp:featuredmedia":[{"embeddable":true,"href":"https:\/\/www.portalalerta.com.br\/index.php\/wp-json\/wp\/v2\/media\/6597"}],"wp:attachment":[{"href":"https:\/\/www.portalalerta.com.br\/index.php\/wp-json\/wp\/v2\/media?parent=77088"}],"wp:term":[{"taxonomy":"category","embeddable":true,"href":"https:\/\/www.portalalerta.com.br\/index.php\/wp-json\/wp\/v2\/categories?post=77088"},{"taxonomy":"post_tag","embeddable":true,"href":"https:\/\/www.portalalerta.com.br\/index.php\/wp-json\/wp\/v2\/tags?post=77088"}],"curies":[{"name":"wp","href":"https:\/\/api.w.org\/{rel}","templated":true}]}}