{"id":77159,"date":"2025-11-17T09:00:00","date_gmt":"2025-11-17T12:00:00","guid":{"rendered":"https:\/\/www.portalalerta.com.br\/?p=77159"},"modified":"2025-11-17T14:04:31","modified_gmt":"2025-11-17T17:04:31","slug":"trump-reduz-tarifas-sobre-importacoes-agricolas-em-ordem-executiva","status":"publish","type":"post","link":"https:\/\/www.portalalerta.com.br\/index.php\/2025\/11\/17\/trump-reduz-tarifas-sobre-importacoes-agricolas-em-ordem-executiva\/","title":{"rendered":"Trump reduz tarifas sobre importa\u00e7\u00f5es agr\u00edcolas em ordem executiva"},"content":{"rendered":"\n<p>O presidente dos Estados Unidos, Donald Trump, tomou uma medida significativa ao assinar uma ordem executiva que reduz as tarifas aplicadas a v\u00e1rias importa\u00e7\u00f5es agr\u00edcolas, incluindo carne bovina, tomates, caf\u00e9 e bananas. Essa decis\u00e3o, publicada na \u00faltima sexta-feira (14), \u00e9 retroativa, com validade a partir da 00h01 de quinta-feira (13).<\/p>\n\n\n\n<!--more-->\n\n\n\n<p>No documento oficial, Trump explica que a redu\u00e7\u00e3o das tarifas foi uma resposta \u00e0s informa\u00e7\u00f5es e recomenda\u00e7\u00f5es fornecidas por autoridades relevantes, \u00e0 situa\u00e7\u00e3o das negocia\u00e7\u00f5es comerciais em curso e \u00e0 atual demanda interna por determinados produtos, bem como \u00e0 capacidade de produ\u00e7\u00e3o local.<\/p>\n\n\n\n<p>A nova ordem do presidente n\u00e3o elimina completamente as tarifas sobre esses produtos, mas alega a exclus\u00e3o de v\u00e1rias mercadorias das taxas tarif\u00e1rias \u201crec\u00edprocas\u201d que foram anunciadas anteriormente, que variavam entre 10% e 50%. O secret\u00e1rio de Com\u00e9rcio e o Representante Comercial dos Estados Unidos, conforme declarado por Trump, devem continuar monitorando o que ele considera uma \u201cemerg\u00eancia\u201d relacionada ao d\u00e9ficit comercial do pa\u00eds.<\/p>\n\n\n\n<p>Al\u00e9m disso, o documento indica que, caso a execu\u00e7\u00e3o da ordem exija o reembolso de valores j\u00e1 quitados, esses reembolsos devem ser processados em conformidade com a legisla\u00e7\u00e3o e os procedimentos padr\u00e3o da Alf\u00e2ndega e Prote\u00e7\u00e3o de Fronteiras dos EUA. Fonte:bahia<\/p>\n\n\n\n<blockquote class=\"tiktok-embed\" cite=\"https:\/\/www.tiktok.com\/@portalalerta\/video\/7573739239188286736\" data-video-id=\"7573739239188286736\" style=\"max-width: 605px;min-width: 325px;\" > <section> <a target=\"_blank\" title=\"@portalalerta\" href=\"https:\/\/www.tiktok.com\/@portalalerta?refer=embed\">@portalalerta<\/a> <p>Trump reduz tarifas sobre importa\u00e7\u00f5es agr\u00edcolas em ordem executiva  O presidente dos Estados Unidos, Donald Trump, tomou uma medida significativa ao assinar uma ordem executiva que reduz as tarifas aplicadas a v\u00e1rias importa\u00e7\u00f5es agr\u00edcolas, incluindo carne bovina, tomates, caf\u00e9 e bananas. Essa decis\u00e3o, publicada na \u00faltima sexta-feira (14), \u00e9 retroativa, com validade a partir da 00h01 de quinta-feira (13).  #mundo #brasil #donaldtrump #eua #tarifaco #portalalerta #portal_alerta #deolhonanoticia<\/p> <a target=\"_blank\" title=\"\u266c som original  - Portal Alerta\" href=\"https:\/\/www.tiktok.com\/music\/som-original-Portal-Alerta-7573739789544524552?refer=embed\">\u266c som original  &#8211; Portal Alerta<\/a> <\/section> <\/blockquote> <script async src=\"https:\/\/www.tiktok.com\/embed.js\"><\/script>\n\n\n\n<p><em>Fonte: Dia a Dia Nordeste<\/em><\/p>\n","protected":false},"excerpt":{"rendered":"<p>O presidente dos Estados Unidos, Donald Trump, tomou uma medida significativa ao assinar uma ordem executiva que reduz as tarifas aplicadas a v\u00e1rias importa\u00e7\u00f5es agr\u00edcolas, incluindo carne bovina, tomates, caf\u00e9 e bananas. Essa decis\u00e3o, publicada na \u00faltima sexta-feira (14), \u00e9 retroativa, com validade a partir da 00h01 de quinta-feira (13).<\/p>\n","protected":false},"author":2,"featured_media":76676,"comment_status":"open","ping_status":"open","sticky":false,"template":"","format":"standard","meta":{"om_disable_all_campaigns":false,"_monsterinsights_skip_tracking":false,"_monsterinsights_sitenote_active":false,"_monsterinsights_sitenote_note":"","_monsterinsights_sitenote_category":0,"footnotes":""},"categories":[34,70,35,69,21],"tags":[100,71,48,93,75,4178,4180,897,327,129,107,4181,132,230,106,203,120,51,109,88,47,111,7931,190],"class_list":["post-77159","post","type-post","status-publish","format-standard","has-post-thumbnail","hentry","category-brasil","category-destaques","category-mundo","category-noticias2","category-politica","tag-adustina","tag-antas","tag-araci","tag-brasil","tag-cicero-dantas","tag-cipo-2","tag-crisopolis-2","tag-donald-trump","tag-eua","tag-euclides-da-cunha","tag-fatima","tag-heliopolis-2","tag-itapicuru","tag-jeremoabo","tag-nova-soure","tag-novo-triunfo","tag-olindina","tag-paripiranga","tag-quijingue","tag-ribeira-do-amparo","tag-ribeira-do-pombal","tag-sitio-do-quinto","tag-tarifaco","tag-tucano"],"aioseo_notices":[],"_links":{"self":[{"href":"https:\/\/www.portalalerta.com.br\/index.php\/wp-json\/wp\/v2\/posts\/77159","targetHints":{"allow":["GET"]}}],"collection":[{"href":"https:\/\/www.portalalerta.com.br\/index.php\/wp-json\/wp\/v2\/posts"}],"about":[{"href":"https:\/\/www.portalalerta.com.br\/index.php\/wp-json\/wp\/v2\/types\/post"}],"author":[{"embeddable":true,"href":"https:\/\/www.portalalerta.com.br\/index.php\/wp-json\/wp\/v2\/users\/2"}],"replies":[{"embeddable":true,"href":"https:\/\/www.portalalerta.com.br\/index.php\/wp-json\/wp\/v2\/comments?post=77159"}],"version-history":[{"count":2,"href":"https:\/\/www.portalalerta.com.br\/index.php\/wp-json\/wp\/v2\/posts\/77159\/revisions"}],"predecessor-version":[{"id":77189,"href":"https:\/\/www.portalalerta.com.br\/index.php\/wp-json\/wp\/v2\/posts\/77159\/revisions\/77189"}],"wp:featuredmedia":[{"embeddable":true,"href":"https:\/\/www.portalalerta.com.br\/index.php\/wp-json\/wp\/v2\/media\/76676"}],"wp:attachment":[{"href":"https:\/\/www.portalalerta.com.br\/index.php\/wp-json\/wp\/v2\/media?parent=77159"}],"wp:term":[{"taxonomy":"category","embeddable":true,"href":"https:\/\/www.portalalerta.com.br\/index.php\/wp-json\/wp\/v2\/categories?post=77159"},{"taxonomy":"post_tag","embeddable":true,"href":"https:\/\/www.portalalerta.com.br\/index.php\/wp-json\/wp\/v2\/tags?post=77159"}],"curies":[{"name":"wp","href":"https:\/\/api.w.org\/{rel}","templated":true}]}}