{"id":77180,"date":"2025-11-17T16:00:00","date_gmt":"2025-11-17T19:00:00","guid":{"rendered":"https:\/\/www.portalalerta.com.br\/?p=77180"},"modified":"2025-11-17T19:10:17","modified_gmt":"2025-11-17T22:10:17","slug":"marco-ambiental-fatimaba-e-o-primeiro-municipio-do-territorio-semiarido-nordeste-ii-a-fechar-seu-lixao","status":"publish","type":"post","link":"https:\/\/www.portalalerta.com.br\/index.php\/2025\/11\/17\/marco-ambiental-fatimaba-e-o-primeiro-municipio-do-territorio-semiarido-nordeste-ii-a-fechar-seu-lixao\/","title":{"rendered":"Marco ambiental: F\u00e1tima(BA) \u00e9 o primeiro munic\u00edpio do Territ\u00f3rio Semi\u00e1rido Nordeste II a fechar seu lix\u00e3o"},"content":{"rendered":"\n<p>O munic\u00edpio de F\u00e1tima,&nbsp;<strong><a href=\"https:\/\/www.gmcmais.com\/search\/label\/Bahia\">Bahia<\/a><\/strong>,&nbsp;est\u00e1 vivendo um marco hist\u00f3rico na \u00e1rea ambiental. O antigo lix\u00e3o, localizado \u00e0s margens da estrada que liga a sede do munic\u00edpio aos povoados Caruaru e Bananeira, foi oficialmente fechado pelo prefeito&nbsp;<strong>Binho de Alfredo<\/strong>&nbsp;(PT). A a\u00e7\u00e3o representa um avan\u00e7o significativo na gest\u00e3o dos res\u00edduos s\u00f3lidos e coloca F\u00e1tima como refer\u00eancia regional, sendo o primeiro munic\u00edpio do Territ\u00f3rio Semi\u00e1rido Nordeste II a realizar o encerramento completo de seu lix\u00e3o.<\/p>\n\n\n\n<!--more-->\n\n\n\n<p>Por d\u00e9cadas, o espa\u00e7o funcionou como ponto de descarte irregular de res\u00edduos, gerando impactos ambientais, sociais e riscos \u00e0 sa\u00fade p\u00fablica. Agora, o local passar\u00e1 por um processo de recupera\u00e7\u00e3o ambiental acompanhado pelos t\u00e9cnicos do&nbsp;&nbsp;Departamento do Meio Ambiente.<\/p>\n\n\n\n<p>O encerramento das atividades no lix\u00e3o faz parte de uma&nbsp;<strong><a href=\"https:\/\/www.gmcmais.com\/search\/label\/Pol%C3%ADtica\">pol\u00edtica<\/a><\/strong>&nbsp;de responsabilidade ambiental que tamb\u00e9m inclui a constru\u00e7\u00e3o de uma esta\u00e7\u00e3o de transbordo. Nesse novo espa\u00e7o, todos os res\u00edduos coletados no munic\u00edpio passam a ser recebidos e encaminhados para o aterro sanit\u00e1rio mais pr\u00f3ximo, garantindo o destino final ambientalmente correto do lixo produzido pela popula\u00e7\u00e3o fatimense.<\/p>\n\n\n\n<p>Al\u00e9m disso, o munic\u00edpio j\u00e1 est\u00e1 em tratativas com cooperativas de catadores para iniciar o processo de reciclagem e implanta\u00e7\u00e3o da coleta seletiva, fortalecendo a economia circular, gerando empregos e renda, e consolidando um modelo de gest\u00e3o de res\u00edduos mais sustent\u00e1vel.<\/p>\n\n\n\n<p>De acordo com o prefeito F\u00e1bio Jos\u00e9 Reis de Araujo, prefeito municipal, a iniciativa reafirma o compromisso da gest\u00e3o com o cuidado ambiental e com a qualidade de vida dos fatimenses. \u201c<strong>Estamos virando uma p\u00e1gina da hist\u00f3ria do nosso munic\u00edpio e abrindo uma nova etapa de cuidado com o meio ambiente [\u2026], corrigindo um problema hist\u00f3rico e construindo um futuro mais limpo, seguro e sustent\u00e1vel para nossa cidade.<\/strong>\u201d, destacou.<\/p>\n\n\n\n<p>Com o fechamento do lix\u00e3o e a implanta\u00e7\u00e3o de uma nova estrutura para o manejo dos res\u00edduos, F\u00e1tima d\u00e1 um passo importante em sua pol\u00edtica ambiental, alinhada \u00e0s diretrizes nacionais de saneamento e preserva\u00e7\u00e3o do&nbsp;meio&nbsp;ambiente.<\/p>\n\n\n\n<blockquote class=\"tiktok-embed\" cite=\"https:\/\/www.tiktok.com\/@portalalerta\/video\/7573816784923512065\" data-video-id=\"7573816784923512065\" style=\"max-width: 605px;min-width: 325px;\" > <section> <a target=\"_blank\" title=\"@portalalerta\" href=\"https:\/\/www.tiktok.com\/@portalalerta?refer=embed\">@portalalerta<\/a> <p>Marco ambiental: F\u00e1tima(BA) \u00e9 o primeiro munic\u00edpio do Territ\u00f3rio Semi\u00e1rido Nordeste II a fechar seu lix\u00e3o O munic\u00edpio de F\u00e1tima, Bahia, est\u00e1 vivendo um marco hist\u00f3rico na \u00e1rea ambiental. O antigo lix\u00e3o, localizado \u00e0s margens da estrada que liga a sede do munic\u00edpio aos povoados Caruaru e Bananeira, foi oficialmente fechado pelo prefeito Binho de Alfredo (PT). A a\u00e7\u00e3o representa um avan\u00e7o significativo na gest\u00e3o dos res\u00edduos s\u00f3lidos e coloca F\u00e1tima como refer\u00eancia regional, sendo o primeiro munic\u00edpio do Territ\u00f3rio Semi\u00e1rido Nordeste II a realizar o encerramento completo de seu lix\u00e3o. #fatimabahia #lixao #pefeitura #portalalerta #portal_alerta #deolhonanoticia<\/p> <a target=\"_blank\" title=\"\u266c som original  - Portal Alerta\" href=\"https:\/\/www.tiktok.com\/music\/som-original-Portal-Alerta-7573817436680637204?refer=embed\">\u266c som original  &#8211; Portal Alerta<\/a> <\/section> <\/blockquote> <script async src=\"https:\/\/www.tiktok.com\/embed.js\"><\/script>\n\n\n\n<p><em>Fonte: Rodrygo Ferraz<\/em><\/p>\n\n\n\n<p><em>Com informa\u00e7\u00f5es de: Portal GMC Mais<\/em><\/p>\n","protected":false},"excerpt":{"rendered":"<p>O munic\u00edpio de F\u00e1tima,&nbsp;Bahia,&nbsp;est\u00e1 vivendo um marco hist\u00f3rico na \u00e1rea ambiental. O antigo lix\u00e3o, localizado \u00e0s margens da estrada que liga a sede do munic\u00edpio aos povoados Caruaru e Bananeira, foi oficialmente fechado pelo prefeito&nbsp;Binho de Alfredo&nbsp;(PT). A a\u00e7\u00e3o representa um avan\u00e7o significativo na gest\u00e3o dos res\u00edduos s\u00f3lidos e coloca F\u00e1tima como refer\u00eancia regional, sendo &hellip;<\/p>\n","protected":false},"author":2,"featured_media":77166,"comment_status":"open","ping_status":"open","sticky":false,"template":"","format":"standard","meta":{"om_disable_all_campaigns":false,"_monsterinsights_skip_tracking":false,"_monsterinsights_sitenote_active":false,"_monsterinsights_sitenote_note":"","_monsterinsights_sitenote_category":0,"footnotes":""},"categories":[70,10,69,32],"tags":[100,71,48,75,4178,4180,129,107,4181,132,230,2180,106,203,120,51,198,109,88,47,111,190],"class_list":["post-77180","post","type-post","status-publish","format-standard","has-post-thumbnail","hentry","category-destaques","category-fatima","category-noticias2","category-regiao","tag-adustina","tag-antas","tag-araci","tag-cicero-dantas","tag-cipo-2","tag-crisopolis-2","tag-euclides-da-cunha","tag-fatima","tag-heliopolis-2","tag-itapicuru","tag-jeremoabo","tag-lixao","tag-nova-soure","tag-novo-triunfo","tag-olindina","tag-paripiranga","tag-prefeito","tag-quijingue","tag-ribeira-do-amparo","tag-ribeira-do-pombal","tag-sitio-do-quinto","tag-tucano"],"aioseo_notices":[],"_links":{"self":[{"href":"https:\/\/www.portalalerta.com.br\/index.php\/wp-json\/wp\/v2\/posts\/77180","targetHints":{"allow":["GET"]}}],"collection":[{"href":"https:\/\/www.portalalerta.com.br\/index.php\/wp-json\/wp\/v2\/posts"}],"about":[{"href":"https:\/\/www.portalalerta.com.br\/index.php\/wp-json\/wp\/v2\/types\/post"}],"author":[{"embeddable":true,"href":"https:\/\/www.portalalerta.com.br\/index.php\/wp-json\/wp\/v2\/users\/2"}],"replies":[{"embeddable":true,"href":"https:\/\/www.portalalerta.com.br\/index.php\/wp-json\/wp\/v2\/comments?post=77180"}],"version-history":[{"count":2,"href":"https:\/\/www.portalalerta.com.br\/index.php\/wp-json\/wp\/v2\/posts\/77180\/revisions"}],"predecessor-version":[{"id":77196,"href":"https:\/\/www.portalalerta.com.br\/index.php\/wp-json\/wp\/v2\/posts\/77180\/revisions\/77196"}],"wp:featuredmedia":[{"embeddable":true,"href":"https:\/\/www.portalalerta.com.br\/index.php\/wp-json\/wp\/v2\/media\/77166"}],"wp:attachment":[{"href":"https:\/\/www.portalalerta.com.br\/index.php\/wp-json\/wp\/v2\/media?parent=77180"}],"wp:term":[{"taxonomy":"category","embeddable":true,"href":"https:\/\/www.portalalerta.com.br\/index.php\/wp-json\/wp\/v2\/categories?post=77180"},{"taxonomy":"post_tag","embeddable":true,"href":"https:\/\/www.portalalerta.com.br\/index.php\/wp-json\/wp\/v2\/tags?post=77180"}],"curies":[{"name":"wp","href":"https:\/\/api.w.org\/{rel}","templated":true}]}}