{"id":77184,"date":"2025-11-17T16:02:00","date_gmt":"2025-11-17T19:02:00","guid":{"rendered":"https:\/\/www.portalalerta.com.br\/?p=77184"},"modified":"2025-11-17T19:11:59","modified_gmt":"2025-11-17T22:11:59","slug":"foragido-por-crime-cometido-em-cicero-dantas-ba-e-capturado-durante-o-pre-caju","status":"publish","type":"post","link":"https:\/\/www.portalalerta.com.br\/index.php\/2025\/11\/17\/foragido-por-crime-cometido-em-cicero-dantas-ba-e-capturado-durante-o-pre-caju\/","title":{"rendered":"Foragido por crime cometido em C\u00edcero Dantas-BA, \u00e9 capturado durante o Pr\u00e9-caju"},"content":{"rendered":"\n<p>A abertura do Pr\u00e9-Caju 2025 passou no teste da seguran\u00e7a. Nada de grandes confus\u00f5es, nada de ocorr\u00eancias cabeludas \u2014 s\u00f3 o b\u00e1sico de qualquer multid\u00e3o: furtos, perda de documentos e um detalhe que chamou aten\u00e7\u00e3o das for\u00e7as policiais. Um homem com mandado de pris\u00e3o em aberto acabou parado justamente no meio do circuito festivo.<\/p>\n\n\n\n<!--more-->\n\n\n\n<p>Segundo a delegada Nalile Castro, coordenadora operacional das Delegacias da Capital, o suspeito foi abordado em uma checagem de rotina da Pol\u00edcia Militar. Bastou uma consulta ao sistema para aparecer o alerta: ele era procurado pela Justi\u00e7a da comarca de C\u00edcero Dantas, na Bahia. Conduzido \u00e0 Delegacia de Turismo (Detur), teve a pris\u00e3o formalizada e agora aguarda audi\u00eancia de cust\u00f3dia. O processo que pesa contra ele envolve crime tentado na condu\u00e7\u00e3o de ve\u00edculo automotor.<\/p>\n\n\n\n<p><strong>Opera\u00e7\u00e3o afinada e olho em tudo<\/strong><\/p>\n\n\n<div class=\"wp-block-image\">\n<figure class=\"alignleft size-large is-resized\"><img fetchpriority=\"high\" decoding=\"async\" width=\"1024\" height=\"1024\" src=\"https:\/\/www.portalalerta.com.br\/wp-content\/uploads\/2024\/04\/autoescola-emprego-1024x1024.jpg\" alt=\"\" class=\"wp-image-55693\" style=\"width:404px;height:404px\" srcset=\"https:\/\/www.portalalerta.com.br\/wp-content\/uploads\/2024\/04\/autoescola-emprego-1024x1024.jpg 1024w, https:\/\/www.portalalerta.com.br\/wp-content\/uploads\/2024\/04\/autoescola-emprego-240x240.jpg 240w, https:\/\/www.portalalerta.com.br\/wp-content\/uploads\/2024\/04\/autoescola-emprego-768x768.jpg 768w, https:\/\/www.portalalerta.com.br\/wp-content\/uploads\/2024\/04\/autoescola-emprego.jpg 1080w\" sizes=\"(max-width: 1024px) 100vw, 1024px\" \/><\/figure><\/div>\n\n\n<p>A Pol\u00edcia Civil botou peso na rua: 249 policiais espalhados pelos tr\u00eas dias de evento. Todo esse efetivo \u00e9 acompanhado pelo Centro de Comando e Controle montado na Supci, onde tecnologia, c\u00e2meras, investiga\u00e7\u00e3o e comunica\u00e7\u00e3o direta com outras for\u00e7as funcionam em modo turbo.<\/p>\n\n\n\n<p>A integra\u00e7\u00e3o com a Pol\u00edcia Cient\u00edfica tamb\u00e9m ganhou destaque em 2025. Com equipes atuando dentro do circuito, an\u00e1lises e procedimentos ficam mais r\u00e1pidos em situa\u00e7\u00f5es que exigem suporte t\u00e9cnico imediato.<\/p>\n\n\n\n<p><strong>Copo Limpo em a\u00e7\u00e3o<\/strong><\/p>\n\n\n\n<p>Um dos bra\u00e7os mais vis\u00edveis da atua\u00e7\u00e3o conjunta foi a Opera\u00e7\u00e3o Copo Limpo, que re\u00fane Pol\u00edcia Civil, Pol\u00edcia Militar, Procon, Senacon e outros \u00f3rg\u00e3os fiscalizadores. O objetivo \u00e9 direto: garantir que as bebidas vendidas ao p\u00fablico estejam dentro dos padr\u00f5es de seguran\u00e7a, longe de adultera\u00e7\u00f5es e espertezas que colocam o foli\u00e3o em risco.<\/p>\n\n\n\n<p>As fiscaliza\u00e7\u00f5es continuam firmes em bares, barracas e pontos de venda \u2014 um trabalho que pretende blindar o consumo e proteger quem vai pra avenida apenas para curtir.<\/p>\n\n\n\n<blockquote class=\"tiktok-embed\" cite=\"https:\/\/www.tiktok.com\/@portalalerta\/video\/7573817793154501889\" data-video-id=\"7573817793154501889\" style=\"max-width: 605px;min-width: 325px;\" > <section> <a target=\"_blank\" title=\"@portalalerta\" href=\"https:\/\/www.tiktok.com\/@portalalerta?refer=embed\">@portalalerta<\/a> <p>Foragido por crime cometido em C\u00edcero Dantas-BA, \u00e9 capturado durante o Pr\u00e9-caju A abertura do Pr\u00e9-Caju 2025 passou no teste da seguran\u00e7a. Nada de grandes confus\u00f5es, nada de ocorr\u00eancias cabeludas \u2014 s\u00f3 o b\u00e1sico de qualquer multid\u00e3o: furtos, perda de documentos e um detalhe que chamou aten\u00e7\u00e3o das for\u00e7as policiais. Um homem com mandado de pris\u00e3o em aberto acabou parado justamente no meio do circuito festivo. #cicerodantasbahia #precaju #aracajusergipe #preso #mandadodeprisao #policiamilitar #pmse #portalalerta #portal_alerta #deolhonanoticia<\/p> <a target=\"_blank\" title=\"\u266c som original  - Portal Alerta\" href=\"https:\/\/www.tiktok.com\/music\/som-original-Portal-Alerta-7573818543345847058?refer=embed\">\u266c som original  &#8211; Portal Alerta<\/a> <\/section> <\/blockquote> <script async src=\"https:\/\/www.tiktok.com\/embed.js\"><\/script>\n\n\n\n<p><em>Fonte: itnet &nbsp;<\/em><\/p>\n","protected":false},"excerpt":{"rendered":"<p>A abertura do Pr\u00e9-Caju 2025 passou no teste da seguran\u00e7a. Nada de grandes confus\u00f5es, nada de ocorr\u00eancias cabeludas \u2014 s\u00f3 o b\u00e1sico de qualquer multid\u00e3o: furtos, perda de documentos e um detalhe que chamou aten\u00e7\u00e3o das for\u00e7as policiais. Um homem com mandado de pris\u00e3o em aberto acabou parado justamente no meio do circuito festivo.<\/p>\n","protected":false},"author":2,"featured_media":77171,"comment_status":"open","ping_status":"open","sticky":false,"template":"","format":"standard","meta":{"om_disable_all_campaigns":false,"_monsterinsights_skip_tracking":false,"_monsterinsights_sitenote_active":false,"_monsterinsights_sitenote_note":"","_monsterinsights_sitenote_category":0,"footnotes":""},"categories":[34,4,70,69,32,22],"tags":[100,71,48,93,385,75,4178,4180,129,107,384,4181,132,230,106,203,120,51,8469,77,109,278,88,47,114,111,190],"class_list":["post-77184","post","type-post","status-publish","format-standard","has-post-thumbnail","hentry","category-brasil","category-cicero-dantas","category-destaques","category-noticias2","category-regiao","category-seguranca","tag-adustina","tag-antas","tag-araci","tag-brasil","tag-capturado","tag-cicero-dantas","tag-cipo-2","tag-crisopolis-2","tag-euclides-da-cunha","tag-fatima","tag-foragido","tag-heliopolis-2","tag-itapicuru","tag-jeremoabo","tag-nova-soure","tag-novo-triunfo","tag-olindina","tag-paripiranga","tag-pre-caju","tag-preso","tag-quijingue","tag-regiao","tag-ribeira-do-amparo","tag-ribeira-do-pombal","tag-sergipe","tag-sitio-do-quinto","tag-tucano"],"aioseo_notices":[],"_links":{"self":[{"href":"https:\/\/www.portalalerta.com.br\/index.php\/wp-json\/wp\/v2\/posts\/77184","targetHints":{"allow":["GET"]}}],"collection":[{"href":"https:\/\/www.portalalerta.com.br\/index.php\/wp-json\/wp\/v2\/posts"}],"about":[{"href":"https:\/\/www.portalalerta.com.br\/index.php\/wp-json\/wp\/v2\/types\/post"}],"author":[{"embeddable":true,"href":"https:\/\/www.portalalerta.com.br\/index.php\/wp-json\/wp\/v2\/users\/2"}],"replies":[{"embeddable":true,"href":"https:\/\/www.portalalerta.com.br\/index.php\/wp-json\/wp\/v2\/comments?post=77184"}],"version-history":[{"count":2,"href":"https:\/\/www.portalalerta.com.br\/index.php\/wp-json\/wp\/v2\/posts\/77184\/revisions"}],"predecessor-version":[{"id":77198,"href":"https:\/\/www.portalalerta.com.br\/index.php\/wp-json\/wp\/v2\/posts\/77184\/revisions\/77198"}],"wp:featuredmedia":[{"embeddable":true,"href":"https:\/\/www.portalalerta.com.br\/index.php\/wp-json\/wp\/v2\/media\/77171"}],"wp:attachment":[{"href":"https:\/\/www.portalalerta.com.br\/index.php\/wp-json\/wp\/v2\/media?parent=77184"}],"wp:term":[{"taxonomy":"category","embeddable":true,"href":"https:\/\/www.portalalerta.com.br\/index.php\/wp-json\/wp\/v2\/categories?post=77184"},{"taxonomy":"post_tag","embeddable":true,"href":"https:\/\/www.portalalerta.com.br\/index.php\/wp-json\/wp\/v2\/tags?post=77184"}],"curies":[{"name":"wp","href":"https:\/\/api.w.org\/{rel}","templated":true}]}}