{"id":77200,"date":"2025-11-18T06:00:00","date_gmt":"2025-11-18T09:00:00","guid":{"rendered":"https:\/\/www.portalalerta.com.br\/?p=77200"},"modified":"2025-11-18T09:39:27","modified_gmt":"2025-11-18T12:39:27","slug":"estado-da-bahia-oferece-formacao-completa-em-medicina-em-cuba-para-jovens-de-baixa-renda","status":"publish","type":"post","link":"https:\/\/www.portalalerta.com.br\/index.php\/2025\/11\/18\/estado-da-bahia-oferece-formacao-completa-em-medicina-em-cuba-para-jovens-de-baixa-renda\/","title":{"rendered":"Estado da Bahia oferece forma\u00e7\u00e3o completa em Medicina em Cuba para jovens de baixa renda"},"content":{"rendered":"\n<p>A Secretaria da Sa\u00fade do Estado da Bahia (Sesab) anunciou, na ter\u00e7a-feira (11), a abertura de 60 vagas para estudantes de baixa renda interessados em cursar Medicina em Cuba.<\/p>\n\n\n\n<!--more-->\n\n\n\n<p>A iniciativa faz parte de um programa que busca formar profissionais comprometidos com o fortalecimento da sa\u00fade p\u00fablica, especialmente em comunidades rurais e regi\u00f5es de dif\u00edcil acesso.<\/p>\n\n\n\n<p>As inscri\u00e7\u00f5es estar\u00e3o abertas entre os dias 17 e 21 de novembro, exclusivamente pela internet. Podem se candidatar brasileiros de baixa renda, preferencialmente residentes em \u00e1reas rurais da Bahia, que tenham hist\u00f3rico de engajamento em movimentos sociais.<\/p>\n\n\n\n<p>O programa garante arcar com os custos da matr\u00edcula e mensalidades; hospedagem e alimenta\u00e7\u00e3o; seguro sa\u00fade; passagens a\u00e9reas de ida e volta; material did\u00e1tico essencial \u00e9 uma bolsa mensal para despesas pessoais.<\/p>\n\n\n\n<p>Como contrapartida, os estudantes que conclu\u00edrem a forma\u00e7\u00e3o dever\u00e3o atuar por pelo menos dois anos em \u00e1reas rurais da Bahia, refor\u00e7ando o atendimento em locais com escassez de m\u00e9dicos e contribuindo para a redu\u00e7\u00e3o das desigualdades no acesso \u00e0 sa\u00fade.<\/p>\n\n\n\n<blockquote class=\"tiktok-embed\" cite=\"https:\/\/www.tiktok.com\/@portalalerta\/video\/7574041693591178516\" data-video-id=\"7574041693591178516\" style=\"max-width: 605px;min-width: 325px;\" > <section> <a target=\"_blank\" title=\"@portalalerta\" href=\"https:\/\/www.tiktok.com\/@portalalerta?refer=embed\">@portalalerta<\/a> <p>Estado da Bahia oferece forma\u00e7\u00e3o completa em Medicina em Cuba para jovens de baixa renda  A Secretaria da Sa\u00fade do Estado da Bahia (Sesab) anunciou, na ter\u00e7a-feira (11), a abertura de 60 vagas para estudantes de baixa renda interessados em cursar Medicina em Cuba.  #bahia #cuba #medicina #portalalerta #portal_alerta #deolhonanoticia<\/p> <a target=\"_blank\" title=\"\u266c som original  - Portal Alerta\" href=\"https:\/\/www.tiktok.com\/music\/som-original-Portal-Alerta-7574041738701638408?refer=embed\">\u266c som original  &#8211; Portal Alerta<\/a> <\/section> <\/blockquote> <script async src=\"https:\/\/www.tiktok.com\/embed.js\"><\/script><script async src=\"\/\/www.instagram.com\/embed.js\"><\/script>\n\n\n\n<p><em>euclidesdacunha.com.br<\/em><\/p>\n","protected":false},"excerpt":{"rendered":"<p>A Secretaria da Sa\u00fade do Estado da Bahia (Sesab) anunciou, na ter\u00e7a-feira (11), a abertura de 60 vagas para estudantes de baixa renda interessados em cursar Medicina em Cuba.<\/p>\n","protected":false},"author":2,"featured_media":68542,"comment_status":"open","ping_status":"open","sticky":false,"template":"","format":"standard","meta":{"om_disable_all_campaigns":false,"_monsterinsights_skip_tracking":false,"_monsterinsights_sitenote_active":false,"_monsterinsights_sitenote_note":"","_monsterinsights_sitenote_category":0,"footnotes":""},"categories":[33,70,20,69,19],"tags":[100,71,48,54,93,75,4178,4180,754,129,107,1988,4181,132,230,2075,106,203,120,51,109,88,47,111,190],"class_list":["post-77200","post","type-post","status-publish","format-standard","has-post-thumbnail","hentry","category-bahia","category-destaques","category-educacao","category-noticias2","category-saude","tag-adustina","tag-antas","tag-araci","tag-bahia","tag-brasil","tag-cicero-dantas","tag-cipo-2","tag-crisopolis-2","tag-cuba","tag-euclides-da-cunha","tag-fatima","tag-governo-do-estado","tag-heliopolis-2","tag-itapicuru","tag-jeremoabo","tag-medicina","tag-nova-soure","tag-novo-triunfo","tag-olindina","tag-paripiranga","tag-quijingue","tag-ribeira-do-amparo","tag-ribeira-do-pombal","tag-sitio-do-quinto","tag-tucano"],"aioseo_notices":[],"_links":{"self":[{"href":"https:\/\/www.portalalerta.com.br\/index.php\/wp-json\/wp\/v2\/posts\/77200","targetHints":{"allow":["GET"]}}],"collection":[{"href":"https:\/\/www.portalalerta.com.br\/index.php\/wp-json\/wp\/v2\/posts"}],"about":[{"href":"https:\/\/www.portalalerta.com.br\/index.php\/wp-json\/wp\/v2\/types\/post"}],"author":[{"embeddable":true,"href":"https:\/\/www.portalalerta.com.br\/index.php\/wp-json\/wp\/v2\/users\/2"}],"replies":[{"embeddable":true,"href":"https:\/\/www.portalalerta.com.br\/index.php\/wp-json\/wp\/v2\/comments?post=77200"}],"version-history":[{"count":3,"href":"https:\/\/www.portalalerta.com.br\/index.php\/wp-json\/wp\/v2\/posts\/77200\/revisions"}],"predecessor-version":[{"id":77221,"href":"https:\/\/www.portalalerta.com.br\/index.php\/wp-json\/wp\/v2\/posts\/77200\/revisions\/77221"}],"wp:featuredmedia":[{"embeddable":true,"href":"https:\/\/www.portalalerta.com.br\/index.php\/wp-json\/wp\/v2\/media\/68542"}],"wp:attachment":[{"href":"https:\/\/www.portalalerta.com.br\/index.php\/wp-json\/wp\/v2\/media?parent=77200"}],"wp:term":[{"taxonomy":"category","embeddable":true,"href":"https:\/\/www.portalalerta.com.br\/index.php\/wp-json\/wp\/v2\/categories?post=77200"},{"taxonomy":"post_tag","embeddable":true,"href":"https:\/\/www.portalalerta.com.br\/index.php\/wp-json\/wp\/v2\/tags?post=77200"}],"curies":[{"name":"wp","href":"https:\/\/api.w.org\/{rel}","templated":true}]}}