{"id":77206,"date":"2025-11-18T06:02:00","date_gmt":"2025-11-18T09:02:00","guid":{"rendered":"https:\/\/www.portalalerta.com.br\/?p=77206"},"modified":"2025-11-18T09:41:05","modified_gmt":"2025-11-18T12:41:05","slug":"robinho-e-transferido-para-unidade-prisional-de-limeira","status":"publish","type":"post","link":"https:\/\/www.portalalerta.com.br\/index.php\/2025\/11\/18\/robinho-e-transferido-para-unidade-prisional-de-limeira\/","title":{"rendered":"Robinho \u00e9 transferido para unidade prisional de Limeira"},"content":{"rendered":"\n<p><strong>Ele cumpria pena na Penitenci\u00e1ria Dr. Jos\u00e9 Augusto C\u00e9sar Salgado, conhecida como P2 de Trememb\u00e9<\/strong><\/p>\n\n\n\n<!--more-->\n\n\n\n<p><strong>O ex-jogador Robinho foi transferido para o Centro de Ressocializa\u00e7\u00e3o de Limeira nesta segunda-feira (17).<\/strong><\/p>\n\n\n\n<p><strong><a href=\"https:\/\/api.whatsapp.com\/send?text=robinho%20e%20transferido%20para%20unidade%20prisional%20de%20limeira%20https:\/\/www.band.com.br\/band-vale\/noticias\/robinho-e-transferido-para-unidade-prisional-de-limeira-202511171539\" target=\"_blank\" rel=\"noreferrer noopener\"><\/a><\/strong><\/p>\n\n\n\n<p><strong><a href=\"https:\/\/telegram.me\/share\/url?url=https:\/\/www.band.com.br\/band-vale\/noticias\/robinho-e-transferido-para-unidade-prisional-de-limeira-202511171539&amp;text=robinho%20e%20transferido%20para%20unidade%20prisional%20de%20limeira\" target=\"_blank\" rel=\"noreferrer noopener\"><\/a><\/strong><\/p>\n\n\n\n<p><strong>Segundo a SAP (Secretaria de Administra\u00e7\u00e3o Penitenci\u00e1ria), a transfer\u00eancia foi realizada ap\u00f3s pedido da defesa do custodiado.<\/strong><\/p>\n\n\n<div class=\"wp-block-image\">\n<figure class=\"alignleft size-large is-resized\"><img fetchpriority=\"high\" decoding=\"async\" width=\"1024\" height=\"1024\" src=\"https:\/\/www.portalalerta.com.br\/wp-content\/uploads\/2024\/04\/autoescola-emprego-1024x1024.jpg\" alt=\"\" class=\"wp-image-55693\" style=\"object-fit:cover;width:435px;height:435px\" srcset=\"https:\/\/www.portalalerta.com.br\/wp-content\/uploads\/2024\/04\/autoescola-emprego-1024x1024.jpg 1024w, https:\/\/www.portalalerta.com.br\/wp-content\/uploads\/2024\/04\/autoescola-emprego-240x240.jpg 240w, https:\/\/www.portalalerta.com.br\/wp-content\/uploads\/2024\/04\/autoescola-emprego-768x768.jpg 768w, https:\/\/www.portalalerta.com.br\/wp-content\/uploads\/2024\/04\/autoescola-emprego.jpg 1080w\" sizes=\"(max-width: 1024px) 100vw, 1024px\" \/><\/figure><\/div>\n\n\n<p><strong>Robinho estava preso na Penitenci\u00e1ria Dr. Jos\u00e9 Augusto C\u00e9sar Salgado, conhecida como P2 de Trememb\u00e9,&nbsp;<a href=\"https:\/\/www.band.com.br\/band-vale\/noticias\/robinho-e-thiago-brennand-negam-ter-privilegios-na-cadeia-do-famosos-em-tremembe-sp-202510290753\">popularizada como a \u201ccadeia dos famosos\u201d<\/a>.<\/strong><\/p>\n\n\n\n<p><strong>Robinho foi condenado por estupro de uma jovem albanesa, em Mil\u00e3o, em 2013, quando atuava pelo Milan. O ex-atacante foi acusado junto com outros cinco amigos. Um deles, Roberto Falco, tamb\u00e9m est\u00e1 preso, e os outros ainda n\u00e3o foram julgados.<\/strong><\/p>\n\n\n\n<p><strong>Ap\u00f3s perder em todas as inst\u00e2ncias na justi\u00e7a italiana, o Minist\u00e9rio de Justi\u00e7a do pa\u00eds pediu, ent\u00e3o, que a senten\u00e7a de nove anos de pris\u00e3o fosse cumprida no Brasil ap\u00f3s ver seu pedido de extradi\u00e7\u00e3o ser negado pelo Brasil. Desde abril de 2024, o ex-jogador estava no pres\u00eddio do Vale do Para\u00edba.<\/strong><\/p>\n\n\n\n<p><strong>No in\u00edcio do m\u00eas, a<a href=\"https:\/\/www.band.com.br\/band-vale\/noticias\/justica-concede-reducao-de-pena-a-robinho-por-estudos-e-leitura-na-prisao-202511051906\">&nbsp;Justi\u00e7a concedeu uma redu\u00e7\u00e3o de 69 dias na pena&nbsp;<\/a>de 9 anos \u00e0 qual Robinho foi condenado, devido \u00e0 realiza\u00e7\u00e3o de estudos.<\/strong><\/p>\n\n\n\n<p><strong>&#8220;Presos famosos&#8221;<\/strong><\/p>\n\n\n\n<p><strong>A penitenci\u00e1ria de Trememb\u00e9 (SP) \u00e9 conhecida nacionalmente por abrigar&nbsp;detentos de casos de grande repercuss\u00e3o, como&nbsp;Robinho,&nbsp;Alexandre Nardoni, Gil Rugai, Lindemberg Alves, Suzane von Richthofen, Elize Matsunaga, Ana Carolina Jatob\u00e1, Fernando Sastre e Thiago Brennand, entre outros.<\/strong><\/p>\n\n\n\n<p><strong>A transfer\u00eancia de detentos para Trememb\u00e9 visa garantir a seguran\u00e7a e a privacidade dos prisioneiros. Os procedimentos e o tratamento dos presos s\u00e3o os mesmos aplicados em outras unidades do estado de S\u00e3o Paulo, com a diferen\u00e7a no perfil dos detentos nessas unidades, com o intuito de prevenir conflitos.<\/strong><\/p>\n\n\n\n<p><strong>O Complexo Penitenci\u00e1rio de Trememb\u00e9 \u00e9&nbsp;composto por cinco pres\u00eddios, sendo eles:<\/strong><\/p>\n\n\n\n<ul class=\"wp-block-list\">\n<li><strong>Trememb\u00e9 I<\/strong><\/li>\n\n\n\n<li><strong>Trememb\u00e9 II<\/strong><\/li>\n\n\n\n<li><strong>Trememb\u00e9 Feminina I<\/strong><\/li>\n\n\n\n<li><strong>Trememb\u00e9 Feminina II<\/strong><\/li>\n\n\n\n<li><strong>CPP de Trememb\u00e9<\/strong><\/li>\n<\/ul>\n\n\n\n<blockquote class=\"tiktok-embed\" cite=\"https:\/\/www.tiktok.com\/@portalalerta\/video\/7574042587183566101\" data-video-id=\"7574042587183566101\" style=\"max-width: 605px;min-width: 325px;\" > <section> <a target=\"_blank\" title=\"@portalalerta\" href=\"https:\/\/www.tiktok.com\/@portalalerta?refer=embed\">@portalalerta<\/a> <p>Robinho \u00e9 transferido para unidade prisional de Limeira Segundo a SAP (Secretaria de Administra\u00e7\u00e3o Penitenci\u00e1ria), a transfer\u00eancia foi realizada ap\u00f3s pedido da defesa do custodiado.  #brasil #robinho #transferencia #preso #tremembe #portalalerta #limeira #portal_alerta #deolhonanoticia<\/p> <a target=\"_blank\" title=\"\u266c som original  - Portal Alerta\" href=\"https:\/\/www.tiktok.com\/music\/som-original-Portal-Alerta-7574042634500049665?refer=embed\">\u266c som original  &#8211; Portal Alerta<\/a> <\/section> <\/blockquote> <script async src=\"https:\/\/www.tiktok.com\/embed.js\"><\/script>\n\n\n\n<p><em>Fonte: Band.com.br<\/em><\/p>\n","protected":false},"excerpt":{"rendered":"<p>Ele cumpria pena na Penitenci\u00e1ria Dr. Jos\u00e9 Augusto C\u00e9sar Salgado, conhecida como P2 de Trememb\u00e9<\/p>\n","protected":false},"author":2,"featured_media":74977,"comment_status":"open","ping_status":"open","sticky":false,"template":"","format":"standard","meta":{"om_disable_all_campaigns":false,"_monsterinsights_skip_tracking":false,"_monsterinsights_sitenote_active":false,"_monsterinsights_sitenote_note":"","_monsterinsights_sitenote_category":0,"footnotes":""},"categories":[34,70,2,69,22],"tags":[100,71,48,93,75,4178,4180,129,107,4181,132,230,106,203,120,51,174,109,88,47,3946,111,168,190],"class_list":["post-77206","post","type-post","status-publish","format-standard","has-post-thumbnail","hentry","category-brasil","category-destaques","category-esportes","category-noticias2","category-seguranca","tag-adustina","tag-antas","tag-araci","tag-brasil","tag-cicero-dantas","tag-cipo-2","tag-crisopolis-2","tag-euclides-da-cunha","tag-fatima","tag-heliopolis-2","tag-itapicuru","tag-jeremoabo","tag-nova-soure","tag-novo-triunfo","tag-olindina","tag-paripiranga","tag-prisao","tag-quijingue","tag-ribeira-do-amparo","tag-ribeira-do-pombal","tag-robinho","tag-sitio-do-quinto","tag-transferencia","tag-tucano"],"aioseo_notices":[],"_links":{"self":[{"href":"https:\/\/www.portalalerta.com.br\/index.php\/wp-json\/wp\/v2\/posts\/77206","targetHints":{"allow":["GET"]}}],"collection":[{"href":"https:\/\/www.portalalerta.com.br\/index.php\/wp-json\/wp\/v2\/posts"}],"about":[{"href":"https:\/\/www.portalalerta.com.br\/index.php\/wp-json\/wp\/v2\/types\/post"}],"author":[{"embeddable":true,"href":"https:\/\/www.portalalerta.com.br\/index.php\/wp-json\/wp\/v2\/users\/2"}],"replies":[{"embeddable":true,"href":"https:\/\/www.portalalerta.com.br\/index.php\/wp-json\/wp\/v2\/comments?post=77206"}],"version-history":[{"count":2,"href":"https:\/\/www.portalalerta.com.br\/index.php\/wp-json\/wp\/v2\/posts\/77206\/revisions"}],"predecessor-version":[{"id":77224,"href":"https:\/\/www.portalalerta.com.br\/index.php\/wp-json\/wp\/v2\/posts\/77206\/revisions\/77224"}],"wp:featuredmedia":[{"embeddable":true,"href":"https:\/\/www.portalalerta.com.br\/index.php\/wp-json\/wp\/v2\/media\/74977"}],"wp:attachment":[{"href":"https:\/\/www.portalalerta.com.br\/index.php\/wp-json\/wp\/v2\/media?parent=77206"}],"wp:term":[{"taxonomy":"category","embeddable":true,"href":"https:\/\/www.portalalerta.com.br\/index.php\/wp-json\/wp\/v2\/categories?post=77206"},{"taxonomy":"post_tag","embeddable":true,"href":"https:\/\/www.portalalerta.com.br\/index.php\/wp-json\/wp\/v2\/tags?post=77206"}],"curies":[{"name":"wp","href":"https:\/\/api.w.org\/{rel}","templated":true}]}}