{"id":77241,"date":"2025-11-18T18:00:00","date_gmt":"2025-11-18T21:00:00","guid":{"rendered":"https:\/\/www.portalalerta.com.br\/?p=77241"},"modified":"2025-11-19T14:19:36","modified_gmt":"2025-11-19T17:19:36","slug":"lula-rebate-chanceler-da-alemanha-e-diz-que-berlim-nao-oferece-10-do-para","status":"publish","type":"post","link":"https:\/\/www.portalalerta.com.br\/index.php\/2025\/11\/18\/lula-rebate-chanceler-da-alemanha-e-diz-que-berlim-nao-oferece-10-do-para\/","title":{"rendered":"Lula rebate chanceler da Alemanha e diz que Berlim n\u00e3o oferece 10% do Par\u00e1"},"content":{"rendered":"\n<p>Presidente fez refer\u00eancia \u00e0 declara\u00e7\u00e3o de Friedrich Merz de que os alem\u00e3es estavam \u201ccontentes\u201d em ir embora de Bel\u00e9m e voltar para Berlim<\/p>\n\n\n\n<!--more-->\n\n\n\n<p>O presidente&nbsp;Luiz In\u00e1cio Lula da Silva&nbsp;(PT) rebateu nesta ter\u00e7a-feira (18) a&nbsp;<a href=\"https:\/\/www.cnnbrasil.com.br\/internacional\/chanceler-diz-que-alemaes-ficaram-contentes-ao-irem-embora-de-belem\/\">fala do chanceler alem\u00e3o&nbsp;Friedrich Merz<\/a>&nbsp;sobre sua estadia em Bel\u00e9m, durante a COP30 (30\u00aa Confer\u00eancia das Na\u00e7\u00f5es Unidas sobre as Mudan\u00e7as Clim\u00e1ticas). Segundo ele, os alem\u00e3es ficaram \u201ccontentes\u201d em ir embora da capital paraense.<\/p>\n\n\n\n<p>\u201cEle [Merz], na verdade, devia ter ido a um boteco no Par\u00e1. Ele, na verdade, devia ter dan\u00e7ado no Par\u00e1. Ele, na verdade, deveria ter provado a culin\u00e1ria do Par\u00e1 porque ele ia perceber que Berlim n\u00e3o oferece para ele 10% do que oferece o estado do Par\u00e1 e a cidade de Bel\u00e9m\u201d, declarou o petista durante inaugura\u00e7\u00e3o de uma ponte que liga o Par\u00e1 ao estado do Tocantins, em S\u00e3o Geraldo do Araguaia (PA).<\/p>\n\n\n\n<p>A fala do chanceler&nbsp;<a href=\"https:\/\/www.cnnbrasil.com.br\/politica\/helder-e-igor-dizem-que-chanceler-alemao-foi-preconceituoso-com-belem\/\">causou descontentament<\/a>o entre o governo federal, estadual e a prefeitura de Bel\u00e9m. &#8220;Grosseria&#8221; e &#8220;inacredit\u00e1vel&#8221; foram alguns dos termos&nbsp;<a href=\"https:\/\/www.cnnbrasil.com.br\/blogs\/caio-junqueira\/politica\/governo-ve-grosseria-e-defende-que-chanceler-alemao-explique-critica\/\">relatados<\/a>&nbsp;\u00e0&nbsp;<strong>CNN&nbsp;<\/strong>por integrantes do governo em Bel\u00e9m e em Bras\u00edlia.<\/p>\n\n\n\n<p>Segundo o prefeito de Bel\u00e9m,&nbsp;Igor Normando&nbsp;(MDB), declara\u00e7\u00e3o de Merz foi &#8220;infeliz, arrogante e preconceituosa&#8221;, al\u00e9m de dizer que &#8220;n\u00e3o representa&#8221; a opini\u00e3o de outros visitantes.<\/p>\n\n\n\n<p>J\u00e1 o governador&nbsp;Helder Barbalho&nbsp;(MDB) se manifestou em rede social. Em publica\u00e7\u00e3o no X, o governador defendeu o estado e disse que &#8220;um discurso preconceituoso revela mais sobre quem fala do que sobre quem \u00e9 falado&#8221;.<\/p>\n\n\n\n<p>O chanceler alem\u00e3o esteve no Brasil para participar da C\u00fapula dos L\u00edderes em Bel\u00e9m, antes do in\u00edcio oficial da COP30, e participou de um encontro bilateral com o presidente Lula.<\/p>\n\n\n\n<p>A fala de Merz se deu no Congresso de Com\u00e9rcio Alem\u00e3o, na semana passada. \u201cMinhas senhoras e senhores,&nbsp;vivemos num dos pa\u00edses mais bonitos do mundo.&nbsp;Perguntei a alguns jornalistas que estiveram comigo no Brasil na semana passada quem gostaria de ficar l\u00e1. Ningu\u00e9m levantou a m\u00e3o&nbsp;[&#8230;]&nbsp;Todos ficamos contentes por regressar \u00e0 Alemanha, sobretudo daquele local onde est\u00e1vamos, na noite de sexta-feira&#8221;, disse o chanceler na ocasi\u00e3o.<\/p>\n\n\n\n<blockquote class=\"tiktok-embed\" cite=\"https:\/\/www.tiktok.com\/@portalalerta\/video\/7574485735512870162\" data-video-id=\"7574485735512870162\" style=\"max-width: 605px;min-width: 325px;\" > <section> <a target=\"_blank\" title=\"@portalalerta\" href=\"https:\/\/www.tiktok.com\/@portalalerta?refer=embed\">@portalalerta<\/a> <p>Lula rebate chanceler da Alemanha e diz que Berlim n\u00e3o oferece 10% do Par\u00e1  O presidente Luiz In\u00e1cio Lula da Silva (PT) rebateu nesta ter\u00e7a-feira (18) a fala do chanceler alem\u00e3o Friedrich Merz sobre sua estadia em Bel\u00e9m, durante a COP30 (30\u00aa Confer\u00eancia das Na\u00e7\u00f5es Unidas sobre as Mudan\u00e7as Clim\u00e1ticas). Segundo ele, os alem\u00e3es ficaram \u201ccontentes\u201d em ir embora da capital paraense.  #brasil #alemanha #cop30 #lula #portalalerta #portal_alerta #d#deolhonanoticia<\/p> <a target=\"_blank\" title=\"\u266c som original  - Portal Alerta\" href=\"https:\/\/www.tiktok.com\/music\/som-original-Portal-Alerta-7574485785345379089?refer=embed\">\u266c som original  &#8211; Portal Alerta<\/a> <\/section> <\/blockquote> <script async src=\"https:\/\/www.tiktok.com\/embed.js\"><\/script>\n\n\n\n<p><em>Fonte: CNN Brasil<\/em><\/p>\n","protected":false},"excerpt":{"rendered":"<p>Presidente fez refer\u00eancia \u00e0 declara\u00e7\u00e3o de Friedrich Merz de que os alem\u00e3es estavam \u201ccontentes\u201d em ir embora de Bel\u00e9m e voltar para Berlim<\/p>\n","protected":false},"author":2,"featured_media":77238,"comment_status":"open","ping_status":"open","sticky":false,"template":"","format":"standard","meta":{"om_disable_all_campaigns":false,"_monsterinsights_skip_tracking":false,"_monsterinsights_sitenote_active":false,"_monsterinsights_sitenote_note":"","_monsterinsights_sitenote_category":0,"footnotes":""},"categories":[34,70,35,69,21],"tags":[100,1248,71,48,93,75,4178,7834,4180,129,107,4181,132,230,303,106,203,120,51,109,88,47,111,190],"class_list":["post-77241","post","type-post","status-publish","format-standard","has-post-thumbnail","hentry","category-brasil","category-destaques","category-mundo","category-noticias2","category-politica","tag-adustina","tag-alemanha","tag-antas","tag-araci","tag-brasil","tag-cicero-dantas","tag-cipo-2","tag-cop-30","tag-crisopolis-2","tag-euclides-da-cunha","tag-fatima","tag-heliopolis-2","tag-itapicuru","tag-jeremoabo","tag-lula","tag-nova-soure","tag-novo-triunfo","tag-olindina","tag-paripiranga","tag-quijingue","tag-ribeira-do-amparo","tag-ribeira-do-pombal","tag-sitio-do-quinto","tag-tucano"],"aioseo_notices":[],"_links":{"self":[{"href":"https:\/\/www.portalalerta.com.br\/index.php\/wp-json\/wp\/v2\/posts\/77241","targetHints":{"allow":["GET"]}}],"collection":[{"href":"https:\/\/www.portalalerta.com.br\/index.php\/wp-json\/wp\/v2\/posts"}],"about":[{"href":"https:\/\/www.portalalerta.com.br\/index.php\/wp-json\/wp\/v2\/types\/post"}],"author":[{"embeddable":true,"href":"https:\/\/www.portalalerta.com.br\/index.php\/wp-json\/wp\/v2\/users\/2"}],"replies":[{"embeddable":true,"href":"https:\/\/www.portalalerta.com.br\/index.php\/wp-json\/wp\/v2\/comments?post=77241"}],"version-history":[{"count":2,"href":"https:\/\/www.portalalerta.com.br\/index.php\/wp-json\/wp\/v2\/posts\/77241\/revisions"}],"predecessor-version":[{"id":77261,"href":"https:\/\/www.portalalerta.com.br\/index.php\/wp-json\/wp\/v2\/posts\/77241\/revisions\/77261"}],"wp:featuredmedia":[{"embeddable":true,"href":"https:\/\/www.portalalerta.com.br\/index.php\/wp-json\/wp\/v2\/media\/77238"}],"wp:attachment":[{"href":"https:\/\/www.portalalerta.com.br\/index.php\/wp-json\/wp\/v2\/media?parent=77241"}],"wp:term":[{"taxonomy":"category","embeddable":true,"href":"https:\/\/www.portalalerta.com.br\/index.php\/wp-json\/wp\/v2\/categories?post=77241"},{"taxonomy":"post_tag","embeddable":true,"href":"https:\/\/www.portalalerta.com.br\/index.php\/wp-json\/wp\/v2\/tags?post=77241"}],"curies":[{"name":"wp","href":"https:\/\/api.w.org\/{rel}","templated":true}]}}