{"id":77249,"date":"2025-11-18T18:02:00","date_gmt":"2025-11-18T21:02:00","guid":{"rendered":"https:\/\/www.portalalerta.com.br\/?p=77249"},"modified":"2025-11-19T14:20:56","modified_gmt":"2025-11-19T17:20:56","slug":"lula-sanciona-lei-que-proibe-linguagem-neutra-na-administracao-publica","status":"publish","type":"post","link":"https:\/\/www.portalalerta.com.br\/index.php\/2025\/11\/18\/lula-sanciona-lei-que-proibe-linguagem-neutra-na-administracao-publica\/","title":{"rendered":"Lula sanciona lei que pro\u00edbe linguagem neutra na administra\u00e7\u00e3o p\u00fablica"},"content":{"rendered":"\n<p><strong>O presidente Luiz In\u00e1cio Lula da Silva sancionou nesta segunda-feira, 17 de novembro, a Lei n\u00ba 15.263\/2025, que estabelece a proibi\u00e7\u00e3o do uso de linguagem neutra na administra\u00e7\u00e3o p\u00fablica em todos os n\u00edveis. A nova legisla\u00e7\u00e3o, disponibilizada no Di\u00e1rio Oficial da Uni\u00e3o, determina que Uni\u00e3o, Estados e munic\u00edpios devem adotar exclusivamente a norma culta da l\u00edngua portuguesa em seus documentos, formul\u00e1rios, comunicados e demais atos oficiais.<\/strong><\/p>\n\n\n\n<!--more-->\n\n\n<div class=\"wp-block-image\">\n<figure class=\"alignleft size-large is-resized\"><img fetchpriority=\"high\" decoding=\"async\" width=\"1024\" height=\"1024\" src=\"https:\/\/www.portalalerta.com.br\/wp-content\/uploads\/2024\/04\/autoescola-emprego-1024x1024.jpg\" alt=\"\" class=\"wp-image-55693\" style=\"object-fit:cover;width:435px;height:435px\" srcset=\"https:\/\/www.portalalerta.com.br\/wp-content\/uploads\/2024\/04\/autoescola-emprego-1024x1024.jpg 1024w, https:\/\/www.portalalerta.com.br\/wp-content\/uploads\/2024\/04\/autoescola-emprego-240x240.jpg 240w, https:\/\/www.portalalerta.com.br\/wp-content\/uploads\/2024\/04\/autoescola-emprego-768x768.jpg 768w, https:\/\/www.portalalerta.com.br\/wp-content\/uploads\/2024\/04\/autoescola-emprego.jpg 1080w\" sizes=\"(max-width: 1024px) 100vw, 1024px\" \/><\/figure><\/div>\n\n\n<p><strong>Com essa nova regra, termos como \u201ctodes\u201d, \u201celu\u201d e outras varia\u00e7\u00f5es criadas para suavizar a marca\u00e7\u00e3o de g\u00eanero est\u00e3o banidos. O artigo 5\u00ba da lei faz refer\u00eancia \u00e0 obrigatoriedade de seguir as regras gramaticais j\u00e1 consolidadas, al\u00e9m de respeitar o Vocabul\u00e1rio Ortogr\u00e1fico da L\u00edngua Portuguesa e o Acordo Ortogr\u00e1fico de 2008.<\/strong><\/p>\n\n\n\n<p><strong>Esta medida \u00e9 parte de um projeto que busca implementar uma pol\u00edtica de linguagem simples na esfera p\u00fablica. O objetivo declarado \u00e9 facilitar a compreens\u00e3o das informa\u00e7\u00f5es divulgadas pelos \u00f3rg\u00e3os governamentais, garantindo que qualquer cidad\u00e3o possa entender e utilizar os conte\u00fados disponibilizados de maneira eficaz.<\/strong><\/p>\n\n\n\n<p><strong>Al\u00e9m da proibi\u00e7\u00e3o das novas formas de flex\u00e3o, o texto tamb\u00e9m estabelece diretrizes para a produ\u00e7\u00e3o de documentos oficiais, sugerindo o uso de frases curtas, a constru\u00e7\u00e3o em ordem direta, a prefer\u00eancia pela voz ativa, a elimina\u00e7\u00e3o de redund\u00e2ncias e a proibi\u00e7\u00e3o de express\u00f5es vagas ou imprecisas.<\/strong><\/p>\n\n\n\n<blockquote class=\"tiktok-embed\" cite=\"https:\/\/www.tiktok.com\/@portalalerta\/video\/7574486398661676296\" data-video-id=\"7574486398661676296\" style=\"max-width: 605px;min-width: 325px;\" > <section> <a target=\"_blank\" title=\"@portalalerta\" href=\"https:\/\/www.tiktok.com\/@portalalerta?refer=embed\">@portalalerta<\/a> <p>Lula sanciona lei que pro\u00edbe linguagem neutra na administra\u00e7\u00e3o p\u00fablica  O presidente Luiz In\u00e1cio Lula da Silva sancionou nesta segunda-feira, 17 de novembro, a Lei n\u00ba 15.263&#47;2025, que estabelece a proibi\u00e7\u00e3o do uso de linguagem neutra na administra\u00e7\u00e3o p\u00fablica em todos os n\u00edveis. A nova legisla\u00e7\u00e3o, disponibilizada no Di\u00e1rio Oficial da Uni\u00e3o, determina que Uni\u00e3o, Estados e munic\u00edpios devem adotar exclusivamente a norma culta da l\u00edngua portuguesa em seus documentos, formul\u00e1rios, comunicados e demais atos oficiais. #jeremoabobahia #acidentedetransito #morte #br235 #portalalerta #portal_alerta #deolhonanoticia<\/p> <a target=\"_blank\" title=\"\u266c som original  - Portal Alerta\" href=\"https:\/\/www.tiktok.com\/music\/som-original-Portal-Alerta-7574486464190958357?refer=embed\">\u266c som original  &#8211; Portal Alerta<\/a> <\/section> <\/blockquote> <script async src=\"https:\/\/www.tiktok.com\/embed.js\"><\/script>\n\n\n\n<p><strong><em>Fonte: Dia a Dia Nordeste<\/em><\/strong><\/p>\n\n\n\n<p><strong><em>Com informa\u00e7\u00f5es de: informe baiano<\/em><\/strong><\/p>\n","protected":false},"excerpt":{"rendered":"<p>O presidente Luiz In\u00e1cio Lula da Silva sancionou nesta segunda-feira, 17 de novembro, a Lei n\u00ba 15.263\/2025, que estabelece a proibi\u00e7\u00e3o do uso de linguagem neutra na administra\u00e7\u00e3o p\u00fablica em todos os n\u00edveis. A nova legisla\u00e7\u00e3o, disponibilizada no Di\u00e1rio Oficial da Uni\u00e3o, determina que Uni\u00e3o, Estados e munic\u00edpios devem adotar exclusivamente a norma culta da &hellip;<\/p>\n","protected":false},"author":2,"featured_media":77240,"comment_status":"open","ping_status":"open","sticky":false,"template":"","format":"standard","meta":{"om_disable_all_campaigns":false,"_monsterinsights_skip_tracking":false,"_monsterinsights_sitenote_active":false,"_monsterinsights_sitenote_note":"","_monsterinsights_sitenote_category":0,"footnotes":""},"categories":[34,70,69,21],"tags":[100,71,48,93,75,4178,4180,129,107,4181,132,230,8475,303,106,203,120,51,109,88,47,111,190],"class_list":["post-77249","post","type-post","status-publish","format-standard","has-post-thumbnail","hentry","category-brasil","category-destaques","category-noticias2","category-politica","tag-adustina","tag-antas","tag-araci","tag-brasil","tag-cicero-dantas","tag-cipo-2","tag-crisopolis-2","tag-euclides-da-cunha","tag-fatima","tag-heliopolis-2","tag-itapicuru","tag-jeremoabo","tag-linguagem-universal","tag-lula","tag-nova-soure","tag-novo-triunfo","tag-olindina","tag-paripiranga","tag-quijingue","tag-ribeira-do-amparo","tag-ribeira-do-pombal","tag-sitio-do-quinto","tag-tucano"],"aioseo_notices":[],"_links":{"self":[{"href":"https:\/\/www.portalalerta.com.br\/index.php\/wp-json\/wp\/v2\/posts\/77249","targetHints":{"allow":["GET"]}}],"collection":[{"href":"https:\/\/www.portalalerta.com.br\/index.php\/wp-json\/wp\/v2\/posts"}],"about":[{"href":"https:\/\/www.portalalerta.com.br\/index.php\/wp-json\/wp\/v2\/types\/post"}],"author":[{"embeddable":true,"href":"https:\/\/www.portalalerta.com.br\/index.php\/wp-json\/wp\/v2\/users\/2"}],"replies":[{"embeddable":true,"href":"https:\/\/www.portalalerta.com.br\/index.php\/wp-json\/wp\/v2\/comments?post=77249"}],"version-history":[{"count":2,"href":"https:\/\/www.portalalerta.com.br\/index.php\/wp-json\/wp\/v2\/posts\/77249\/revisions"}],"predecessor-version":[{"id":77263,"href":"https:\/\/www.portalalerta.com.br\/index.php\/wp-json\/wp\/v2\/posts\/77249\/revisions\/77263"}],"wp:featuredmedia":[{"embeddable":true,"href":"https:\/\/www.portalalerta.com.br\/index.php\/wp-json\/wp\/v2\/media\/77240"}],"wp:attachment":[{"href":"https:\/\/www.portalalerta.com.br\/index.php\/wp-json\/wp\/v2\/media?parent=77249"}],"wp:term":[{"taxonomy":"category","embeddable":true,"href":"https:\/\/www.portalalerta.com.br\/index.php\/wp-json\/wp\/v2\/categories?post=77249"},{"taxonomy":"post_tag","embeddable":true,"href":"https:\/\/www.portalalerta.com.br\/index.php\/wp-json\/wp\/v2\/tags?post=77249"}],"curies":[{"name":"wp","href":"https:\/\/api.w.org\/{rel}","templated":true}]}}