{"id":77344,"date":"2025-11-23T21:52:50","date_gmt":"2025-11-24T00:52:50","guid":{"rendered":"https:\/\/www.portalalerta.com.br\/?p=77344"},"modified":"2025-11-24T01:21:32","modified_gmt":"2025-11-24T04:21:32","slug":"bolsonaro-diz-que-agiu-por-paranoia-ao-tentar-abrir-tornozeleira-com-ferro-de-solda","status":"publish","type":"post","link":"https:\/\/www.portalalerta.com.br\/index.php\/2025\/11\/23\/bolsonaro-diz-que-agiu-por-paranoia-ao-tentar-abrir-tornozeleira-com-ferro-de-solda\/","title":{"rendered":"Bolsonaro diz que agiu por \u201cparanoia\u201d ao tentar abrir tornozeleira com ferro de solda"},"content":{"rendered":"\n<p>Segundo o documento, Bolsonaro atribuiu o comportamento \u00e0 intera\u00e7\u00e3o inadequada de medicamentos \u2014 especificamente Pregabalina e Sertralina<\/p>\n\n\n\n<!--more-->\n\n\n\n<p><a href=\"https:\/\/www.band.com.br\/noticias\/bolsonaro-audiencia-de-custodia-202511231304\"><strong>A audi\u00eancia de cust\u00f3dia realizada neste domingo (23)<\/strong><\/a>&nbsp;trouxe um novo elemento ao caso que levou Jair Bolsonaro \u00e0&nbsp;<a href=\"https:\/\/www.band.com.br\/noticias\/bolsonaro-e-preso-preventivamente-a-pedido-da-policia-federal-202511220702\"><strong>pris\u00e3o preventiva<\/strong><\/a>: o pr\u00f3prio ex-presidente afirmou \u00e0 Justi\u00e7a que sofreu um epis\u00f3dio de&nbsp;<strong>\u201cparanoia\u201d<\/strong>&nbsp;na madrugada em que tentou abrir sua tornozeleira eletr\u00f4nica com um ferro de solda.&nbsp;<\/p>\n\n\n\n<p>O relato consta na ata oficial do procedimento, conduzido por videoconfer\u00eancia pela ju\u00edza auxiliar Luciana Yuki Fugishita Sorrentino, do gabinete do ministro Alexandre de Moraes.<\/p>\n\n\n\n<p>Segundo o documento, Bolsonaro atribuiu o comportamento \u00e0&nbsp;<strong>intera\u00e7\u00e3o inadequada de medicamentos<\/strong>&nbsp;\u2014 especificamente Pregabalina e Sertralina \u2014 prescritos por m\u00e9dicos distintos que n\u00e3o teriam se comunicado entre si. Ele afirmou que, devido ao efeito combinado dos rem\u00e9dios, passou a acreditar que o dispositivo continha uma \u201cescuta\u201d.<\/p>\n\n\n\n<p>\u201cO depoente afirmou que estava com \u2018alucina\u00e7\u00e3o\u2019 de que tinha alguma escuta na tornozeleira, tentando ent\u00e3o abrir a tampa\u201d, diz o registro oficial.<\/p>\n\n\n\n<p><strong>Uso de ferro de solda<\/strong><\/p>\n\n\n\n<p>O ex-presidente relatou&nbsp;<a href=\"https:\/\/www.band.com.br\/noticias\/brasil-urgente\/ultimas\/em-video-bolsonaro-admite-que-usou-ferro-de-solda-em-tornozeleira-202511221630\"><strong>que pegou um&nbsp;ferro de soldar<\/strong><\/a>&nbsp;que j\u00e1 possu\u00eda em casa e mexeu na tornozeleira por volta da meia-noite. Ele disse que interrompeu a a\u00e7\u00e3o ap\u00f3s \u201ccair na raz\u00e3o\u201d e, ent\u00e3o, comunicou os agentes respons\u00e1veis pela cust\u00f3dia.<\/p>\n\n\n\n<p>Bolsonaro afirmou que estava acompanhado da filha adolescente, do irm\u00e3o e de um assessor, mas que todos dormiam e ningu\u00e9m percebeu a movimenta\u00e7\u00e3o. Tamb\u00e9m declarou n\u00e3o recordar epis\u00f3dios semelhantes no passado e que come\u00e7ou a tomar um dos medicamentos apenas quatro dias antes.<\/p>\n\n\n\n<p><strong>Bolsonaro nega inten\u00e7\u00e3o de fuga<\/strong><\/p>\n\n\n\n<p>Questionado pelos advogados, Bolsonaro negou qualquer plano de fuga e alegou que n\u00e3o houve rompimento da cinta do equipamento \u2014 algo que ainda ser\u00e1 analisado pela per\u00edcia.<\/p>\n\n\n\n<p>Sobre a vig\u00edlia convocada por Fl\u00e1vio Bolsonaro, um dos motivos citados por Moraes ao converter a pris\u00e3o domiciliar em preventiva, o ex-presidente afirmou que o local do ato ficava a cerca de 700 metros de sua casa, o que impediria \u201cqualquer tumulto que facilitasse fuga\u201d.<\/p>\n\n\n\n<p><strong>Pris\u00e3o homologada<\/strong><\/p>\n\n\n\n<p>A audi\u00eancia registrou ainda que Bolsonaro n\u00e3o relatou abusos por parte dos policiais respons\u00e1veis pela pris\u00e3o. A PGR acompanhou a sess\u00e3o e classificou a cust\u00f3dia como regular nesse aspecto.<\/p>\n\n\n\n<p>Com base nos relatos e no cumprimento das formalidades legais, a ju\u00edza auxiliar&nbsp;<strong>homologou a pris\u00e3o preventiva<\/strong>, deixando a an\u00e1lise do m\u00e9rito para o ministro Alexandre de Moraes.<\/p>\n\n\n\n<p>O relato de \u201cparanoia\u201d e \u201calucina\u00e7\u00e3o\u201d abre uma nova dimens\u00e3o para o caso, j\u00e1 que a tentativa de viola\u00e7\u00e3o da tornozeleira foi citada pelo STF como ind\u00edcio de poss\u00edvel fuga e descumprimento das medidas cautelares. A Primeira Turma do Supremo ainda vai decidir, nos pr\u00f3ximos dias, se mant\u00e9m ou n\u00e3o a pris\u00e3o preventiva.<\/p>\n\n\n\n<p>Bolsonaro segue detido na Superintend\u00eancia da Pol\u00edcia Federal, em Bras\u00edlia.<\/p>\n\n\n\n<blockquote class=\"instagram-media\" data-instgrm-captioned data-instgrm-permalink=\"https:\/\/www.instagram.com\/reel\/DRbIjK7idZ5\/?utm_source=ig_embed&amp;utm_campaign=loading\" data-instgrm-version=\"14\" style=\" background:#FFF; border:0; border-radius:3px; box-shadow:0 0 1px 0 rgba(0,0,0,0.5),0 1px 10px 0 rgba(0,0,0,0.15); margin: 1px; max-width:540px; min-width:326px; padding:0; width:99.375%; width:-webkit-calc(100% - 2px); width:calc(100% - 2px);\"><div style=\"padding:16px;\"> <a href=\"https:\/\/www.instagram.com\/reel\/DRbIjK7idZ5\/?utm_source=ig_embed&amp;utm_campaign=loading\" style=\" background:#FFFFFF; line-height:0; padding:0 0; text-align:center; text-decoration:none; width:100%;\" target=\"_blank\"> <div style=\" display: flex; flex-direction: row; align-items: center;\"> <div style=\"background-color: #F4F4F4; border-radius: 50%; flex-grow: 0; height: 40px; margin-right: 14px; width: 40px;\"><\/div> <div style=\"display: flex; flex-direction: column; flex-grow: 1; justify-content: center;\"> <div style=\" background-color: #F4F4F4; border-radius: 4px; flex-grow: 0; height: 14px; margin-bottom: 6px; width: 100px;\"><\/div> <div style=\" background-color: #F4F4F4; border-radius: 4px; flex-grow: 0; height: 14px; width: 60px;\"><\/div><\/div><\/div><div style=\"padding: 19% 0;\"><\/div> <div style=\"display:block; height:50px; margin:0 auto 12px; width:50px;\"><svg width=\"50px\" height=\"50px\" viewBox=\"0 0 60 60\" version=\"1.1\" xmlns=\"https:\/\/www.w3.org\/2000\/svg\" xmlns:xlink=\"https:\/\/www.w3.org\/1999\/xlink\"><g stroke=\"none\" stroke-width=\"1\" fill=\"none\" fill-rule=\"evenodd\"><g transform=\"translate(-511.000000, -20.000000)\" fill=\"#000000\"><g><path d=\"M556.869,30.41 C554.814,30.41 553.148,32.076 553.148,34.131 C553.148,36.186 554.814,37.852 556.869,37.852 C558.924,37.852 560.59,36.186 560.59,34.131 C560.59,32.076 558.924,30.41 556.869,30.41 M541,60.657 C535.114,60.657 530.342,55.887 530.342,50 C530.342,44.114 535.114,39.342 541,39.342 C546.887,39.342 551.658,44.114 551.658,50 C551.658,55.887 546.887,60.657 541,60.657 M541,33.886 C532.1,33.886 524.886,41.1 524.886,50 C524.886,58.899 532.1,66.113 541,66.113 C549.9,66.113 557.115,58.899 557.115,50 C557.115,41.1 549.9,33.886 541,33.886 M565.378,62.101 C565.244,65.022 564.756,66.606 564.346,67.663 C563.803,69.06 563.154,70.057 562.106,71.106 C561.058,72.155 560.06,72.803 558.662,73.347 C557.607,73.757 556.021,74.244 553.102,74.378 C549.944,74.521 548.997,74.552 541,74.552 C533.003,74.552 532.056,74.521 528.898,74.378 C525.979,74.244 524.393,73.757 523.338,73.347 C521.94,72.803 520.942,72.155 519.894,71.106 C518.846,70.057 518.197,69.06 517.654,67.663 C517.244,66.606 516.755,65.022 516.623,62.101 C516.479,58.943 516.448,57.996 516.448,50 C516.448,42.003 516.479,41.056 516.623,37.899 C516.755,34.978 517.244,33.391 517.654,32.338 C518.197,30.938 518.846,29.942 519.894,28.894 C520.942,27.846 521.94,27.196 523.338,26.654 C524.393,26.244 525.979,25.756 528.898,25.623 C532.057,25.479 533.004,25.448 541,25.448 C548.997,25.448 549.943,25.479 553.102,25.623 C556.021,25.756 557.607,26.244 558.662,26.654 C560.06,27.196 561.058,27.846 562.106,28.894 C563.154,29.942 563.803,30.938 564.346,32.338 C564.756,33.391 565.244,34.978 565.378,37.899 C565.522,41.056 565.552,42.003 565.552,50 C565.552,57.996 565.522,58.943 565.378,62.101 M570.82,37.631 C570.674,34.438 570.167,32.258 569.425,30.349 C568.659,28.377 567.633,26.702 565.965,25.035 C564.297,23.368 562.623,22.342 560.652,21.575 C558.743,20.834 556.562,20.326 553.369,20.18 C550.169,20.033 549.148,20 541,20 C532.853,20 531.831,20.033 528.631,20.18 C525.438,20.326 523.257,20.834 521.349,21.575 C519.376,22.342 517.703,23.368 516.035,25.035 C514.368,26.702 513.342,28.377 512.574,30.349 C511.834,32.258 511.326,34.438 511.181,37.631 C511.035,40.831 511,41.851 511,50 C511,58.147 511.035,59.17 511.181,62.369 C511.326,65.562 511.834,67.743 512.574,69.651 C513.342,71.625 514.368,73.296 516.035,74.965 C517.703,76.634 519.376,77.658 521.349,78.425 C523.257,79.167 525.438,79.673 528.631,79.82 C531.831,79.965 532.853,80.001 541,80.001 C549.148,80.001 550.169,79.965 553.369,79.82 C556.562,79.673 558.743,79.167 560.652,78.425 C562.623,77.658 564.297,76.634 565.965,74.965 C567.633,73.296 568.659,71.625 569.425,69.651 C570.167,67.743 570.674,65.562 570.82,62.369 C570.966,59.17 571,58.147 571,50 C571,41.851 570.966,40.831 570.82,37.631\"><\/path><\/g><\/g><\/g><\/svg><\/div><div style=\"padding-top: 8px;\"> <div style=\" color:#3897f0; font-family:Arial,sans-serif; font-size:14px; font-style:normal; font-weight:550; line-height:18px;\">Ver essa foto no Instagram<\/div><\/div><div style=\"padding: 12.5% 0;\"><\/div> <div style=\"display: flex; flex-direction: row; margin-bottom: 14px; align-items: center;\"><div> <div style=\"background-color: #F4F4F4; border-radius: 50%; height: 12.5px; width: 12.5px; transform: translateX(0px) translateY(7px);\"><\/div> <div style=\"background-color: #F4F4F4; height: 12.5px; transform: rotate(-45deg) translateX(3px) translateY(1px); width: 12.5px; flex-grow: 0; margin-right: 14px; margin-left: 2px;\"><\/div> <div style=\"background-color: #F4F4F4; border-radius: 50%; height: 12.5px; width: 12.5px; transform: translateX(9px) translateY(-18px);\"><\/div><\/div><div style=\"margin-left: 8px;\"> <div style=\" background-color: #F4F4F4; border-radius: 50%; flex-grow: 0; height: 20px; width: 20px;\"><\/div> <div style=\" width: 0; height: 0; border-top: 2px solid transparent; border-left: 6px solid #f4f4f4; border-bottom: 2px solid transparent; transform: translateX(16px) translateY(-4px) rotate(30deg)\"><\/div><\/div><div style=\"margin-left: auto;\"> <div style=\" width: 0px; border-top: 8px solid #F4F4F4; border-right: 8px solid transparent; transform: translateY(16px);\"><\/div> <div style=\" background-color: #F4F4F4; flex-grow: 0; height: 12px; width: 16px; transform: translateY(-4px);\"><\/div> <div style=\" width: 0; height: 0; border-top: 8px solid #F4F4F4; border-left: 8px solid transparent; transform: translateY(-4px) translateX(8px);\"><\/div><\/div><\/div> <div style=\"display: flex; flex-direction: column; flex-grow: 1; justify-content: center; margin-bottom: 24px;\"> <div style=\" background-color: #F4F4F4; border-radius: 4px; flex-grow: 0; height: 14px; margin-bottom: 6px; width: 224px;\"><\/div> <div style=\" background-color: #F4F4F4; border-radius: 4px; flex-grow: 0; height: 14px; width: 144px;\"><\/div><\/div><\/a><p style=\" color:#c9c8cd; font-family:Arial,sans-serif; font-size:14px; line-height:17px; margin-bottom:0; margin-top:8px; overflow:hidden; padding:8px 0 7px; text-align:center; text-overflow:ellipsis; white-space:nowrap;\"><a href=\"https:\/\/www.instagram.com\/reel\/DRbIjK7idZ5\/?utm_source=ig_embed&amp;utm_campaign=loading\" style=\" color:#c9c8cd; font-family:Arial,sans-serif; font-size:14px; font-style:normal; font-weight:normal; line-height:17px; text-decoration:none;\" target=\"_blank\">Uma publica\u00e7\u00e3o compartilhada por Portal Alerta (@portal_alerta)<\/a><\/p><\/div><\/blockquote>\n<script async src=\"\/\/www.instagram.com\/embed.js\"><\/script>\n\n\n\n<p><em>Fonte: Band<\/em><\/p>\n","protected":false},"excerpt":{"rendered":"<p>Segundo o documento, Bolsonaro atribuiu o comportamento \u00e0 intera\u00e7\u00e3o inadequada de medicamentos \u2014 especificamente Pregabalina e Sertralina<\/p>\n","protected":false},"author":2,"featured_media":77340,"comment_status":"open","ping_status":"open","sticky":false,"template":"","format":"standard","meta":{"om_disable_all_campaigns":false,"_monsterinsights_skip_tracking":false,"_monsterinsights_sitenote_active":false,"_monsterinsights_sitenote_note":"","_monsterinsights_sitenote_category":0,"footnotes":""},"categories":[34,8473,69,21,22],"tags":[100,71,48,353,93,75,4178,4180,129,107,4181,132,1395,230,106,203,120,51,77,109,88,47,111,2091,190],"class_list":["post-77344","post","type-post","status-publish","format-standard","has-post-thumbnail","hentry","category-brasil","category-destaque","category-noticias2","category-politica","category-seguranca","tag-adustina","tag-antas","tag-araci","tag-audiencia-de-custodia","tag-brasil","tag-cicero-dantas","tag-cipo-2","tag-crisopolis-2","tag-euclides-da-cunha","tag-fatima","tag-heliopolis-2","tag-itapicuru","tag-jair-bolsonaro","tag-jeremoabo","tag-nova-soure","tag-novo-triunfo","tag-olindina","tag-paripiranga","tag-preso","tag-quijingue","tag-ribeira-do-amparo","tag-ribeira-do-pombal","tag-sitio-do-quinto","tag-tornozeleira-eletronica","tag-tucano"],"aioseo_notices":[],"_links":{"self":[{"href":"https:\/\/www.portalalerta.com.br\/index.php\/wp-json\/wp\/v2\/posts\/77344","targetHints":{"allow":["GET"]}}],"collection":[{"href":"https:\/\/www.portalalerta.com.br\/index.php\/wp-json\/wp\/v2\/posts"}],"about":[{"href":"https:\/\/www.portalalerta.com.br\/index.php\/wp-json\/wp\/v2\/types\/post"}],"author":[{"embeddable":true,"href":"https:\/\/www.portalalerta.com.br\/index.php\/wp-json\/wp\/v2\/users\/2"}],"replies":[{"embeddable":true,"href":"https:\/\/www.portalalerta.com.br\/index.php\/wp-json\/wp\/v2\/comments?post=77344"}],"version-history":[{"count":2,"href":"https:\/\/www.portalalerta.com.br\/index.php\/wp-json\/wp\/v2\/posts\/77344\/revisions"}],"predecessor-version":[{"id":77395,"href":"https:\/\/www.portalalerta.com.br\/index.php\/wp-json\/wp\/v2\/posts\/77344\/revisions\/77395"}],"wp:featuredmedia":[{"embeddable":true,"href":"https:\/\/www.portalalerta.com.br\/index.php\/wp-json\/wp\/v2\/media\/77340"}],"wp:attachment":[{"href":"https:\/\/www.portalalerta.com.br\/index.php\/wp-json\/wp\/v2\/media?parent=77344"}],"wp:term":[{"taxonomy":"category","embeddable":true,"href":"https:\/\/www.portalalerta.com.br\/index.php\/wp-json\/wp\/v2\/categories?post=77344"},{"taxonomy":"post_tag","embeddable":true,"href":"https:\/\/www.portalalerta.com.br\/index.php\/wp-json\/wp\/v2\/tags?post=77344"}],"curies":[{"name":"wp","href":"https:\/\/api.w.org\/{rel}","templated":true}]}}