{"id":77362,"date":"2025-11-24T06:01:00","date_gmt":"2025-11-24T09:01:00","guid":{"rendered":"https:\/\/www.portalalerta.com.br\/?p=77362"},"modified":"2025-11-24T11:28:56","modified_gmt":"2025-11-24T14:28:56","slug":"moraes-autoriza-visita-de-filhos-de-bolsonaro-na-pf-a-partir-de-terca","status":"publish","type":"post","link":"https:\/\/www.portalalerta.com.br\/index.php\/2025\/11\/24\/moraes-autoriza-visita-de-filhos-de-bolsonaro-na-pf-a-partir-de-terca\/","title":{"rendered":"Moraes autoriza visita de filhos de Bolsonaro na PF a partir de ter\u00e7a"},"content":{"rendered":"\n<p>Despacho de Moraes tamb\u00e9m registra manifesta\u00e7\u00e3o da PF sobre garantias de &#8220;pronto atendimento m\u00e9dico&#8221; a Bolsonaro em caso de &#8220;intercorr\u00eancia&#8221;<\/p>\n\n\n\n<!--more-->\n\n\n\n<p>O&nbsp;ministro Alexandre de Moraes, do&nbsp;STF (Supremo Tribunal Federal), autorizou, na noite deste domingo (23), que o&nbsp;ex-presidente Jair Bolsonaro (PL)&nbsp;receba&nbsp;visitas de filhos&nbsp;na&nbsp;Superintend\u00eancia da PF (Pol\u00edcia Federal) em Bras\u00edlia, onde est\u00e1&nbsp;preso preventivamente&nbsp;desde s\u00e1bado (22).<\/p>\n\n\n<div class=\"wp-block-image\">\n<figure class=\"alignleft size-large is-resized\"><img fetchpriority=\"high\" decoding=\"async\" width=\"1024\" height=\"1024\" src=\"https:\/\/www.portalalerta.com.br\/wp-content\/uploads\/2024\/04\/autoescola-emprego-1024x1024.jpg\" alt=\"\" class=\"wp-image-55693\" style=\"width:389px;height:auto\" srcset=\"https:\/\/www.portalalerta.com.br\/wp-content\/uploads\/2024\/04\/autoescola-emprego-1024x1024.jpg 1024w, https:\/\/www.portalalerta.com.br\/wp-content\/uploads\/2024\/04\/autoescola-emprego-240x240.jpg 240w, https:\/\/www.portalalerta.com.br\/wp-content\/uploads\/2024\/04\/autoescola-emprego-768x768.jpg 768w, https:\/\/www.portalalerta.com.br\/wp-content\/uploads\/2024\/04\/autoescola-emprego.jpg 1080w\" sizes=\"(max-width: 1024px) 100vw, 1024px\" \/><\/figure><\/div>\n\n\n<p>Segundo a autoriza\u00e7\u00e3o, o&nbsp;senador Fl\u00e1vio Bolsonaro (PL-RJ)&nbsp;e o&nbsp;vereador carioca Carlos Bolsonaro (PL)&nbsp;podem se encontrar com o pai na&nbsp;pr\u00f3xima ter\u00e7a-feira (25), em hor\u00e1rios diferentes. O&nbsp;vereador de Balne\u00e1rio Cambori\u00fa Jair Renan (PL-SC)&nbsp;poder\u00e1 visitar o pai na&nbsp;quinta (27). Cada visita poder\u00e1 durar at\u00e9&nbsp;30 minutos.<\/p>\n\n\n\n<p>No mesmo despacho, Moraes registrou manifesta\u00e7\u00e3o da PF, que disse que Bolsonaro receber\u00e1 \u201cpronto atendimento\u201d de um m\u00e9dico da corpora\u00e7\u00e3o caso tenha alguma&nbsp;<a href=\"https:\/\/www.cnnbrasil.com.br\/politica\/surto-e-medicamentos-veja-o-que-bolsonaro-relatou-em-audiencia\/\">\u201cintercorr\u00eancia\u201d de sa\u00fade<\/a>&nbsp;e est\u00e1 recebendo os medicamentos prescritos por sua m\u00e9dica.<\/p>\n\n\n\n<p>O ministro tamb\u00e9m destacou que a equipe m\u00e9dica do ex-presidente&nbsp;<a href=\"https:\/\/www.cnnbrasil.com.br\/politica\/moraes-libera-visitas-medicas-a-bolsonaro-sem-aviso-previo\/\">poder\u00e1 visit\u00e1-lo sem necessidade de autoriza\u00e7\u00e3o judicial pr\u00e9via<\/a>.<\/p>\n\n\n\n<p>At\u00e9 o momento, Bolsonaro j\u00e1 recebeu a visita da&nbsp;<a href=\"https:\/\/www.cnnbrasil.com.br\/politica\/acao-e-tentativa-de-silenciar-bolsonaro-diz-michelle-nas-redes-sociais\/\">esposa, Michelle Bolsonaro (PL)<\/a>. A visita ocorreu na tarde deste domingo e, durante a sa\u00edda da primeira-dama, a&nbsp;CNN Brasil&nbsp;registrou as&nbsp;<a href=\"https:\/\/www.cnnbrasil.com.br\/politica\/bolsonaro-e-visto-pela-primeira-vez-apos-prisao\/\">primeiras imagens do ex-presidente preso preventivamente<\/a>.<\/p>\n\n\n\n<blockquote class=\"tiktok-embed\" cite=\"https:\/\/www.tiktok.com\/@portalalerta\/video\/7576267403416423700\" data-video-id=\"7576267403416423700\" style=\"max-width: 605px;min-width: 325px;\" > <section> <a target=\"_blank\" title=\"@portalalerta\" href=\"https:\/\/www.tiktok.com\/@portalalerta?refer=embed\">@portalalerta<\/a> <p>Moraes autoriza visita de filhos de Bolsonaro na PF a partir de ter\u00e7a  O\u00a0ministro Alexandre de Moraes, do\u00a0STF (Supremo Tribunal Federal), autorizou, na noite deste domingo (23), que o\u00a0ex-presidente Jair Bolsonaro (PL)\u00a0receba\u00a0visitas de filhos\u00a0na\u00a0Superintend\u00eancia da PF (Pol\u00edcia Federal) em Bras\u00edlia, onde est\u00e1\u00a0preso preventivamente\u00a0desde s\u00e1bado (22). #brasil #stf #alexandredemoraes #jairbolsonaro #preso #visitas #portal_alerta #portalalerta #deolhonanoticia<\/p> <a target=\"_blank\" title=\"\u266c som original  - Portal Alerta\" href=\"https:\/\/www.tiktok.com\/music\/som-original-Portal-Alerta-7576267452054702869?refer=embed\">\u266c som original  &#8211; Portal Alerta<\/a> <\/section> <\/blockquote> <script async src=\"https:\/\/www.tiktok.com\/embed.js\"><\/script>\n\n\n\n<p><em>Fonte: CNN<\/em><\/p>\n","protected":false},"excerpt":{"rendered":"<p>Despacho de Moraes tamb\u00e9m registra manifesta\u00e7\u00e3o da PF sobre garantias de &#8220;pronto atendimento m\u00e9dico&#8221; a Bolsonaro em caso de &#8220;intercorr\u00eancia&#8221;<\/p>\n","protected":false},"author":2,"featured_media":77363,"comment_status":"open","ping_status":"open","sticky":false,"template":"","format":"standard","meta":{"om_disable_all_campaigns":false,"_monsterinsights_skip_tracking":false,"_monsterinsights_sitenote_active":false,"_monsterinsights_sitenote_note":"","_monsterinsights_sitenote_category":0,"footnotes":""},"categories":[34,8473,69,21],"tags":[100,1173,71,48,93,75,4178,4180,129,107,4181,132,1395,230,106,203,120,51,109,88,47,111,216,190],"class_list":["post-77362","post","type-post","status-publish","format-standard","has-post-thumbnail","hentry","category-brasil","category-destaque","category-noticias2","category-politica","tag-adustina","tag-alexandre-de-moraes","tag-antas","tag-araci","tag-brasil","tag-cicero-dantas","tag-cipo-2","tag-crisopolis-2","tag-euclides-da-cunha","tag-fatima","tag-heliopolis-2","tag-itapicuru","tag-jair-bolsonaro","tag-jeremoabo","tag-nova-soure","tag-novo-triunfo","tag-olindina","tag-paripiranga","tag-quijingue","tag-ribeira-do-amparo","tag-ribeira-do-pombal","tag-sitio-do-quinto","tag-stf","tag-tucano"],"aioseo_notices":[],"_links":{"self":[{"href":"https:\/\/www.portalalerta.com.br\/index.php\/wp-json\/wp\/v2\/posts\/77362","targetHints":{"allow":["GET"]}}],"collection":[{"href":"https:\/\/www.portalalerta.com.br\/index.php\/wp-json\/wp\/v2\/posts"}],"about":[{"href":"https:\/\/www.portalalerta.com.br\/index.php\/wp-json\/wp\/v2\/types\/post"}],"author":[{"embeddable":true,"href":"https:\/\/www.portalalerta.com.br\/index.php\/wp-json\/wp\/v2\/users\/2"}],"replies":[{"embeddable":true,"href":"https:\/\/www.portalalerta.com.br\/index.php\/wp-json\/wp\/v2\/comments?post=77362"}],"version-history":[{"count":3,"href":"https:\/\/www.portalalerta.com.br\/index.php\/wp-json\/wp\/v2\/posts\/77362\/revisions"}],"predecessor-version":[{"id":77401,"href":"https:\/\/www.portalalerta.com.br\/index.php\/wp-json\/wp\/v2\/posts\/77362\/revisions\/77401"}],"wp:featuredmedia":[{"embeddable":true,"href":"https:\/\/www.portalalerta.com.br\/index.php\/wp-json\/wp\/v2\/media\/77363"}],"wp:attachment":[{"href":"https:\/\/www.portalalerta.com.br\/index.php\/wp-json\/wp\/v2\/media?parent=77362"}],"wp:term":[{"taxonomy":"category","embeddable":true,"href":"https:\/\/www.portalalerta.com.br\/index.php\/wp-json\/wp\/v2\/categories?post=77362"},{"taxonomy":"post_tag","embeddable":true,"href":"https:\/\/www.portalalerta.com.br\/index.php\/wp-json\/wp\/v2\/tags?post=77362"}],"curies":[{"name":"wp","href":"https:\/\/api.w.org\/{rel}","templated":true}]}}