{"id":77384,"date":"2025-11-24T11:02:00","date_gmt":"2025-11-24T14:02:00","guid":{"rendered":"https:\/\/www.portalalerta.com.br\/?p=77384"},"modified":"2025-11-24T15:23:42","modified_gmt":"2025-11-24T18:23:42","slug":"rebeca-ramagem-diz-que-ela-e-marido-foram-aos-eua-para-proteger-a-familia","status":"publish","type":"post","link":"https:\/\/www.portalalerta.com.br\/index.php\/2025\/11\/24\/rebeca-ramagem-diz-que-ela-e-marido-foram-aos-eua-para-proteger-a-familia\/","title":{"rendered":"Rebeca Ramagem diz que ela e marido foram aos EUA para &#8220;proteger a fam\u00edlia&#8221;"},"content":{"rendered":"\n<p><strong>Esposa do ex-diretor da Abin disse que ambos sofrem persegui\u00e7\u00e3o pol\u00edtica e s\u00e3o alvos de lawfare; deputado federal foi condenado a 16 anos por tentativa de golpe<\/strong><\/p>\n\n\n\n<!--more-->\n\n\n\n<p><strong>A esposa do deputado&nbsp;Alexandre Ramagem&nbsp;(PL-RJ),&nbsp;Rebeca Ramagem, disse, neste domingo (23), que eles foram para os&nbsp;Estados Unidos&nbsp;a fim de &#8220;proteger a fam\u00edlia&#8221;.<\/strong><\/p>\n\n\n\n<p><strong>&#8220;Hoje, infelizmente, n\u00e3o encontramos no pa\u00eds a garantia de uma justi\u00e7a imparcial. Somos v\u00edtimas de lawfare [uso estrat\u00e9gico do sistema jur\u00eddico como uma arma para prejudicar advers\u00e1rios pol\u00edticos] e temos enfrentado uma persegui\u00e7\u00e3o pol\u00edtica desumana&#8221;, escreveu Rebeca em postagem nas redes sociais.<\/strong><\/p>\n\n\n<div class=\"wp-block-image\">\n<figure class=\"alignleft size-large is-resized\"><img fetchpriority=\"high\" decoding=\"async\" width=\"819\" height=\"1024\" src=\"https:\/\/www.portalalerta.com.br\/wp-content\/uploads\/2025\/11\/Black-Real-2025-819x1024.jpg\" alt=\"\" class=\"wp-image-77268\" style=\"width:435px\" srcset=\"https:\/\/www.portalalerta.com.br\/wp-content\/uploads\/2025\/11\/Black-Real-2025-819x1024.jpg 819w, https:\/\/www.portalalerta.com.br\/wp-content\/uploads\/2025\/11\/Black-Real-2025-192x240.jpg 192w, https:\/\/www.portalalerta.com.br\/wp-content\/uploads\/2025\/11\/Black-Real-2025-768x960.jpg 768w, https:\/\/www.portalalerta.com.br\/wp-content\/uploads\/2025\/11\/Black-Real-2025.jpg 1080w\" sizes=\"(max-width: 819px) 100vw, 819px\" \/><\/figure><\/div>\n\n\n<p><strong>A postagem foi republicada no perfil de Alexandre Ramagem no X horas depois.<\/strong><\/p>\n\n\n\n<p><strong>Ind\u00edcios da&nbsp;PF (Pol\u00edcia Federal)&nbsp;mostram que o ex-diretor-geral da&nbsp;Abin (Ag\u00eancia Brasileira de Intelig\u00eancia)&nbsp;no governo de&nbsp;Jair Bolsonaro&nbsp;(PL) e condenado a 16 anos de pris\u00e3o na a\u00e7\u00e3o do plano de golpe de Estado, teria deixado o pa\u00eds por um pa\u00eds vizinho, ap\u00f3s usar um carro particular em um estado da regi\u00e3o Norte.<\/strong><\/p>\n\n\n\n<p><strong>A partir disso, o ministro&nbsp;Alexandre de Moraes, do&nbsp;STF (Supremo Tribunal Federal),&nbsp;<a href=\"https:\/\/www.cnnbrasil.com.br\/politica\/moraes-determina-prisao-preventiva-de-ramagem\/\" target=\"_blank\" rel=\"noreferrer noopener\">decretou a pris\u00e3o preventiva de Ramagem<\/a>.<\/strong><\/p>\n\n\n\n<p><strong>A&nbsp;<a href=\"https:\/\/www.cnnbrasil.com.br\/politica\/pf-vai-pedir-inclusao-de-ramagem-na-lista-da-interpol\/\" target=\"_blank\" rel=\"noreferrer noopener\">PF vai solicitar a inclus\u00e3o do nome de Ramagem na Difus\u00e3o Vermelha da Interpol<\/a>, o que o colocaria como foragido internacional em 196 pa\u00edses.<\/strong><\/p>\n\n\n\n<p><strong>Ainda de acordo com Rebeca Ramagem, eles mant\u00eam &#8220;a esperan\u00e7a de um dia voltar a um Brasil onde a escolha pol\u00edtico-ideol\u00f3gica n\u00e3o seja tratada como crime, e onde a liberdade de pensar e expressar ideias n\u00e3o se torne motivo de condena\u00e7\u00e3o&#8221;.<\/strong><\/p>\n\n\n\n<p><strong>&#8220;De onde estivermos, seguiremos firmes na luta em defesa dos nossos valores e do que acreditamos ser o melhor para Brasil e para todos os brasileiros. Continuamos acreditando na possibilidade de construir um Rio de Janeiro &#8216;bom pra quem \u00e9 de bem'&#8221;, prosseguiu a esposa do deputado.<\/strong><\/p>\n\n\n\n<p><strong>Eduardo Bolsonaro aconselha fuga de condenados<\/strong><\/p>\n\n\n\n<p><strong>Em entrevista \u00e0&nbsp;CNN Brasil&nbsp;no \u00faltimo s\u00e1bado (22) ap\u00f3s a pris\u00e3o preventiva de Jair Bolsonaro, o deputado&nbsp;Eduardo Bolsonaro&nbsp;(PL), que vive nos Estados Unidos atualmente,&nbsp;<a href=\"https:\/\/www.cnnbrasil.com.br\/politica\/eduardo-entrevista-aconselha-fuga\/\" target=\"_blank\" rel=\"noreferrer noopener\">disse ser a favor de que os condenados na a\u00e7\u00e3o penal do plano de golpe fujam do Brasil<\/a>.<\/strong><\/p>\n\n\n\n<p><strong>De acordo com ele, \u201cvale a pena lutar pela liberdade\u201d, j\u00e1 que as penas impostas pelo STF seriam \u201cinjustas\u201d.<\/strong><\/p>\n\n\n\n<p><strong>\u201c\u00c9 justo todas as pessoas do 8 de Janeiro, o deputado Alexandre Ramagem, fugirem de uma pena injusta&#8221;, declarou Eduardo.&nbsp;<\/strong><\/p>\n\n\n\n<p><strong>&#8220;Quando um bandido comete um crime e vai para a cadeia, isso \u00e9 como se fosse um acidente de trabalho, ele sabe que estava incorrendo naquele risco. Outra coisa \u00e9 a cabe\u00e7a de algu\u00e9m que n\u00e3o cometeu crime algum.&#8221;<\/strong><\/p>\n\n\n\n<blockquote class=\"tiktok-embed\" cite=\"https:\/\/www.tiktok.com\/@portalalerta\/video\/7576355806409428245\" data-video-id=\"7576355806409428245\" style=\"max-width: 605px;min-width: 325px;\" > <section> <a target=\"_blank\" title=\"@portalalerta\" href=\"https:\/\/www.tiktok.com\/@portalalerta?refer=embed\">@portalalerta<\/a> <p>Rebeca Ramagem diz que ela e marido foram aos EUA para \u201cproteger a fam\u00edlia\u201d  A esposa do deputado\u00a0Alexandre Ramagem\u00a0(PL-RJ),\u00a0Rebeca Ramagem, disse, neste domingo (23), que eles foram para os\u00a0Estados Unidos\u00a0a fim de \u201cproteger a fam\u00edlia\u201d.  #brasil #mundo #eua #rebecaramagem #alexandreramagem #portalalerta #portal_alerta #deolhonanoticia<\/p> <a target=\"_blank\" title=\"\u266c som original  - Portal Alerta\" href=\"https:\/\/www.tiktok.com\/music\/som-original-Portal-Alerta-7576355836042300176?refer=embed\">\u266c som original  &#8211; Portal Alerta<\/a> <\/section> <\/blockquote> <script async src=\"https:\/\/www.tiktok.com\/embed.js\"><\/script>\n\n\n\n<p><em>Fonte: CNN Brasil<\/em><\/p>\n","protected":false},"excerpt":{"rendered":"<p>Esposa do ex-diretor da Abin disse que ambos sofrem persegui\u00e7\u00e3o pol\u00edtica e s\u00e3o alvos de lawfare; deputado federal foi condenado a 16 anos por tentativa de golpe<\/p>\n","protected":false},"author":2,"featured_media":77375,"comment_status":"open","ping_status":"open","sticky":false,"template":"","format":"standard","meta":{"om_disable_all_campaigns":false,"_monsterinsights_skip_tracking":false,"_monsterinsights_sitenote_active":false,"_monsterinsights_sitenote_note":"","_monsterinsights_sitenote_category":0,"footnotes":""},"categories":[34,70,35,69,21],"tags":[100,3607,71,48,93,75,4178,4180,327,129,107,4181,132,230,339,106,203,120,51,109,8480,88,47,111,190],"class_list":["post-77384","post","type-post","status-publish","format-standard","has-post-thumbnail","hentry","category-brasil","category-destaques","category-mundo","category-noticias2","category-politica","tag-adustina","tag-alexandre-ramagem","tag-antas","tag-araci","tag-brasil","tag-cicero-dantas","tag-cipo-2","tag-crisopolis-2","tag-eua","tag-euclides-da-cunha","tag-fatima","tag-heliopolis-2","tag-itapicuru","tag-jeremoabo","tag-mundo","tag-nova-soure","tag-novo-triunfo","tag-olindina","tag-paripiranga","tag-quijingue","tag-rebeca-ramagem","tag-ribeira-do-amparo","tag-ribeira-do-pombal","tag-sitio-do-quinto","tag-tucano"],"aioseo_notices":[],"_links":{"self":[{"href":"https:\/\/www.portalalerta.com.br\/index.php\/wp-json\/wp\/v2\/posts\/77384","targetHints":{"allow":["GET"]}}],"collection":[{"href":"https:\/\/www.portalalerta.com.br\/index.php\/wp-json\/wp\/v2\/posts"}],"about":[{"href":"https:\/\/www.portalalerta.com.br\/index.php\/wp-json\/wp\/v2\/types\/post"}],"author":[{"embeddable":true,"href":"https:\/\/www.portalalerta.com.br\/index.php\/wp-json\/wp\/v2\/users\/2"}],"replies":[{"embeddable":true,"href":"https:\/\/www.portalalerta.com.br\/index.php\/wp-json\/wp\/v2\/comments?post=77384"}],"version-history":[{"count":2,"href":"https:\/\/www.portalalerta.com.br\/index.php\/wp-json\/wp\/v2\/posts\/77384\/revisions"}],"predecessor-version":[{"id":77407,"href":"https:\/\/www.portalalerta.com.br\/index.php\/wp-json\/wp\/v2\/posts\/77384\/revisions\/77407"}],"wp:featuredmedia":[{"embeddable":true,"href":"https:\/\/www.portalalerta.com.br\/index.php\/wp-json\/wp\/v2\/media\/77375"}],"wp:attachment":[{"href":"https:\/\/www.portalalerta.com.br\/index.php\/wp-json\/wp\/v2\/media?parent=77384"}],"wp:term":[{"taxonomy":"category","embeddable":true,"href":"https:\/\/www.portalalerta.com.br\/index.php\/wp-json\/wp\/v2\/categories?post=77384"},{"taxonomy":"post_tag","embeddable":true,"href":"https:\/\/www.portalalerta.com.br\/index.php\/wp-json\/wp\/v2\/tags?post=77384"}],"curies":[{"name":"wp","href":"https:\/\/api.w.org\/{rel}","templated":true}]}}