{"id":77416,"date":"2025-11-24T22:34:07","date_gmt":"2025-11-25T01:34:07","guid":{"rendered":"https:\/\/www.portalalerta.com.br\/?p=77416"},"modified":"2025-11-25T00:12:56","modified_gmt":"2025-11-25T03:12:56","slug":"funcionario-e-preso-ao-ser-flagrado-furtando-dinheiro-de-supermercado-onde-trabalhava-em-ribeira-do-pombal-ba","status":"publish","type":"post","link":"https:\/\/www.portalalerta.com.br\/index.php\/2025\/11\/24\/funcionario-e-preso-ao-ser-flagrado-furtando-dinheiro-de-supermercado-onde-trabalhava-em-ribeira-do-pombal-ba\/","title":{"rendered":"Funcion\u00e1rio \u00e9 preso ao ser flagrado furtando dinheiro de Supermercado onde trabalhava, em Ribeira do Pombal-BA"},"content":{"rendered":"\n<p>Na manh\u00e3 do \u00faltimo domingo (23), policiais militares do 2\u00ba Pelot\u00e3o\/ Ribeira do Pombal-BA, foram acionados por um empres\u00e1rio pombalense, que afirmava ter flagrado seu pr\u00f3prio funcion\u00e1rio na pr\u00e1tica de furto, em seu estabelecimento comercial.<\/p>\n\n\n\n<!--more-->\n\n\n<div class=\"wp-block-image\">\n<figure class=\"alignleft size-large is-resized\"><img fetchpriority=\"high\" decoding=\"async\" width=\"819\" height=\"1024\" src=\"https:\/\/www.portalalerta.com.br\/wp-content\/uploads\/2025\/11\/Black-Real-2025-819x1024.jpg\" alt=\"\" class=\"wp-image-77268\" style=\"width:409px;height:auto\" srcset=\"https:\/\/www.portalalerta.com.br\/wp-content\/uploads\/2025\/11\/Black-Real-2025-819x1024.jpg 819w, https:\/\/www.portalalerta.com.br\/wp-content\/uploads\/2025\/11\/Black-Real-2025-192x240.jpg 192w, https:\/\/www.portalalerta.com.br\/wp-content\/uploads\/2025\/11\/Black-Real-2025-768x960.jpg 768w, https:\/\/www.portalalerta.com.br\/wp-content\/uploads\/2025\/11\/Black-Real-2025.jpg 1080w\" sizes=\"(max-width: 819px) 100vw, 819px\" \/><\/figure><\/div>\n\n\n<p>O crime aconteceu em um Supermercado situado \u00e0 Av. Ev\u00eancia Brito. De acordo com a v\u00edtima, a a\u00e7\u00e3o foi flagrada por c\u00e2meras de monitoramento, e ap\u00f3s tomar conhecimento das filmagens o autor confessou a a\u00e7\u00e3o. Ap\u00f3s cometer o crime, o rapaz chegou a pagar uma conta com dinheiro furtado, no pr\u00f3prio estabelecimento, ficando com a maior parte da quantia subtra\u00edda, em seus bolsos.<\/p>\n\n\n\n<p>Diante do flagrante, autor e v\u00edtima foram conduzidos para a Delegacia de Pol\u00edcia Civil da cidade, para a ado\u00e7\u00e3o das medidas cab\u00edveis. O autor n\u00e3o teve a identidade divulgada.<\/p>\n\n\n\n<blockquote class=\"tiktok-embed\" cite=\"https:\/\/www.tiktok.com\/@portalalerta\/video\/7576475208001867028\" data-video-id=\"7576475208001867028\" style=\"max-width: 605px;min-width: 325px;\" > <section> <a target=\"_blank\" title=\"@portalalerta\" href=\"https:\/\/www.tiktok.com\/@portalalerta?refer=embed\">@portalalerta<\/a> <p>Funcion\u00e1rio \u00e9 preso ao ser flagrado furtando dinheiro de Supermercado onde trabalhava, em Ribeira do Pombal-BA  Na manh\u00e3 do \u00faltimo domingo (23), policiais militares do 2\u00ba Pelot\u00e3o&#47; Ribeira do Pombal-BA, foram acionados por um empres\u00e1rio pombalense, que afirmava ter flagrado seu pr\u00f3prio funcion\u00e1rio na pr\u00e1tica de furto, em seu estabelecimento comercial. #ribeiradopombal #furto #preso #policiamilitar #pmba #portalalerta #portal_alerta #deolhonanoticia<\/p> <a target=\"_blank\" title=\"\u266c som original  - Portal Alerta\" href=\"https:\/\/www.tiktok.com\/music\/som-original-Portal-Alerta-7576475270204001031?refer=embed\">\u266c som original  &#8211; Portal Alerta<\/a> <\/section> <\/blockquote> <script async src=\"https:\/\/www.tiktok.com\/embed.js\"><\/script>\n\n\n\n<p><em>Reda\u00e7\u00e3o: Portal Alerta<\/em><\/p>\n\n\n\n<p>Imagem gerada por IA<\/p>\n","protected":false},"excerpt":{"rendered":"<p>Na manh\u00e3 do \u00faltimo domingo (23), policiais militares do 2\u00ba Pelot\u00e3o\/ Ribeira do Pombal-BA, foram acionados por um empres\u00e1rio pombalense, que afirmava ter flagrado seu pr\u00f3prio funcion\u00e1rio na pr\u00e1tica de furto, em seu estabelecimento comercial.<\/p>\n","protected":false},"author":2,"featured_media":77417,"comment_status":"open","ping_status":"open","sticky":false,"template":"","format":"standard","meta":{"om_disable_all_campaigns":false,"_monsterinsights_skip_tracking":false,"_monsterinsights_sitenote_active":false,"_monsterinsights_sitenote_note":"","_monsterinsights_sitenote_category":0,"footnotes":""},"categories":[8473,69,32,3,22],"tags":[],"class_list":["post-77416","post","type-post","status-publish","format-standard","has-post-thumbnail","hentry","category-destaque","category-noticias2","category-regiao","category-ribeira-do-pombal","category-seguranca"],"aioseo_notices":[],"_links":{"self":[{"href":"https:\/\/www.portalalerta.com.br\/index.php\/wp-json\/wp\/v2\/posts\/77416","targetHints":{"allow":["GET"]}}],"collection":[{"href":"https:\/\/www.portalalerta.com.br\/index.php\/wp-json\/wp\/v2\/posts"}],"about":[{"href":"https:\/\/www.portalalerta.com.br\/index.php\/wp-json\/wp\/v2\/types\/post"}],"author":[{"embeddable":true,"href":"https:\/\/www.portalalerta.com.br\/index.php\/wp-json\/wp\/v2\/users\/2"}],"replies":[{"embeddable":true,"href":"https:\/\/www.portalalerta.com.br\/index.php\/wp-json\/wp\/v2\/comments?post=77416"}],"version-history":[{"count":2,"href":"https:\/\/www.portalalerta.com.br\/index.php\/wp-json\/wp\/v2\/posts\/77416\/revisions"}],"predecessor-version":[{"id":77430,"href":"https:\/\/www.portalalerta.com.br\/index.php\/wp-json\/wp\/v2\/posts\/77416\/revisions\/77430"}],"wp:featuredmedia":[{"embeddable":true,"href":"https:\/\/www.portalalerta.com.br\/index.php\/wp-json\/wp\/v2\/media\/77417"}],"wp:attachment":[{"href":"https:\/\/www.portalalerta.com.br\/index.php\/wp-json\/wp\/v2\/media?parent=77416"}],"wp:term":[{"taxonomy":"category","embeddable":true,"href":"https:\/\/www.portalalerta.com.br\/index.php\/wp-json\/wp\/v2\/categories?post=77416"},{"taxonomy":"post_tag","embeddable":true,"href":"https:\/\/www.portalalerta.com.br\/index.php\/wp-json\/wp\/v2\/tags?post=77416"}],"curies":[{"name":"wp","href":"https:\/\/api.w.org\/{rel}","templated":true}]}}