{"id":77419,"date":"2025-11-24T22:47:58","date_gmt":"2025-11-25T01:47:58","guid":{"rendered":"https:\/\/www.portalalerta.com.br\/?p=77419"},"modified":"2025-11-25T00:13:30","modified_gmt":"2025-11-25T03:13:30","slug":"por-unanimidade-primeira-turma-do-stf-mantem-prisao-preventiva-de-bolsonaro","status":"publish","type":"post","link":"https:\/\/www.portalalerta.com.br\/index.php\/2025\/11\/24\/por-unanimidade-primeira-turma-do-stf-mantem-prisao-preventiva-de-bolsonaro\/","title":{"rendered":"Por unanimidade, Primeira Turma do STF mant\u00e9m pris\u00e3o preventiva de Bolsonaro"},"content":{"rendered":"\n<p>No voto, Moraes ressaltou que Bolsonaro, durante a audi\u00eancia de cust\u00f3dia, confessou que \u2018inutilizou a tornozeleira eletr\u00f4nica\u2019<\/p>\n\n\n\n<!--more-->\n\n\n\n<p>A&nbsp;<strong>Primeira Turma do&nbsp;<\/strong><a href=\"https:\/\/www.band.com.br\/tudo-sobre\/stf\"><strong>Supremo Tribunal Federal<\/strong><\/a>&nbsp;(STF) decidiu, por unanimidade,&nbsp;<strong>manter a pris\u00e3o preventiva do ex-presidente&nbsp;<\/strong><a href=\"https:\/\/www.band.com.br\/tudo-sobre\/jair-bolsonaro\"><strong>Jair Bolsonaro<\/strong><\/a>&nbsp;(PL). O julgamento aconteceu em sess\u00e3o extraordin\u00e1ria no plen\u00e1rio virtual da Corte.&nbsp;<\/p>\n\n\n\n<p>Os&nbsp;<strong>ministros Cristiano Zanin,&nbsp;<\/strong><a href=\"https:\/\/www.band.com.br\/tudo-sobre\/flavio-dino\"><strong>Fl\u00e1vio Dino&nbsp;<\/strong><\/a><strong>e C\u00e1rmen L\u00facia acompanharam o voto do relator<\/strong>&nbsp;do caso,&nbsp;<a href=\"https:\/\/www.band.com.br\/tudo-sobre\/alexandre-de-moraes\"><strong>Alexandre de Moraes<\/strong><\/a>.&nbsp;<\/p>\n\n\n\n<p>No voto, Moraes ressaltou que&nbsp;<a href=\"https:\/\/www.band.com.br\/noticias\/bolsonaro-audiencia-de-custodia-202511231304\"><strong>durante a audi\u00eancia de cust\u00f3dia<\/strong><\/a>, realizada neste domingo (23), Jair Bolsonaro \u201cnovamente confessou que inutilizou a \u2018tornozeleira eletr\u00f4nica\u2019, com cometimento de falta grave, ostensivo descumprimento da medida cautelar e patente desrespeito \u00e0 Justi\u00e7a\u201d.&nbsp;<\/p>\n\n\n\n<p><strong>\u201cVoto no sentido de referendar a decis\u00e3o de converter as medidas cautelares anteriormente impostas em pris\u00e3o preventiva de Jair Messias Bolsonaro\u201d, escreveu Alexandre de Moraes na decis\u00e3o.&nbsp;<\/strong><\/p>\n\n\n\n<p>Fl\u00e1vio Dino citou a vigilia convocada por Fl\u00e1vio Bolsonaro a ser realizada nas intermedia\u00e7\u00f5es da resid\u00eancia do ex-presidente, onde cumpria pris\u00e3o domiciliar.&nbsp;<\/p>\n\n\n\n<p>\u201cA realiza\u00e7\u00e3o de evento dessa natureza, em tal contexto urbano, configuraria risco evidente \u00e0 ordem p\u00fablica, expondo moradores e propriedades privadas a potenciais danos e situa\u00e7\u00f5es de perigo iminente. Pertinente lembrar que entre os moradores em risco estariam inclusive idosos e crian\u00e7as, o que sublinha a insuport\u00e1vel amea\u00e7a em curso\u201d, destacou Dino.&nbsp;<\/p>\n\n\n\n<p>Dino citou ainda a fuga recente do deputado Alexandre Ramagem (PL-RJ) para os Estados Unidos, al\u00e9m de outras tentativas de fuga de apoiadores de Bolsonaro: \u201cAs fugas citadas mostram profunda deslealdade com as institui\u00e7\u00f5es p\u00e1trias, compondo um deplor\u00e1vel ecossistema criminoso.\u201d&nbsp;<\/p>\n\n\n\n<p><strong>Pris\u00e3o de Bolsonaro&nbsp;<\/strong><\/p>\n\n\n\n<p><a href=\"https:\/\/www.band.com.br\/noticias\/por-que-bolsonaro-foi-preso-preventivamente-entenda-202511220802\"><strong>Jair Bolsonaro foi preso de forma preventiva pela Pol\u00edcia Federal no \u00faltimo s\u00e1bado,<\/strong><\/a>&nbsp;ap\u00f3s determina\u00e7\u00e3o de Alexandre de Moraes. Na decis\u00e3o, o ministro do Supremo Tribunal Federal citou eventual risco de fuga diante da tentativa do pol\u00edtico de violar a tornozeleira eletr\u00f4nica e da vig\u00edlia convocada pelo seu filho, o senador Fl\u00e1vio Bolsonaro, nas proximidades da casa onde o ex-presidente cumpria pris\u00e3o domiciliar.&nbsp;<\/p>\n\n\n\n<p><strong>Bolsonaro afirma ter tido &#8216;certa paranoia&#8217;<\/strong><\/p>\n\n\n\n<p>Conforme a ata da audi\u00eancia de cust\u00f3dia,&nbsp;<a href=\"https:\/\/www.band.com.br\/noticias\/bolsonaro-diz-que-agiu-por-paranoia-ao-tentar-abrir-tornozeleira-com-ferro-de-solda-202511231321\"><strong>Bolsonaro afirmou ter tido uma \u201ccerta paranoia\u201d<\/strong><\/a>&nbsp;na madrugada de sexta para s\u00e1bado devido \u00e0 intera\u00e7\u00e3o de medicamentos prescritos por diferentes m\u00e9dicos \u2014 entre eles Pregabalina e Sertralina.&nbsp;<\/p>\n\n\n\n<p>Ele relatou que, por volta da meia-noite, usou um ferro de solda para abrir a tampa da tornozeleira eletr\u00f4nica porque acreditou que o dispositivo continha \u201calguma escuta\u201d, gerando um alerta para a Secretaria de Estado de Administra\u00e7\u00e3o Penitenci\u00e1ria do Distrito Federal (Seap), respons\u00e1vel pelo monitoramento do equipamento.<\/p>\n\n\n\n<p>A defesa argumenta que, por intera\u00e7\u00e3o de rem\u00e9dios, Bolsonaro apresentou confus\u00e3o e paranoia. E acrescenta que ele colaborou com a troca do equipamento, n\u00e3o havendo tentativa de fuga.&nbsp;<\/p>\n\n\n\n<p>Bolsonaro afirmou ainda que n\u00e3o tinha inten\u00e7\u00e3o de fuga e que a cinta do equipamento n\u00e3o teria sido rompida \u2014 vers\u00e3o que a per\u00edcia ainda vai analisar. Ele disse ter avisado os policiais ap\u00f3s \u201ccair na raz\u00e3o\u201d e interromper a tentativa de abrir o monitoramento eletr\u00f4nico.<\/p>\n\n\n\n<blockquote class=\"tiktok-embed\" cite=\"https:\/\/www.tiktok.com\/@portalalerta\/video\/7576494016913476885\" data-video-id=\"7576494016913476885\" style=\"max-width: 605px;min-width: 325px;\" > <section> <a target=\"_blank\" title=\"@portalalerta\" href=\"https:\/\/www.tiktok.com\/@portalalerta?refer=embed\">@portalalerta<\/a> <p>Por unanimidade, Primeira Turma do STF mant\u00e9m pris\u00e3o preventiva de Bolsonaro  A Primeira Turma do Supremo Tribunal Federal (STF) decidiu, por unanimidade, manter a pris\u00e3o preventiva do ex-presidente Jair Bolsonaro (PL). O julgamento aconteceu em sess\u00e3o extraordin\u00e1ria no plen\u00e1rio virtual da Corte.   #brasil #stf #jairbolsonaro #preso #portalalerta #portal_alerta #deolhonanoticia<\/p> <a target=\"_blank\" title=\"\u266c som original  - Portal Alerta\" href=\"https:\/\/www.tiktok.com\/music\/som-original-Portal-Alerta-7576494077447441160?refer=embed\">\u266c som original  &#8211; Portal Alerta<\/a> <\/section> <\/blockquote> <script async src=\"https:\/\/www.tiktok.com\/embed.js\"><\/script>\n\n\n\n<p><em>Fonte: Band<\/em><\/p>\n","protected":false},"excerpt":{"rendered":"<p>No voto, Moraes ressaltou que Bolsonaro, durante a audi\u00eancia de cust\u00f3dia, confessou que \u2018inutilizou a tornozeleira eletr\u00f4nica\u2019<\/p>\n","protected":false},"author":2,"featured_media":32720,"comment_status":"open","ping_status":"open","sticky":false,"template":"","format":"standard","meta":{"om_disable_all_campaigns":false,"_monsterinsights_skip_tracking":false,"_monsterinsights_sitenote_active":false,"_monsterinsights_sitenote_note":"","_monsterinsights_sitenote_category":0,"footnotes":""},"categories":[34,8473,69,21],"tags":[],"class_list":["post-77419","post","type-post","status-publish","format-standard","has-post-thumbnail","hentry","category-brasil","category-destaque","category-noticias2","category-politica"],"aioseo_notices":[],"_links":{"self":[{"href":"https:\/\/www.portalalerta.com.br\/index.php\/wp-json\/wp\/v2\/posts\/77419","targetHints":{"allow":["GET"]}}],"collection":[{"href":"https:\/\/www.portalalerta.com.br\/index.php\/wp-json\/wp\/v2\/posts"}],"about":[{"href":"https:\/\/www.portalalerta.com.br\/index.php\/wp-json\/wp\/v2\/types\/post"}],"author":[{"embeddable":true,"href":"https:\/\/www.portalalerta.com.br\/index.php\/wp-json\/wp\/v2\/users\/2"}],"replies":[{"embeddable":true,"href":"https:\/\/www.portalalerta.com.br\/index.php\/wp-json\/wp\/v2\/comments?post=77419"}],"version-history":[{"count":2,"href":"https:\/\/www.portalalerta.com.br\/index.php\/wp-json\/wp\/v2\/posts\/77419\/revisions"}],"predecessor-version":[{"id":77432,"href":"https:\/\/www.portalalerta.com.br\/index.php\/wp-json\/wp\/v2\/posts\/77419\/revisions\/77432"}],"wp:featuredmedia":[{"embeddable":true,"href":"https:\/\/www.portalalerta.com.br\/index.php\/wp-json\/wp\/v2\/media\/32720"}],"wp:attachment":[{"href":"https:\/\/www.portalalerta.com.br\/index.php\/wp-json\/wp\/v2\/media?parent=77419"}],"wp:term":[{"taxonomy":"category","embeddable":true,"href":"https:\/\/www.portalalerta.com.br\/index.php\/wp-json\/wp\/v2\/categories?post=77419"},{"taxonomy":"post_tag","embeddable":true,"href":"https:\/\/www.portalalerta.com.br\/index.php\/wp-json\/wp\/v2\/tags?post=77419"}],"curies":[{"name":"wp","href":"https:\/\/api.w.org\/{rel}","templated":true}]}}