{"id":77436,"date":"2025-11-25T09:31:55","date_gmt":"2025-11-25T12:31:55","guid":{"rendered":"https:\/\/www.portalalerta.com.br\/?p=77436"},"modified":"2025-11-25T22:04:41","modified_gmt":"2025-11-26T01:04:41","slug":"em-meio-a-escalada-de-tensoes-com-eua-maduro-apela-a-russia-e-a-china","status":"publish","type":"post","link":"https:\/\/www.portalalerta.com.br\/index.php\/2025\/11\/25\/em-meio-a-escalada-de-tensoes-com-eua-maduro-apela-a-russia-e-a-china\/","title":{"rendered":"Em meio \u00e0 escalada de tens\u00f5es com EUA, Maduro apela \u00e0 R\u00fassia e \u00e0 China"},"content":{"rendered":"\n<p>Ditador venezuelano afirmou que o momento representa uma oportunidade para aprofundar rela\u00e7\u00e3o com aliados<\/p>\n\n\n\n<!--more-->\n\n\n\n<p>O ditador da Venezuela, Nicol\u00e1s Maduro, destacou nesta segunda-feira (24) sua reaproxima\u00e7\u00e3o com a&nbsp;China&nbsp;e a&nbsp;R\u00fassia, em meio ao aumento das tens\u00f5es sobre o destacamento dos Estados Unidos no Caribe, ap\u00f3s a designa\u00e7\u00e3o do&nbsp;chamado&nbsp;Cartel de los Soles&nbsp;como organiza\u00e7\u00e3o terrorista estrangeira.<\/p>\n\n\n\n<p>Durante a transmiss\u00e3o de seu programa no canal estatal,&nbsp;<a href=\"https:\/\/www.cnnbrasil.com.br\/internacional\/eua-concentram-cacas-em-porto-rico-em-meio-a-tensao-com-a-venezuela\/\">Maduro<\/a>&nbsp;assegurou que a rela\u00e7\u00e3o com a China \u00e9 de \u201cconfian\u00e7a profunda, ampla e est\u00e1vel\u201d.<\/p>\n\n\n\n<p>\u201cDurante este per\u00edodo que a Venezuela teve de atravessar, a rela\u00e7\u00e3o&nbsp;<a href=\"https:\/\/www.cnnbrasil.com.br\/internacional\/venezuela-tem-voos-internacionais-cancelados-apos-alerta-de-risco-dos-eua\/\">China-Venezuela<\/a>&nbsp;passou no teste sem sombra de d\u00favida, e este momento representa uma oportunidade para aprofund\u00e1-la e fortalec\u00ea-la em todas as frentes de trabalho\u201d, acrescentou o ditador.<\/p>\n\n\n\n<p>Em rela\u00e7\u00e3o \u00e0&nbsp;R\u00fassia, Maduro se referiu \u00e0 carta que recebeu do presidente Vladimir Putin na v\u00e9spera de seu anivers\u00e1rio, na qual o presidente russo reafirmou seu&nbsp;<a href=\"https:\/\/www.cnnbrasil.com.br\/internacional\/trump-recebeu-a-opcao-de-conversar-direto-com-maduro-dizem-fontes\/\">apoio \u00e0 Venezuela<\/a>&nbsp;e expressou confian\u00e7a de que o pa\u00eds \u201csuperar\u00e1 todas as prova\u00e7\u00f5es com dignidade\u201d.<\/p>\n\n\n\n<p>O ditador destacou que ambos os governos est\u00e3o desenvolvendo uma comiss\u00e3o intergovernamental que lhes permitir\u00e1 finalizar \u201cnovos acordos e planos de a\u00e7\u00e3o em coopera\u00e7\u00e3o petrol\u00edfera, financeira, militar, cultural, educacional, cient\u00edfica e tecnol\u00f3gica\u201d.<\/p>\n\n\n\n<p>As declara\u00e7\u00f5es do ditador venezuelano surgem horas depois da entrada em vigor&nbsp;da designa\u00e7\u00e3o do chamado&nbsp;<a href=\"https:\/\/www.cnnbrasil.com.br\/blogs\/priscila-yazbek\/internacional\/entenda-o-que-e-o-cartel-de-los-soles-que-maduro-e-acusado-de-chefiar\/\">Cartel de los Soles<\/a>&nbsp;como organiza\u00e7\u00e3o&nbsp;terrorista&nbsp;estrangeira, que Washington afirma ser liderada por Maduro.<\/p>\n\n\n\n<p>O l\u00edder da Venezuela sempre negou qualquer envolvimento pessoal com o narcotr\u00e1fico, e seu governo reiteradamente descartou a exist\u00eancia do suposto cartel, que,&nbsp;segundo alguns especialistas, tecnicamente n\u00e3o existe no sentido convencional.<\/p>\n\n\n\n<p>A medida dos EUA ocorre em meio a um destacamento militar no Caribe que reuniu mais de uma d\u00fazia de navios de guerra e 15 mil soldados na regi\u00e3o,&nbsp;como parte do que o Pent\u00e1gono denominou \u201cOpera\u00e7\u00e3o Lan\u00e7a do Sul\u201d.<\/p>\n\n\n\n<blockquote class=\"tiktok-embed\" cite=\"https:\/\/www.tiktok.com\/@portalalerta\/video\/7576832996381084935\" data-video-id=\"7576832996381084935\" style=\"max-width: 605px;min-width: 325px;\" > <section> <a target=\"_blank\" title=\"@portalalerta\" href=\"https:\/\/www.tiktok.com\/@portalalerta?refer=embed\">@portalalerta<\/a> <p>Em meio \u00e0 escalada de tens\u00f5es com EUA, Maduro apela \u00e0 R\u00fassia e \u00e0 China  O ditador da Venezuela, Nicol\u00e1s Maduro, destacou nesta segunda-feira (24) sua reaproxima\u00e7\u00e3o com a\u00a0China\u00a0e a\u00a0R\u00fassia, em meio ao aumento das tens\u00f5es sobre o destacamento dos Estados Unidos no Caribe, ap\u00f3s a designa\u00e7\u00e3o do\u00a0chamado\u00a0Cartel de los Soles\u00a0como organiza\u00e7\u00e3o terrorista estrangeira. #mundo #venezuela #nicolasmaduro #russia #eua #portalalerta #portal_alerta #deolhonanoticia<\/p> <a target=\"_blank\" title=\"\u266c som original  - Portal Alerta\" href=\"https:\/\/www.tiktok.com\/music\/som-original-Portal-Alerta-7576833065613675272?refer=embed\">\u266c som original  &#8211; Portal Alerta<\/a> <\/section> <\/blockquote> <script async src=\"https:\/\/www.tiktok.com\/embed.js\"><\/script>\n\n\n\n<p><em>Fonte: CNN<\/em><\/p>\n","protected":false},"excerpt":{"rendered":"<p>Ditador venezuelano afirmou que o momento representa uma oportunidade para aprofundar rela\u00e7\u00e3o com aliados<\/p>\n","protected":false},"author":2,"featured_media":58954,"comment_status":"open","ping_status":"open","sticky":false,"template":"","format":"standard","meta":{"om_disable_all_campaigns":false,"_monsterinsights_skip_tracking":false,"_monsterinsights_sitenote_active":false,"_monsterinsights_sitenote_note":"","_monsterinsights_sitenote_category":0,"footnotes":""},"categories":[8473,35,69,21],"tags":[],"class_list":["post-77436","post","type-post","status-publish","format-standard","has-post-thumbnail","hentry","category-destaque","category-mundo","category-noticias2","category-politica"],"aioseo_notices":[],"_links":{"self":[{"href":"https:\/\/www.portalalerta.com.br\/index.php\/wp-json\/wp\/v2\/posts\/77436","targetHints":{"allow":["GET"]}}],"collection":[{"href":"https:\/\/www.portalalerta.com.br\/index.php\/wp-json\/wp\/v2\/posts"}],"about":[{"href":"https:\/\/www.portalalerta.com.br\/index.php\/wp-json\/wp\/v2\/types\/post"}],"author":[{"embeddable":true,"href":"https:\/\/www.portalalerta.com.br\/index.php\/wp-json\/wp\/v2\/users\/2"}],"replies":[{"embeddable":true,"href":"https:\/\/www.portalalerta.com.br\/index.php\/wp-json\/wp\/v2\/comments?post=77436"}],"version-history":[{"count":2,"href":"https:\/\/www.portalalerta.com.br\/index.php\/wp-json\/wp\/v2\/posts\/77436\/revisions"}],"predecessor-version":[{"id":77450,"href":"https:\/\/www.portalalerta.com.br\/index.php\/wp-json\/wp\/v2\/posts\/77436\/revisions\/77450"}],"wp:featuredmedia":[{"embeddable":true,"href":"https:\/\/www.portalalerta.com.br\/index.php\/wp-json\/wp\/v2\/media\/58954"}],"wp:attachment":[{"href":"https:\/\/www.portalalerta.com.br\/index.php\/wp-json\/wp\/v2\/media?parent=77436"}],"wp:term":[{"taxonomy":"category","embeddable":true,"href":"https:\/\/www.portalalerta.com.br\/index.php\/wp-json\/wp\/v2\/categories?post=77436"},{"taxonomy":"post_tag","embeddable":true,"href":"https:\/\/www.portalalerta.com.br\/index.php\/wp-json\/wp\/v2\/tags?post=77436"}],"curies":[{"name":"wp","href":"https:\/\/api.w.org\/{rel}","templated":true}]}}