{"id":77440,"date":"2025-11-25T09:36:41","date_gmt":"2025-11-25T12:36:41","guid":{"rendered":"https:\/\/www.portalalerta.com.br\/?p=77440"},"modified":"2025-11-25T22:13:56","modified_gmt":"2025-11-26T01:13:56","slug":"bolsonaro-torres-e-ramagem-nao-recorrem-e-se-aproximam-do-inicio-da-pena","status":"publish","type":"post","link":"https:\/\/www.portalalerta.com.br\/index.php\/2025\/11\/25\/bolsonaro-torres-e-ramagem-nao-recorrem-e-se-aproximam-do-inicio-da-pena\/","title":{"rendered":"Bolsonaro, Torres e Ramagem n\u00e3o recorrem e se aproximam do in\u00edcio da pena"},"content":{"rendered":"\n<p>Prazo para apresentar embargos de declara\u00e7\u00e3o terminou \u00e0s 23h59 dessa segunda; quatro militares condenados do n\u00facleo 1 protocolaram novos recursos<\/p>\n\n\n\n<!--more-->\n\n\n\n<p>A defesa do ex-presidente Jair Bolsonaro (PL), do deputado federal Alexandre Ramagem (PL-RJ) e do ex-ministro da Justi\u00e7a Anderson Torres n\u00e3o apresentaram novos recursos de embargos de declara\u00e7\u00e3o ao STF (Supremo Tribunal Federal). O prazo para o envio desse tipo de recurso foi encerrado nessa segunda-feira (24).<\/p>\n\n\n\n<p>Sem a apresenta\u00e7\u00e3o dos embargos de declara\u00e7\u00e3o, fica aberta a possibilidade de o ministro Alexandre de Moraes determinar o tr\u00e2nsito em julgado do processo, etapa em que se encerram as possibilidades de recurso, e determinar o cumprimento de pena.<\/p>\n\n\n<div class=\"wp-block-image\">\n<figure class=\"alignleft size-large is-resized\"><img fetchpriority=\"high\" decoding=\"async\" width=\"819\" height=\"1024\" src=\"https:\/\/www.portalalerta.com.br\/wp-content\/uploads\/2025\/11\/Black-Real-2025-819x1024.jpg\" alt=\"\" class=\"wp-image-77268\" style=\"width:397px;height:auto\" srcset=\"https:\/\/www.portalalerta.com.br\/wp-content\/uploads\/2025\/11\/Black-Real-2025-819x1024.jpg 819w, https:\/\/www.portalalerta.com.br\/wp-content\/uploads\/2025\/11\/Black-Real-2025-192x240.jpg 192w, https:\/\/www.portalalerta.com.br\/wp-content\/uploads\/2025\/11\/Black-Real-2025-768x960.jpg 768w, https:\/\/www.portalalerta.com.br\/wp-content\/uploads\/2025\/11\/Black-Real-2025.jpg 1080w\" sizes=\"(max-width: 819px) 100vw, 819px\" \/><\/figure><\/div>\n\n\n<p>O prazo de cinco dias \u00fateis foi aberto ap\u00f3s a publica\u00e7\u00e3o na \u00faltima ter\u00e7a-feira (18) do ac\u00f3rd\u00e3o do julgamento na Primeira Turma do Supremo, que negou por unanimidade os primeiros recursos.<\/p>\n\n\n\n<p>Ap\u00f3s o processo entrar em tr\u00e2nsito em julgado, o ministro Alexandre de Moraes, relator da a\u00e7\u00e3o penal dos n\u00facleos relacionados \u00e0 tentativa de golpe, poder\u00e1 determinar o cumprimento de pena para os condenados.<\/p>\n\n\n\n<p><strong>Situa\u00e7\u00e3o de Bolsonaro<\/strong><\/p>\n\n\n\n<p>Bolsonaro foi condenado a pena de 27 anos e tr\u00eas meses por liderar a trama golpista. Desde s\u00e1bado (22), o<a href=\"https:\/\/www.cnnbrasil.com.br\/politica\/bolsonaro-e-preso-pela-policia-federal-em-brasilia\/\" target=\"_blank\" rel=\"noreferrer noopener\">&nbsp;ex-presidente est\u00e1 preso preventivamente na Superintend\u00eancia da PF (Pol\u00edcia Federal)<\/a>.<\/p>\n\n\n\n<p>Como mostrou a&nbsp;CNN Brasil,<a href=\"https:\/\/www.cnnbrasil.com.br\/blogs\/jussara-soares\/politica\/defesa-de-bolsonaro-deve-abrir-mao-de-segundo-embargo-de-declaracao\/\">&nbsp;a defesa optou em apresentar embargos infringentes<\/a>&nbsp;&#8211; recurso utilizado para decis\u00f5es colegiadas, quando n\u00e3o h\u00e1 unanimidade &#8211; que pode ser apresentado no prazo de 15 dias ap\u00f3s a publica\u00e7\u00e3o do ac\u00f3rd\u00e3o.<\/p>\n\n\n\n<p>No entanto, o Supremo vem utilizado o m\u00e9todo de acolher esse tipo de recurso apenas quando h\u00e1 pelo menos dois votos divergentes na turma. Dessa forma, Moraes vai analisar se o recurso \u00e9 cab\u00edvel.<\/p>\n\n\n\n<p>Bolsonaro ficou em pris\u00e3o domiciliar de 4 de agosto at\u00e9 o \u00faltimo s\u00e1bado, quando<a href=\"https:\/\/www.cnnbrasil.com.br\/politica\/bolsonaro-e-preso-pela-policia-federal-em-brasilia\/\">&nbsp;teve a pris\u00e3o convertida em preventiva<\/a>&nbsp;ap\u00f3s violar a tornozeleira eletr\u00f4nica. Ele est\u00e1 detido em uma sala na Superintend\u00eancia da PF, em Bras\u00edlia.<\/p>\n\n\n\n<p><strong>Ramagem foragido<\/strong><\/p>\n\n\n\n<p>Ramagem est\u00e1 foragido da Justi\u00e7a brasileira, ap\u00f3s ter&nbsp;<a href=\"https:\/\/www.cnnbrasil.com.br\/politica\/moraes-determina-prisao-preventiva-de-ramagem\/\">mandado de pris\u00e3o preventiva determinado pelo ministro Alexandre de Moraes<\/a>.<\/p>\n\n\n\n<p>Tamb\u00e9m nessa segunda, o deputado&nbsp;<a href=\"https:\/\/www.cnnbrasil.com.br\/politica\/ramagem-diz-estar-seguro-nos-eua-e-chama-moraes-de-tirano\/\">postou um v\u00eddeo no X (antigo Twitter)<\/a>&nbsp;e disse que o mandado \u00e9 ilegal. Segundo a publica\u00e7\u00e3o,&nbsp;<a href=\"https:\/\/www.cnnbrasil.com.br\/politica\/ramagem-diz-estar-seguro-nos-eua-e-chama-moraes-de-tirano\/\">ele est\u00e1 nos Estados Unidos para proteger a si e sua fam\u00edlia<\/a>.<\/p>\n\n\n\n<p>O envolvimento do parlamentar no plano de golpe est\u00e1 relacionado a usar a estrutura da Abin (Ag\u00eancia Brasileira de Intelig\u00eancia), quando era diretor-geral do \u00f3rg\u00e3o.<\/p>\n\n\n\n<p><strong>Torres se antecipa<\/strong><\/p>\n\n\n\n<p>Nessa segunda,&nbsp;<a href=\"https:\/\/www.cnnbrasil.com.br\/politica\/torres-pede-para-cumprir-pena-na-pf-ou-em-batalhao-da-pm\/\">a defesa j\u00e1 havia informado ao Supremo que n\u00e3o apresentaria&nbsp;<\/a>embargos de declara\u00e7\u00e3o e disse que protocolaria embargos apenas os embargos infringentes.<\/p>\n\n\n\n<p>Por isso, entendendo a possibilidade do in\u00edcio da pena, os advogados pediram para o ex-ministro n\u00e3o cumprir a&nbsp;<a href=\"https:\/\/www.cnnbrasil.com.br\/politica\/torres-pede-para-cumprir-pena-na-pf-ou-em-batalhao-da-pm\/\">senten\u00e7a em pres\u00eddio comum<\/a>.<\/p>\n\n\n\n<p>&#8220;Caso se entenda pela execu\u00e7\u00e3o antecipada da pena, o que se admite por hip\u00f3tese, requer-se que o cumprimento se d\u00ea na Superintend\u00eancia da Pol\u00edcia Federal no DF ou no Batalh\u00e3o de Avia\u00e7\u00e3o Operacional (BAVOP), ou, alternativamente, em estabelecimento de perfil equivalente, adequado \u00e0 condi\u00e7\u00e3o funcional do sentenciado e \u00e0s exig\u00eancias m\u00ednimas de seguran\u00e7a pessoal&#8221;, diz a defesa.<\/p>\n\n\n\n<p><strong>Militares apresentam recursos<\/strong><\/p>\n\n\n\n<p>Dos sete condenados do n\u00facleo 1 com possibilidade de protocolar recursos, apenas quatro oficiais militares decidiram apresentar embargos de declara\u00e7\u00e3o e infringentes nessa segunda.<\/p>\n\n\n\n<p><a href=\"https:\/\/www.cnnbrasil.com.br\/politica\/braga-netto-apresenta-embargos-infringentes-contra-pena-de-26-anos\/\">A defesa do general Walter Braga Netto apresentou as duas modalidades de recursos dispon\u00edveis<\/a>&nbsp;para tentar reverter a condena\u00e7\u00e3o de 26 anos de pris\u00e3o pelo plano de golpe.<\/p>\n\n\n\n<p>Nos embargos infringentes, a defesa pede e alega em preliminares a incompet\u00eancia absoluta do STF e da Primeira Turma para julgar o caso; o cerceamento de defesa devido ao &#8220;document dump&#8221; (volume massivo e desorganizado de provas).<\/p>\n\n\n\n<p>No m\u00e9rito, os advogados defendem ser improcedente a acusa\u00e7\u00e3o quanto aos crimes de organiza\u00e7\u00e3o criminosa armada, tentativa de golpe de Estado, dano qualificado e deteriora\u00e7\u00e3o de patrim\u00f4nio tombado.<\/p>\n\n\n\n<p>No caso do general&nbsp;<a href=\"https:\/\/www.cnnbrasil.com.br\/politica\/defesa-de-heleno-apresenta-recurso-contra-condenacao-ao-stf\/\">Augusto Heleno, ex-chefe do GSI (Gabinete de Seguran\u00e7a Institucional) durante o governo Bolsonaro, a defesa pede que seja anulada &#8220;prova produzida de forma irregular&#8221;<\/a>.<\/p>\n\n\n\n<p>O general foi condenado a uma pena de 21 anos de pris\u00e3o pela trama golpista. O advogado pede o reconhecimento de nulidade de interrogat\u00f3rios realizados em junho de 2025, por suposta viola\u00e7\u00e3o ao devido processo legal e \u00e0 separa\u00e7\u00e3o das fun\u00e7\u00f5es de acusar, defender e julgar.<\/p>\n\n\n\n<p>Enquanto a&nbsp;<a href=\"https:\/\/www.cnnbrasil.com.br\/politica\/ex-comandante-da-marinha-pede-revisao-de-condenacao-ao-stf\/\">defesa do almirante Almir Garnier, ex-comandante da Marinha, pede que o processo seja remetido \u00e0 primeira inst\u00e2ncia<\/a>.<\/p>\n\n\n\n<p>O ex-comandante da Marinha foi condenado pela Primeira Turma do STF a 24 anos de pris\u00e3o. A defesa optou por apresentar embargos infringentes contra a condena\u00e7\u00e3o.<\/p>\n\n\n\n<p>Segundo a defesa do almirante, o Supremo n\u00e3o deveria ter a compet\u00eancia para julgar o caso e cita a aus\u00eancia de provas que configurassem a conduta criminosa.<\/p>\n\n\n\n<p>J\u00e1 os advogados do&nbsp;<a href=\"https:\/\/www.cnnbrasil.com.br\/politica\/defesa-de-paulo-sergio-apresenta-novo-recurso-contra-condenacao-ao-stf\/\">ex-ministro da Defesa Paulo S\u00e9rgio Nogueira decidiram apresentar apenas embargos de declara\u00e7\u00e3o<\/a>.<\/p>\n\n\n\n<p>A defesa pediu redu\u00e7\u00e3o de 2 anos e 6 meses na pena imposta ao general, por considerar aus\u00eancia de fundamenta\u00e7\u00e3o. O almirante foi condenado a 19 anos de pris\u00e3o por participar no plano de golpe de Estado.<\/p>\n\n\n\n<blockquote class=\"tiktok-embed\" cite=\"https:\/\/www.tiktok.com\/@portalalerta\/video\/7576833304763141384\" data-video-id=\"7576833304763141384\" style=\"max-width: 605px;min-width: 325px;\" > <section> <a target=\"_blank\" title=\"@portalalerta\" href=\"https:\/\/www.tiktok.com\/@portalalerta?refer=embed\">@portalalerta<\/a> <p>Bolsonaro, Torres e Ramagem n\u00e3o recorrem e se aproximam do in\u00edcio da pena A defesa do ex-presidente Jair Bolsonaro (PL), do deputado federal Alexandre Ramagem (PL-RJ) e do ex-ministro da Justi\u00e7a Anderson Torres n\u00e3o apresentaram novos recursos de embargos de declara\u00e7\u00e3o ao STF (Supremo Tribunal Federal). O prazo para o envio desse tipo de recurso foi encerrado nessa segunda-feira (24). #brasil #alexandreramagem #jairbolsonaro #andersontorres #recurso #condenacao #portalalerta #portal_alerta #deolhonanoticia<\/p> <a target=\"_blank\" title=\"\u266c som original  - Portal Alerta\" href=\"https:\/\/www.tiktok.com\/music\/som-original-Portal-Alerta-7576833386338126599?refer=embed\">\u266c som original  &#8211; Portal Alerta<\/a> <\/section> <\/blockquote> <script async src=\"https:\/\/www.tiktok.com\/embed.js\"><\/script>\n\n\n\n<p><em>Fonte: CNN<\/em><\/p>\n","protected":false},"excerpt":{"rendered":"<p>Prazo para apresentar embargos de declara\u00e7\u00e3o terminou \u00e0s 23h59 dessa segunda; quatro militares condenados do n\u00facleo 1 protocolaram novos recursos<\/p>\n","protected":false},"author":2,"featured_media":72626,"comment_status":"open","ping_status":"open","sticky":false,"template":"","format":"standard","meta":{"om_disable_all_campaigns":false,"_monsterinsights_skip_tracking":false,"_monsterinsights_sitenote_active":false,"_monsterinsights_sitenote_note":"","_monsterinsights_sitenote_category":0,"footnotes":""},"categories":[34,8473,69,21],"tags":[],"class_list":["post-77440","post","type-post","status-publish","format-standard","has-post-thumbnail","hentry","category-brasil","category-destaque","category-noticias2","category-politica"],"aioseo_notices":[],"_links":{"self":[{"href":"https:\/\/www.portalalerta.com.br\/index.php\/wp-json\/wp\/v2\/posts\/77440","targetHints":{"allow":["GET"]}}],"collection":[{"href":"https:\/\/www.portalalerta.com.br\/index.php\/wp-json\/wp\/v2\/posts"}],"about":[{"href":"https:\/\/www.portalalerta.com.br\/index.php\/wp-json\/wp\/v2\/types\/post"}],"author":[{"embeddable":true,"href":"https:\/\/www.portalalerta.com.br\/index.php\/wp-json\/wp\/v2\/users\/2"}],"replies":[{"embeddable":true,"href":"https:\/\/www.portalalerta.com.br\/index.php\/wp-json\/wp\/v2\/comments?post=77440"}],"version-history":[{"count":2,"href":"https:\/\/www.portalalerta.com.br\/index.php\/wp-json\/wp\/v2\/posts\/77440\/revisions"}],"predecessor-version":[{"id":77452,"href":"https:\/\/www.portalalerta.com.br\/index.php\/wp-json\/wp\/v2\/posts\/77440\/revisions\/77452"}],"wp:featuredmedia":[{"embeddable":true,"href":"https:\/\/www.portalalerta.com.br\/index.php\/wp-json\/wp\/v2\/media\/72626"}],"wp:attachment":[{"href":"https:\/\/www.portalalerta.com.br\/index.php\/wp-json\/wp\/v2\/media?parent=77440"}],"wp:term":[{"taxonomy":"category","embeddable":true,"href":"https:\/\/www.portalalerta.com.br\/index.php\/wp-json\/wp\/v2\/categories?post=77440"},{"taxonomy":"post_tag","embeddable":true,"href":"https:\/\/www.portalalerta.com.br\/index.php\/wp-json\/wp\/v2\/tags?post=77440"}],"curies":[{"name":"wp","href":"https:\/\/api.w.org\/{rel}","templated":true}]}}