{"id":77460,"date":"2025-11-26T10:05:39","date_gmt":"2025-11-26T13:05:39","guid":{"rendered":"https:\/\/www.portalalerta.com.br\/?p=77460"},"modified":"2025-11-27T01:40:12","modified_gmt":"2025-11-27T04:40:12","slug":"motorista-alcoolizado-e-preso-ao-ser-flagrado-realizando-manobras-perigosas-e-ameacando-populares-com-um-facao-em-ribeira-do-pombal-ba","status":"publish","type":"post","link":"https:\/\/www.portalalerta.com.br\/index.php\/2025\/11\/26\/motorista-alcoolizado-e-preso-ao-ser-flagrado-realizando-manobras-perigosas-e-ameacando-populares-com-um-facao-em-ribeira-do-pombal-ba\/","title":{"rendered":"Motorista alcoolizado \u00e9 preso ao ser flagrado realizando manobras perigosas e amea\u00e7ando populares com um fac\u00e3o, em Ribeira do Pombal-BA"},"content":{"rendered":"\n<p>Por volta das 23h10 do \u00faltimo domingo (23), policiais militares do 2\u00ba Pelot\u00e3o\/ Ribeira do Pombal-BA, foram informados que um homem estaria em posse de um ve\u00edculo GM Celta, de cor prata, demais dados n\u00e3o divulgados, possivelmente embriagado, realizando manobras perigosas, no povoado Curral Falso, no referido munic\u00edpio.<\/p>\n\n\n\n<!--more-->\n\n\n\n<p>Ainda segundo relatos, o homem estaria portando um fac\u00e3o, que era utilizado para amea\u00e7ar populares, ao mesmo tempo em que danificava o pr\u00f3prio ve\u00edculo. <\/p>\n\n\n\n<p>Os militares foram at\u00e9 o local, onde encontraram o suspeito ainda no interior do carro, por\u00e9m ao perceber a presen\u00e7a policial, teria abandonado o ve\u00edculo, tentando fugir a p\u00e9 por uma \u00e1rea de mata, por\u00e9m sem sucesso, j\u00e1 que foi alcan\u00e7ado e preso.<\/p>\n\n\n\n<p>Ao ser indagado sobre a chave do ve\u00edculo, o autor afirmou ter perdido, o que impossibilitou a remo\u00e7\u00e3o do mesmo. Na sequ\u00eancia, o rapaz cuja identidade foi preservada, foi encaminhado ao Posto da Pol\u00edcia Rodovi\u00e1ria Federal, onde foi submetido ao teste de alcoolemia, confirmando assim a embriaguez.<\/p>\n\n\n<div class=\"wp-block-image\">\n<figure class=\"aligncenter size-full is-resized\"><img fetchpriority=\"high\" decoding=\"async\" width=\"621\" height=\"323\" src=\"https:\/\/www.portalalerta.com.br\/wp-content\/uploads\/2025\/11\/ameaca-em-Ribeira-do-Pombal-2025.jpg\" alt=\"\" class=\"wp-image-77455\" style=\"width:621px;height:auto\" srcset=\"https:\/\/www.portalalerta.com.br\/wp-content\/uploads\/2025\/11\/ameaca-em-Ribeira-do-Pombal-2025.jpg 621w, https:\/\/www.portalalerta.com.br\/wp-content\/uploads\/2025\/11\/ameaca-em-Ribeira-do-Pombal-2025-461x240.jpg 461w\" sizes=\"(max-width: 621px) 100vw, 621px\" \/><figcaption class=\"wp-element-caption\">Fac\u00e3o foi utilizado para amea\u00e7ar populares <\/figcaption><\/figure><\/div>\n\n\n<p>Autor e v\u00edtima, bem como o fac\u00e3o utilizado para realizar as amea\u00e7as, foram conduzidos e apresentados na Delegacia de Pol\u00edcia Civil da cidade, para a ado\u00e7\u00e3o das medidas cab\u00edveis.<\/p>\n\n\n\n<p><em>Reda\u00e7\u00e3o: Portal Alerta<\/em><\/p>\n","protected":false},"excerpt":{"rendered":"<p>Por volta das 23h10 do \u00faltimo domingo (23), policiais militares do 2\u00ba Pelot\u00e3o\/ Ribeira do Pombal-BA, foram informados que um homem estaria em posse de um ve\u00edculo GM Celta, de cor prata, demais dados n\u00e3o divulgados, possivelmente embriagado, realizando manobras perigosas, no povoado Curral Falso, no referido munic\u00edpio.<\/p>\n","protected":false},"author":2,"featured_media":77454,"comment_status":"open","ping_status":"open","sticky":false,"template":"","format":"standard","meta":{"om_disable_all_campaigns":false,"_monsterinsights_skip_tracking":false,"_monsterinsights_sitenote_active":false,"_monsterinsights_sitenote_note":"","_monsterinsights_sitenote_category":0,"footnotes":""},"categories":[8473,69,32,3,22],"tags":[],"class_list":["post-77460","post","type-post","status-publish","format-standard","has-post-thumbnail","hentry","category-destaque","category-noticias2","category-regiao","category-ribeira-do-pombal","category-seguranca"],"aioseo_notices":[],"_links":{"self":[{"href":"https:\/\/www.portalalerta.com.br\/index.php\/wp-json\/wp\/v2\/posts\/77460","targetHints":{"allow":["GET"]}}],"collection":[{"href":"https:\/\/www.portalalerta.com.br\/index.php\/wp-json\/wp\/v2\/posts"}],"about":[{"href":"https:\/\/www.portalalerta.com.br\/index.php\/wp-json\/wp\/v2\/types\/post"}],"author":[{"embeddable":true,"href":"https:\/\/www.portalalerta.com.br\/index.php\/wp-json\/wp\/v2\/users\/2"}],"replies":[{"embeddable":true,"href":"https:\/\/www.portalalerta.com.br\/index.php\/wp-json\/wp\/v2\/comments?post=77460"}],"version-history":[{"count":4,"href":"https:\/\/www.portalalerta.com.br\/index.php\/wp-json\/wp\/v2\/posts\/77460\/revisions"}],"predecessor-version":[{"id":77473,"href":"https:\/\/www.portalalerta.com.br\/index.php\/wp-json\/wp\/v2\/posts\/77460\/revisions\/77473"}],"wp:featuredmedia":[{"embeddable":true,"href":"https:\/\/www.portalalerta.com.br\/index.php\/wp-json\/wp\/v2\/media\/77454"}],"wp:attachment":[{"href":"https:\/\/www.portalalerta.com.br\/index.php\/wp-json\/wp\/v2\/media?parent=77460"}],"wp:term":[{"taxonomy":"category","embeddable":true,"href":"https:\/\/www.portalalerta.com.br\/index.php\/wp-json\/wp\/v2\/categories?post=77460"},{"taxonomy":"post_tag","embeddable":true,"href":"https:\/\/www.portalalerta.com.br\/index.php\/wp-json\/wp\/v2\/tags?post=77460"}],"curies":[{"name":"wp","href":"https:\/\/api.w.org\/{rel}","templated":true}]}}