{"id":77462,"date":"2025-11-26T10:07:57","date_gmt":"2025-11-26T13:07:57","guid":{"rendered":"https:\/\/www.portalalerta.com.br\/?p=77462"},"modified":"2025-11-26T10:07:59","modified_gmt":"2025-11-26T13:07:59","slug":"senado-marca-sabatina-de-messias-para-10-de-dezembro","status":"publish","type":"post","link":"https:\/\/www.portalalerta.com.br\/index.php\/2025\/11\/26\/senado-marca-sabatina-de-messias-para-10-de-dezembro\/","title":{"rendered":"Senado marca sabatina de Messias para 10 de dezembro"},"content":{"rendered":"\n<p>Advogado-geral da Uni\u00e3o foi indicado por Lula para vaga no STF<\/p>\n\n\n\n<!--more-->\n\n\n\n<p><strong>A sabatina de Jorge Messias, indicado a vaga de ministro do Supremo Tribunal Federal (STF), ser\u00e1 realizada no dia 10 de dezembro<\/strong>, conforme informou o&nbsp;presidente do Senado, Davi Alcolumbre, e o presidente da Comiss\u00e3o de Constitui\u00e7\u00e3o e Justi\u00e7a, senador Otto Alencar (PSD-BA) nesta ter\u00e7a-feira (25).<\/p>\n\n\n\n<p>Messias, atual advogado-geral da Uni\u00e3o,<a href=\"https:\/\/agenciabrasil.ebc.com.br\/justica\/noticia\/2025-11\/lula-indica-messias-para-vaga-de-barroso-no-stf\" target=\"_blank\" rel=\"noreferrer noopener\"><strong>&nbsp;foi indicado pelo presidente Luiz In\u00e1cio Lula da Silva no \u00faltimo dia 20 para ocupar a&nbsp;cadeira do ministro Lu\u00eds Roberto Barroso<\/strong><\/a>, que anunciou&nbsp;aposentadoria&nbsp;antecipada da Corte e deixou o tribunal no m\u00eas passado.&nbsp;<\/p>\n\n\n<div class=\"wp-block-image\">\n<figure class=\"alignleft size-large is-resized\"><img fetchpriority=\"high\" decoding=\"async\" width=\"1024\" height=\"1024\" src=\"https:\/\/www.portalalerta.com.br\/wp-content\/uploads\/2024\/04\/autoescola-emprego-1024x1024.jpg\" alt=\"\" class=\"wp-image-55693\" style=\"width:362px;height:auto\" srcset=\"https:\/\/www.portalalerta.com.br\/wp-content\/uploads\/2024\/04\/autoescola-emprego-1024x1024.jpg 1024w, https:\/\/www.portalalerta.com.br\/wp-content\/uploads\/2024\/04\/autoescola-emprego-240x240.jpg 240w, https:\/\/www.portalalerta.com.br\/wp-content\/uploads\/2024\/04\/autoescola-emprego-768x768.jpg 768w, https:\/\/www.portalalerta.com.br\/wp-content\/uploads\/2024\/04\/autoescola-emprego.jpg 1080w\" sizes=\"(max-width: 1024px) 100vw, 1024px\" \/><\/figure><\/div>\n\n\n<p>Para tomar posse, Messias precisa passar por uma&nbsp;sabatina na Comiss\u00e3o de Constitui\u00e7\u00e3o e Justi\u00e7a (CCJ) do Senado e ter o nome aprovado em vota\u00e7\u00e3o no colegiado e no plen\u00e1rio da Casa, com aprova\u00e7\u00e3o de 41 senadores.&nbsp;<\/p>\n\n\n\n<p>Messias tem 45 anos e poder\u00e1 ficar no Supremo pelos pr\u00f3ximos 30 anos, quando completar\u00e1 75 anos, idade para aposentadoria compuls\u00f3ria.&nbsp;<\/p>\n\n\n\n<p>O senador Otto Alencar informou que a leitura da mensagem da indica\u00e7\u00e3o de Messias ocorrer\u00e1 no pr\u00f3ximo dia 3 de dezembro, quando ser\u00e1 concedida vista coletiva. O senador Weverton (PDT-MA) ser\u00e1 o relator da indica\u00e7\u00e3o.<\/p>\n\n\n\n<p>Jorge Messias est\u00e1 no comando da AGU desde 1\u00b0 de janeiro de 2023, in\u00edcio do terceiro mandato de Lula.<\/p>\n\n\n\n<p>Nascido no Recife, o futuro ministro \u00e9 procurador concursado da Fazenda Nacional desde 2007.&nbsp;Ele \u00e9 formado em direito pela Faculdade de Direito do Recife (UFPE) e possui os t\u00edtulos de mestre e doutor pela Universidade de Bras\u00edlia (UnB).<\/p>\n\n\n\n<p>Durante o governo da presidenta&nbsp;Dilma Rousseff, Messias foi subchefe para Assuntos Jur\u00eddicos da Presid\u00eancia da Rep\u00fablica. O setor \u00e9 respons\u00e1vel pelo assessoramento direto do&nbsp;presidente.<\/p>\n\n\n\n<p><em>Fonte: ag\u00eancia Brasil<\/em><\/p>\n","protected":false},"excerpt":{"rendered":"<p>Advogado-geral da Uni\u00e3o foi indicado por Lula para vaga no STF<\/p>\n","protected":false},"author":2,"featured_media":76483,"comment_status":"open","ping_status":"open","sticky":false,"template":"","format":"standard","meta":{"om_disable_all_campaigns":false,"_monsterinsights_skip_tracking":false,"_monsterinsights_sitenote_active":false,"_monsterinsights_sitenote_note":"","_monsterinsights_sitenote_category":0,"footnotes":""},"categories":[34,8473,69,21],"tags":[100,71,48,75,4178,4180,129,107,4181,132,230,7318,106,203,120,51,109,88,47,4806,3853,111,216,190],"class_list":["post-77462","post","type-post","status-publish","format-standard","has-post-thumbnail","hentry","category-brasil","category-destaque","category-noticias2","category-politica","tag-adustina","tag-antas","tag-araci","tag-cicero-dantas","tag-cipo-2","tag-crisopolis-2","tag-euclides-da-cunha","tag-fatima","tag-heliopolis-2","tag-itapicuru","tag-jeremoabo","tag-jorge-messias","tag-nova-soure","tag-novo-triunfo","tag-olindina","tag-paripiranga","tag-quijingue","tag-ribeira-do-amparo","tag-ribeira-do-pombal","tag-sabatina","tag-senado","tag-sitio-do-quinto","tag-stf","tag-tucano"],"aioseo_notices":[],"_links":{"self":[{"href":"https:\/\/www.portalalerta.com.br\/index.php\/wp-json\/wp\/v2\/posts\/77462","targetHints":{"allow":["GET"]}}],"collection":[{"href":"https:\/\/www.portalalerta.com.br\/index.php\/wp-json\/wp\/v2\/posts"}],"about":[{"href":"https:\/\/www.portalalerta.com.br\/index.php\/wp-json\/wp\/v2\/types\/post"}],"author":[{"embeddable":true,"href":"https:\/\/www.portalalerta.com.br\/index.php\/wp-json\/wp\/v2\/users\/2"}],"replies":[{"embeddable":true,"href":"https:\/\/www.portalalerta.com.br\/index.php\/wp-json\/wp\/v2\/comments?post=77462"}],"version-history":[{"count":1,"href":"https:\/\/www.portalalerta.com.br\/index.php\/wp-json\/wp\/v2\/posts\/77462\/revisions"}],"predecessor-version":[{"id":77463,"href":"https:\/\/www.portalalerta.com.br\/index.php\/wp-json\/wp\/v2\/posts\/77462\/revisions\/77463"}],"wp:featuredmedia":[{"embeddable":true,"href":"https:\/\/www.portalalerta.com.br\/index.php\/wp-json\/wp\/v2\/media\/76483"}],"wp:attachment":[{"href":"https:\/\/www.portalalerta.com.br\/index.php\/wp-json\/wp\/v2\/media?parent=77462"}],"wp:term":[{"taxonomy":"category","embeddable":true,"href":"https:\/\/www.portalalerta.com.br\/index.php\/wp-json\/wp\/v2\/categories?post=77462"},{"taxonomy":"post_tag","embeddable":true,"href":"https:\/\/www.portalalerta.com.br\/index.php\/wp-json\/wp\/v2\/tags?post=77462"}],"curies":[{"name":"wp","href":"https:\/\/api.w.org\/{rel}","templated":true}]}}