{"id":77466,"date":"2025-11-26T10:12:11","date_gmt":"2025-11-26T13:12:11","guid":{"rendered":"https:\/\/www.portalalerta.com.br\/?p=77466"},"modified":"2025-11-26T10:12:12","modified_gmt":"2025-11-26T13:12:12","slug":"sem-papuda-bolsonaro-vai-comecar-a-cumprir-pena-de-27-anos-na-pf","status":"publish","type":"post","link":"https:\/\/www.portalalerta.com.br\/index.php\/2025\/11\/26\/sem-papuda-bolsonaro-vai-comecar-a-cumprir-pena-de-27-anos-na-pf\/","title":{"rendered":"Sem Papuda, Bolsonaro vai come\u00e7ar a cumprir pena de 27 anos na PF"},"content":{"rendered":"\n<p>O ex-presidente permanecer\u00e1 Superintend\u00eancia Regional da Pol\u00edcia Federal no Distrito Federal, onde est\u00e1 desde s\u00e1bado (22)<\/p>\n\n\n\n<!--more-->\n\n\n\n<p><a href=\"https:\/\/www.band.com.br\/noticias\/bolsonaro-e-pena-pode-comecar-a-ser-cumprida-202511251435\"><strong>O Supremo Tribunal Federal (STF) certificou, nesta ter\u00e7a-feira (25), o&nbsp;tr\u00e2nsito em julgado<\/strong><\/a>&nbsp;da A\u00e7\u00e3o Penal 2668, encerrando oficialmente a fase de recursos para&nbsp;<strong>Jair Bolsonaro<\/strong>,&nbsp;<strong>Anderson Torres<\/strong>&nbsp;e&nbsp;<strong>Alexandre Ramagem<\/strong>. Com a decis\u00e3o definitiva, passam a valer imediatamente os efeitos da condena\u00e7\u00e3o, incluindo a execu\u00e7\u00e3o das penas impostas.<\/p>\n\n\n\n<p>Bolsonaro foi condenado a&nbsp;<strong>27 anos e 3 meses de pris\u00e3o<\/strong>&nbsp;por crimes relacionados \u00e0 tentativa de ruptura da ordem constitucional ap\u00f3s as elei\u00e7\u00f5es de 2022. Com o fim dos recursos, o ex-presidente passa agora a cumprir a pena&nbsp;<strong>na Superintend\u00eancia da Pol\u00edcia Federal, em Bras\u00edlia<\/strong>, local onde j\u00e1 estava preso preventivamente.<\/p>\n\n\n\n<p>A manuten\u00e7\u00e3o de Bolsonaro na PF encerra semanas de especula\u00e7\u00f5es sobre uma poss\u00edvel transfer\u00eancia para o Complexo Penitenci\u00e1rio da Papuda. A decis\u00e3o final, por\u00e9m, garante que ele permanecer\u00e1 sob cust\u00f3dia federal, em \u00e1rea considerada de maior controle e seguran\u00e7a institucional.<\/p>\n\n\n\n<p><strong>Onde cada condenado vai cumprir pena ap\u00f3s o tr\u00e2nsito em julgado<\/strong><\/p>\n\n\n\n<p>Com a consolida\u00e7\u00e3o da decis\u00e3o do STF, ficou definido o destino de todos os r\u00e9us da a\u00e7\u00e3o penal:<\/p>\n\n\n\n<p><strong>Jair Bolsonaro<\/strong>&nbsp;\u2014 continuar\u00e1 preso na&nbsp;<strong>Superintend\u00eancia da Pol\u00edcia Federal<\/strong>, em Bras\u00edlia.<\/p>\n\n\n\n<p><strong>General Augusto Heleno<\/strong>&nbsp;\u2014 cumprir\u00e1 pena no&nbsp;<strong>Comando Militar<\/strong>.<\/p>\n\n\n\n<p><strong>General Paulo S\u00e9rgio Nogueira<\/strong>&nbsp;\u2014 tamb\u00e9m ficar\u00e1 sob cust\u00f3dia do&nbsp;<strong>Comando Militar<\/strong>.<\/p>\n\n\n\n<p><strong>Almir Garnier<\/strong>&nbsp;\u2014 ser\u00e1 mantido na&nbsp;<strong>Esta\u00e7\u00e3o R\u00e1dio da Marinha<\/strong>, no Distrito Federal.<\/p>\n\n\n\n<p><strong>Anderson Torres<\/strong>&nbsp;\u2014 ser\u00e1 transferido para o&nbsp;<strong>19\u00ba Batalh\u00e3o da Pol\u00edcia Militar<\/strong>, dentro do Complexo da Papuda.<\/p>\n\n\n\n<p><strong>General Braga Netto<\/strong>&nbsp;\u2014 ficar\u00e1 na&nbsp;<strong>Vila Militar<\/strong>, no Rio de Janeiro.<\/p>\n\n\n\n<p><strong>Alexandre Ramagem<\/strong>&nbsp;\u2014 permanece&nbsp;<strong>foragido<\/strong>&nbsp;e foi inclu\u00eddo no&nbsp;<strong>Banco Nacional de Monitoramento de Pris\u00f5es (BNMP)<\/strong>.<\/p>\n\n\n\n<p><strong>Mauro Cid<\/strong>&nbsp;\u2014 cumprir\u00e1 pena em&nbsp;<strong>regime aberto<\/strong>.<\/p>\n\n\n\n<p><strong>O que acontece agora com Bolsonaro?<\/strong><\/p>\n\n\n\n<p>Com o tr\u00e2nsito em julgado certificado, o STF enviar\u00e1 as comunica\u00e7\u00f5es \u00e0s autoridades respons\u00e1veis para efetivar a execu\u00e7\u00e3o das penas.&nbsp;<\/p>\n\n\n\n<p><a href=\"https:\/\/www.band.com.br\/noticias\/o-que-acontece-com-bolsonaro-agora-202511251511\"><strong>Para Bolsonaro, al\u00e9m da pris\u00e3o, passam a vigorar tamb\u00e9m as consequ\u00eancias constitucionais<\/strong><\/a>&nbsp;da condena\u00e7\u00e3o, como a&nbsp;<strong>suspens\u00e3o dos direitos pol\u00edticos<\/strong>&nbsp;enquanto durar o cumprimento da pena.<\/p>\n\n\n\n<p>A situa\u00e7\u00e3o de cada r\u00e9u ser\u00e1 acompanhada pelo sistema de monitoramento do Judici\u00e1rio, que deve atualizar as informa\u00e7\u00f5es sobre poss\u00edveis movimenta\u00e7\u00f5es \u2014 como futuras progress\u00f5es de regime ou novas ordens de cust\u00f3dia.<\/p>\n\n\n\n<p><em>Fonte: Band<\/em><\/p>\n","protected":false},"excerpt":{"rendered":"<p>O ex-presidente permanecer\u00e1 Superintend\u00eancia Regional da Pol\u00edcia Federal no Distrito Federal, onde est\u00e1 desde s\u00e1bado (22)<\/p>\n","protected":false},"author":2,"featured_media":77363,"comment_status":"open","ping_status":"open","sticky":false,"template":"","format":"standard","meta":{"om_disable_all_campaigns":false,"_monsterinsights_skip_tracking":false,"_monsterinsights_sitenote_active":false,"_monsterinsights_sitenote_note":"","_monsterinsights_sitenote_category":0,"footnotes":""},"categories":[34,8473,69,21],"tags":[],"class_list":["post-77466","post","type-post","status-publish","format-standard","has-post-thumbnail","hentry","category-brasil","category-destaque","category-noticias2","category-politica"],"aioseo_notices":[],"_links":{"self":[{"href":"https:\/\/www.portalalerta.com.br\/index.php\/wp-json\/wp\/v2\/posts\/77466","targetHints":{"allow":["GET"]}}],"collection":[{"href":"https:\/\/www.portalalerta.com.br\/index.php\/wp-json\/wp\/v2\/posts"}],"about":[{"href":"https:\/\/www.portalalerta.com.br\/index.php\/wp-json\/wp\/v2\/types\/post"}],"author":[{"embeddable":true,"href":"https:\/\/www.portalalerta.com.br\/index.php\/wp-json\/wp\/v2\/users\/2"}],"replies":[{"embeddable":true,"href":"https:\/\/www.portalalerta.com.br\/index.php\/wp-json\/wp\/v2\/comments?post=77466"}],"version-history":[{"count":2,"href":"https:\/\/www.portalalerta.com.br\/index.php\/wp-json\/wp\/v2\/posts\/77466\/revisions"}],"predecessor-version":[{"id":77468,"href":"https:\/\/www.portalalerta.com.br\/index.php\/wp-json\/wp\/v2\/posts\/77466\/revisions\/77468"}],"wp:featuredmedia":[{"embeddable":true,"href":"https:\/\/www.portalalerta.com.br\/index.php\/wp-json\/wp\/v2\/media\/77363"}],"wp:attachment":[{"href":"https:\/\/www.portalalerta.com.br\/index.php\/wp-json\/wp\/v2\/media?parent=77466"}],"wp:term":[{"taxonomy":"category","embeddable":true,"href":"https:\/\/www.portalalerta.com.br\/index.php\/wp-json\/wp\/v2\/categories?post=77466"},{"taxonomy":"post_tag","embeddable":true,"href":"https:\/\/www.portalalerta.com.br\/index.php\/wp-json\/wp\/v2\/tags?post=77466"}],"curies":[{"name":"wp","href":"https:\/\/api.w.org\/{rel}","templated":true}]}}