{"id":77474,"date":"2025-11-26T13:27:26","date_gmt":"2025-11-26T16:27:26","guid":{"rendered":"https:\/\/www.portalalerta.com.br\/?p=77474"},"modified":"2025-11-26T13:27:27","modified_gmt":"2025-11-26T16:27:27","slug":"moraes-comunica-camara-sobre-perda-do-mandato-de-ramagem","status":"publish","type":"post","link":"https:\/\/www.portalalerta.com.br\/index.php\/2025\/11\/26\/moraes-comunica-camara-sobre-perda-do-mandato-de-ramagem\/","title":{"rendered":"Moraes comunica C\u00e2mara sobre perda do mandato de Ramagem"},"content":{"rendered":"\n<p>Deputado foi condenado a 16 anos, um m\u00eas e 15 dias de pris\u00e3o<\/p>\n\n\n\n<!--more-->\n\n\n\n<p><strong>O ministro Alexandre de Moraes, do Supremo Tribunal Federal (STF), determinou nesta ter\u00e7a-feira (25) que o presidente da C\u00e2mara dos Deputados, Hugo Motta (Republicanos-PB), seja comunicado sobre a perda do mandato do deputado federal Alexandre Ramagem (PL-RJ), que est\u00e1 foragido nos Estados Unidos.<\/strong><\/p>\n\n\n\n<p>Mais cedo, Moraes determinou a execu\u00e7\u00e3o das penas de Ramagem e de outros condenados pela trama golpista.<\/p>\n\n\n\n<p><strong>Ex-diretor da Ag\u00eancia Brasileira de Intelig\u00eancia (Abin), o deputado foi condenado a 16 anos, um m\u00eas e 15 dias de pris\u00e3o na a\u00e7\u00e3o penal da trama golpista.<\/strong><\/p>\n\n\n\n<p>Em fun\u00e7\u00e3o da condena\u00e7\u00e3o, o STF determinou que Mesa Diretora da C\u00e2mara dever\u00e1 declarar a perda do mandato de Ramagem.&nbsp;<\/p>\n\n\n\n<p>A perda do mandato foi decidida no dia 11 de setembro, quando a Primeira Turma da Corte condenou os r\u00e9us, e dever\u00e1 ser cumprida agora.&nbsp;<\/p>\n\n\n\n<p>&#8220;Oficie-se \u00e0 presid\u00eancia da C\u00e2mara dos Deputados sobre a perda do mandato parlamentar, o qual dever\u00e1 ser declarada pela Mesa da C\u00e2mara dos Deputados, nos termos do artigo 55, III, e \u00a7 3\u00ba, da Constitui\u00e7\u00e3o Federal&#8221;, decidiu Moraes.<\/p>\n\n\n\n<p><strong>Fuga<\/strong><\/p>\n\n\n\n<p>Ramagem est\u00e1 foragido em Miami, nos Estados Unidos. Na semana passada, uma reportagem do&nbsp;<em>site<\/em>&nbsp;Plat\u00f4BR filmou o deputado enquanto entrava em um condom\u00ednio da cidade norte-americana.<\/p>\n\n\n\n<p><strong>Durante a investiga\u00e7\u00e3o, Ramagem foi proibido pelo ministro Alexandre de Moraes de sair do pa\u00eds e teve que entregar todos os passaportes nacionais e estrangeiros.<\/strong><\/p>\n\n\n\n<p>Ap\u00f3s a descoberta da fuga, a C\u00e2mara informou que a Casa n\u00e3o foi comunicada sobre o afastamento do parlamentar do territ\u00f3rio nacional nem autorizou nenhuma miss\u00e3o oficial de Ramagem no exterior.<\/p>\n\n\n\n<p>A C\u00e2mara tamb\u00e9m informou que o deputado apresentou atestados m\u00e9dicos que abrangem os per\u00edodos entre 9 de setembro e 8 de outubro e 13 de outubro a 12 de dezembro.<\/p>\n\n\n\n<p><em>Fonte: Ag\u00eancia Brasil<\/em><\/p>\n","protected":false},"excerpt":{"rendered":"<p>Deputado foi condenado a 16 anos, um m\u00eas e 15 dias de pris\u00e3o<\/p>\n","protected":false},"author":2,"featured_media":58542,"comment_status":"open","ping_status":"open","sticky":false,"template":"","format":"standard","meta":{"om_disable_all_campaigns":false,"_monsterinsights_skip_tracking":false,"_monsterinsights_sitenote_active":false,"_monsterinsights_sitenote_note":"","_monsterinsights_sitenote_category":0,"footnotes":""},"categories":[34,70,69,21],"tags":[100,3607,71,48,93,186,75,4178,4180,129,107,4181,132,230,106,203,120,51,109,88,47,111,216,190],"class_list":["post-77474","post","type-post","status-publish","format-standard","has-post-thumbnail","hentry","category-brasil","category-destaques","category-noticias2","category-politica","tag-adustina","tag-alexandre-ramagem","tag-antas","tag-araci","tag-brasil","tag-camara-dos-deputados","tag-cicero-dantas","tag-cipo-2","tag-crisopolis-2","tag-euclides-da-cunha","tag-fatima","tag-heliopolis-2","tag-itapicuru","tag-jeremoabo","tag-nova-soure","tag-novo-triunfo","tag-olindina","tag-paripiranga","tag-quijingue","tag-ribeira-do-amparo","tag-ribeira-do-pombal","tag-sitio-do-quinto","tag-stf","tag-tucano"],"aioseo_notices":[],"_links":{"self":[{"href":"https:\/\/www.portalalerta.com.br\/index.php\/wp-json\/wp\/v2\/posts\/77474","targetHints":{"allow":["GET"]}}],"collection":[{"href":"https:\/\/www.portalalerta.com.br\/index.php\/wp-json\/wp\/v2\/posts"}],"about":[{"href":"https:\/\/www.portalalerta.com.br\/index.php\/wp-json\/wp\/v2\/types\/post"}],"author":[{"embeddable":true,"href":"https:\/\/www.portalalerta.com.br\/index.php\/wp-json\/wp\/v2\/users\/2"}],"replies":[{"embeddable":true,"href":"https:\/\/www.portalalerta.com.br\/index.php\/wp-json\/wp\/v2\/comments?post=77474"}],"version-history":[{"count":1,"href":"https:\/\/www.portalalerta.com.br\/index.php\/wp-json\/wp\/v2\/posts\/77474\/revisions"}],"predecessor-version":[{"id":77475,"href":"https:\/\/www.portalalerta.com.br\/index.php\/wp-json\/wp\/v2\/posts\/77474\/revisions\/77475"}],"wp:featuredmedia":[{"embeddable":true,"href":"https:\/\/www.portalalerta.com.br\/index.php\/wp-json\/wp\/v2\/media\/58542"}],"wp:attachment":[{"href":"https:\/\/www.portalalerta.com.br\/index.php\/wp-json\/wp\/v2\/media?parent=77474"}],"wp:term":[{"taxonomy":"category","embeddable":true,"href":"https:\/\/www.portalalerta.com.br\/index.php\/wp-json\/wp\/v2\/categories?post=77474"},{"taxonomy":"post_tag","embeddable":true,"href":"https:\/\/www.portalalerta.com.br\/index.php\/wp-json\/wp\/v2\/tags?post=77474"}],"curies":[{"name":"wp","href":"https:\/\/api.w.org\/{rel}","templated":true}]}}