{"id":77478,"date":"2025-11-26T13:34:55","date_gmt":"2025-11-26T16:34:55","guid":{"rendered":"https:\/\/www.portalalerta.com.br\/?p=77478"},"modified":"2025-11-26T13:34:56","modified_gmt":"2025-11-26T16:34:56","slug":"apos-prisao-de-bolsonaro-pl-diz-que-objetivo-unico-do-partido-e-anistia","status":"publish","type":"post","link":"https:\/\/www.portalalerta.com.br\/index.php\/2025\/11\/26\/apos-prisao-de-bolsonaro-pl-diz-que-objetivo-unico-do-partido-e-anistia\/","title":{"rendered":"Ap\u00f3s pris\u00e3o de Bolsonaro, PL diz que objetivo \u2018\u00fanico\u2019 do partido \u00e9 anistia"},"content":{"rendered":"\n<p><strong>Depois de encontro com 54 parlamentares na sede da legenda, Fl\u00e1vio Bolsonaro afirma que n\u00e3o h\u00e1 apoio para o PL da dosimetria<\/strong><\/p>\n\n\n\n<!--more-->\n\n\n\n<p><strong>O&nbsp;<a href=\"https:\/\/noticias.r7.com\/brasilia\/apos-prisao-pl-reune-54-parlamentares-para-discutir-futuro-de-bolsonaro-24112025\/\" target=\"_blank\" rel=\"noreferrer noopener\">Partido Liberal<\/a>&nbsp;decidiu, nesta segunda-feira (24), que o objetivo \u201c\u00fanico\u201d do partido ser\u00e1 a defesa de vota\u00e7\u00e3o, no Congresso Nacional, do projeto que prop\u00f5e a anistia aos envolvidos no 8 de Janeiro.<\/strong><\/p>\n\n\n\n<p><strong>\u201cSa\u00edmos com a voz un\u00edssona que o objetivo \u00fanico \u00e9 aprova\u00e7\u00e3o do projeto de lei de anistia na C\u00e2mara dos Deputados e, tendo \u00eaxito, na sequ\u00eancia, no Senado Federal\u201d, afirmou o senador&nbsp;<a href=\"https:\/\/noticias.r7.com\/brasilia\/flavio-bolsonaro-nega-tentativa-fuga-de-bolsonaro-forcacao-de-barra-24112025\/\" target=\"_blank\" rel=\"noreferrer noopener\">Fl\u00e1vio Bolsonaro<\/a>&nbsp;(PL-RJ) ap\u00f3s o encontro.<\/strong><\/p>\n\n\n<div class=\"wp-block-image\">\n<figure class=\"alignleft size-large is-resized\"><img fetchpriority=\"high\" decoding=\"async\" width=\"819\" height=\"1024\" src=\"https:\/\/www.portalalerta.com.br\/wp-content\/uploads\/2025\/11\/Black-Real-2025-819x1024.jpg\" alt=\"\" class=\"wp-image-77268\" style=\"width:435px\" srcset=\"https:\/\/www.portalalerta.com.br\/wp-content\/uploads\/2025\/11\/Black-Real-2025-819x1024.jpg 819w, https:\/\/www.portalalerta.com.br\/wp-content\/uploads\/2025\/11\/Black-Real-2025-192x240.jpg 192w, https:\/\/www.portalalerta.com.br\/wp-content\/uploads\/2025\/11\/Black-Real-2025-768x960.jpg 768w, https:\/\/www.portalalerta.com.br\/wp-content\/uploads\/2025\/11\/Black-Real-2025.jpg 1080w\" sizes=\"(max-width: 819px) 100vw, 819px\" \/><\/figure><\/div>\n\n\n<p><strong>A reuni\u00e3o foi convocada a pedido do presidente da legenda, Valdemar Costa Neto, para discutir as rea\u00e7\u00f5es do partido diante da pris\u00e3o do ex-presidente Jair Bolsonaro. 54 parlamentares participaram do encontro, na sede da legenda, em Bras\u00edlia.<\/strong><\/p>\n\n\n\n<p><strong>Fl\u00e1vio disse, ainda, que n\u00e3o haver\u00e1 tentativa de obstruir a pauta do Congresso, uma estrat\u00e9gia diferente da adotada por parlamentares em agosto, quando parlamentares ocuparam as mesas da C\u00e2mara e do Senado.<\/strong><\/p>\n\n\n\n<p><strong>Questionado sobre o tipo de anistia que o PL defende, Fl\u00e1vio afirmou que o partido aceita apenas a vers\u00e3o ampla e irrestrita, de modo que parlamentares n\u00e3o votar\u00e3o o texto referente apenas \u00e0 redu\u00e7\u00e3o de penas, conhecido como PL da dosimetria. \u201cEsse tipo de acordo n\u00f3s nunca far\u00edamos\u201c, declarou.<\/strong><\/p>\n\n\n\n<p><strong>O senador Rog\u00e9rio Marinho (RN), l\u00edder do PL no Senado, citou conversas entre representantes partid\u00e1rios para tentar angariar apoio \u00e0 anistia. E avaliou que h\u00e1 um processo de \u201camadurecimento\u201d dos presidentes da C\u00e2mara e do Senado para pautar o texto.<\/strong><\/p>\n\n\n\n<p><strong>\u201cVamos aguardar esta semana para ver o que vai acontecer, mas esperamos que seja pautado nesta semana. Estamos trabalhando para isso\u201d, comentou Marinho.<\/strong><\/p>\n\n\n\n<p><em>Fonte: R7<\/em><\/p>\n","protected":false},"excerpt":{"rendered":"<p>Depois de encontro com 54 parlamentares na sede da legenda, Fl\u00e1vio Bolsonaro afirma que n\u00e3o h\u00e1 apoio para o PL da dosimetria<\/p>\n","protected":false},"author":2,"featured_media":77458,"comment_status":"open","ping_status":"open","sticky":false,"template":"","format":"standard","meta":{"om_disable_all_campaigns":false,"_monsterinsights_skip_tracking":false,"_monsterinsights_sitenote_active":false,"_monsterinsights_sitenote_note":"","_monsterinsights_sitenote_category":0,"footnotes":""},"categories":[34,70,69,21],"tags":[100,7928,71,48,75,4178,4180,129,107,4181,132,1395,230,106,203,120,51,3391,174,109,88,47,111,190],"class_list":["post-77478","post","type-post","status-publish","format-standard","has-post-thumbnail","hentry","category-brasil","category-destaques","category-noticias2","category-politica","tag-adustina","tag-anistia","tag-antas","tag-araci","tag-cicero-dantas","tag-cipo-2","tag-crisopolis-2","tag-euclides-da-cunha","tag-fatima","tag-heliopolis-2","tag-itapicuru","tag-jair-bolsonaro","tag-jeremoabo","tag-nova-soure","tag-novo-triunfo","tag-olindina","tag-paripiranga","tag-pl","tag-prisao","tag-quijingue","tag-ribeira-do-amparo","tag-ribeira-do-pombal","tag-sitio-do-quinto","tag-tucano"],"aioseo_notices":[],"_links":{"self":[{"href":"https:\/\/www.portalalerta.com.br\/index.php\/wp-json\/wp\/v2\/posts\/77478","targetHints":{"allow":["GET"]}}],"collection":[{"href":"https:\/\/www.portalalerta.com.br\/index.php\/wp-json\/wp\/v2\/posts"}],"about":[{"href":"https:\/\/www.portalalerta.com.br\/index.php\/wp-json\/wp\/v2\/types\/post"}],"author":[{"embeddable":true,"href":"https:\/\/www.portalalerta.com.br\/index.php\/wp-json\/wp\/v2\/users\/2"}],"replies":[{"embeddable":true,"href":"https:\/\/www.portalalerta.com.br\/index.php\/wp-json\/wp\/v2\/comments?post=77478"}],"version-history":[{"count":1,"href":"https:\/\/www.portalalerta.com.br\/index.php\/wp-json\/wp\/v2\/posts\/77478\/revisions"}],"predecessor-version":[{"id":77479,"href":"https:\/\/www.portalalerta.com.br\/index.php\/wp-json\/wp\/v2\/posts\/77478\/revisions\/77479"}],"wp:featuredmedia":[{"embeddable":true,"href":"https:\/\/www.portalalerta.com.br\/index.php\/wp-json\/wp\/v2\/media\/77458"}],"wp:attachment":[{"href":"https:\/\/www.portalalerta.com.br\/index.php\/wp-json\/wp\/v2\/media?parent=77478"}],"wp:term":[{"taxonomy":"category","embeddable":true,"href":"https:\/\/www.portalalerta.com.br\/index.php\/wp-json\/wp\/v2\/categories?post=77478"},{"taxonomy":"post_tag","embeddable":true,"href":"https:\/\/www.portalalerta.com.br\/index.php\/wp-json\/wp\/v2\/tags?post=77478"}],"curies":[{"name":"wp","href":"https:\/\/api.w.org\/{rel}","templated":true}]}}