{"id":77480,"date":"2025-11-26T13:36:19","date_gmt":"2025-11-26T16:36:19","guid":{"rendered":"https:\/\/www.portalalerta.com.br\/?p=77480"},"modified":"2025-11-26T13:36:21","modified_gmt":"2025-11-26T16:36:21","slug":"homem-e-preso-com-faca-enquanto-ameacava-companheira-em-ribeira-do-pombal-ba","status":"publish","type":"post","link":"https:\/\/www.portalalerta.com.br\/index.php\/2025\/11\/26\/homem-e-preso-com-faca-enquanto-ameacava-companheira-em-ribeira-do-pombal-ba\/","title":{"rendered":"Homem \u00e9 preso com faca, enquanto amea\u00e7ava companheira, em Ribeira do Pombal-BA"},"content":{"rendered":"\n<p>Por volta das 21h30 da \u00faltima segunda-feira, (24), policiais militares do 2\u00ba Pelot\u00e3o\/ Ribeira do Pombal-BA, se dirigiram at\u00e9 a Rua L\u00facia de Melo, bairro Pombalzinho, para apurarem uma den\u00fancia de viol\u00eancia dom\u00e9stica.<\/p>\n\n\n\n<!--more-->\n\n\n\n<p>Ao chegarem \u00e0 resid\u00eancia em quest\u00e3o, os militares encontraram o autor na sala, portando uma faca, que era utilizada para amea\u00e7ar a pr\u00f3pria companheira e a filha dele. As v\u00edtimas se trancaram em um dos quartos, com o objetivo de se protegerem.<\/p>\n\n\n\n<p>O homem foi preso em flagrante, e conduzido para a Delegacia de Pol\u00edcia Civil da cidade, para a ado\u00e7\u00e3o das medidas cab\u00edveis.<\/p>\n\n\n\n<p><em>Reda\u00e7\u00e3o: Portal Alerta<\/em><\/p>\n","protected":false},"excerpt":{"rendered":"<p>Por volta das 21h30 da \u00faltima segunda-feira, (24), policiais militares do 2\u00ba Pelot\u00e3o\/ Ribeira do Pombal-BA, se dirigiram at\u00e9 a Rua L\u00facia de Melo, bairro Pombalzinho, para apurarem uma den\u00fancia de viol\u00eancia dom\u00e9stica.<\/p>\n","protected":false},"author":2,"featured_media":77459,"comment_status":"open","ping_status":"open","sticky":false,"template":"","format":"standard","meta":{"om_disable_all_campaigns":false,"_monsterinsights_skip_tracking":false,"_monsterinsights_sitenote_active":false,"_monsterinsights_sitenote_note":"","_monsterinsights_sitenote_category":0,"footnotes":""},"categories":[70,69,32,3,22],"tags":[182,100,59,71,48,75,4178,4180,129,107,4181,132,230,480,106,203,120,51,79,77,109,88,47,111,190],"class_list":["post-77480","post","type-post","status-publish","format-standard","has-post-thumbnail","hentry","category-destaques","category-noticias2","category-regiao","category-ribeira-do-pombal","category-seguranca","tag-21a-cipm","tag-adustina","tag-ameaca","tag-antas","tag-araci","tag-cicero-dantas","tag-cipo-2","tag-crisopolis-2","tag-euclides-da-cunha","tag-fatima","tag-heliopolis-2","tag-itapicuru","tag-jeremoabo","tag-maria-da-penha","tag-nova-soure","tag-novo-triunfo","tag-olindina","tag-paripiranga","tag-policia-militar","tag-preso","tag-quijingue","tag-ribeira-do-amparo","tag-ribeira-do-pombal","tag-sitio-do-quinto","tag-tucano"],"aioseo_notices":[],"_links":{"self":[{"href":"https:\/\/www.portalalerta.com.br\/index.php\/wp-json\/wp\/v2\/posts\/77480","targetHints":{"allow":["GET"]}}],"collection":[{"href":"https:\/\/www.portalalerta.com.br\/index.php\/wp-json\/wp\/v2\/posts"}],"about":[{"href":"https:\/\/www.portalalerta.com.br\/index.php\/wp-json\/wp\/v2\/types\/post"}],"author":[{"embeddable":true,"href":"https:\/\/www.portalalerta.com.br\/index.php\/wp-json\/wp\/v2\/users\/2"}],"replies":[{"embeddable":true,"href":"https:\/\/www.portalalerta.com.br\/index.php\/wp-json\/wp\/v2\/comments?post=77480"}],"version-history":[{"count":1,"href":"https:\/\/www.portalalerta.com.br\/index.php\/wp-json\/wp\/v2\/posts\/77480\/revisions"}],"predecessor-version":[{"id":77481,"href":"https:\/\/www.portalalerta.com.br\/index.php\/wp-json\/wp\/v2\/posts\/77480\/revisions\/77481"}],"wp:featuredmedia":[{"embeddable":true,"href":"https:\/\/www.portalalerta.com.br\/index.php\/wp-json\/wp\/v2\/media\/77459"}],"wp:attachment":[{"href":"https:\/\/www.portalalerta.com.br\/index.php\/wp-json\/wp\/v2\/media?parent=77480"}],"wp:term":[{"taxonomy":"category","embeddable":true,"href":"https:\/\/www.portalalerta.com.br\/index.php\/wp-json\/wp\/v2\/categories?post=77480"},{"taxonomy":"post_tag","embeddable":true,"href":"https:\/\/www.portalalerta.com.br\/index.php\/wp-json\/wp\/v2\/tags?post=77480"}],"curies":[{"name":"wp","href":"https:\/\/api.w.org\/{rel}","templated":true}]}}