{"id":77484,"date":"2025-11-27T11:19:33","date_gmt":"2025-11-27T14:19:33","guid":{"rendered":"https:\/\/www.portalalerta.com.br\/?p=77484"},"modified":"2025-11-27T11:19:34","modified_gmt":"2025-11-27T14:19:34","slug":"pizzaria-em-caldas-do-jorro-e-atingida-por-incendio","status":"publish","type":"post","link":"https:\/\/www.portalalerta.com.br\/index.php\/2025\/11\/27\/pizzaria-em-caldas-do-jorro-e-atingida-por-incendio\/","title":{"rendered":"Pizzaria em Caldas do Jorro \u00e9 atingida por inc\u00eandio"},"content":{"rendered":"\n<p>Vazamento de g\u00e1s \u00e9 a principal suspeita para o inc\u00eandio<\/p>\n\n\n\n<!--more-->\n\n\n\n<p>Uma explos\u00e3o causada por vazamento de g\u00e1s foi registrada na tarde desta quarta-feira, 26, na Pizzaria e Gelateria Gustare, localizada na Pra\u00e7a Ana Oliveira, em Caldas do Jorro, distrito de Tucano. O acidente ocorreu por volta das 15h e provocou a destrui\u00e7\u00e3o das vidra\u00e7as e danos na parte interna do estabelecimento.<\/p>\n\n\n\n<p>No momento da explos\u00e3o, a propriet\u00e1ria e funcion\u00e1rios estavam na cozinha se preparando para a abertura do com\u00e9rcio. Eles foram socorridos e encaminhados ao Hospital Mariana Pinheiro. At\u00e9 agora, n\u00e3o h\u00e1 informa\u00e7\u00f5es oficiais sobre o estado de sa\u00fade das v\u00edtimas.<\/p>\n\n\n\n<p>O caso ser\u00e1 apurado para esclarecer as causas do vazamento e as circunst\u00e2ncias do ocorrido.<\/p>\n\n\n\n<p><em>Fonte: Info Serrinha e regi\u00e3o<\/em><\/p>\n","protected":false},"excerpt":{"rendered":"<p>Vazamento de g\u00e1s \u00e9 a principal suspeita para o inc\u00eandio<\/p>\n","protected":false},"author":2,"featured_media":77483,"comment_status":"open","ping_status":"open","sticky":false,"template":"","format":"standard","meta":{"om_disable_all_campaigns":false,"_monsterinsights_skip_tracking":false,"_monsterinsights_sitenote_active":false,"_monsterinsights_sitenote_note":"","_monsterinsights_sitenote_category":0,"footnotes":""},"categories":[8473,69,32,12],"tags":[166,100,71,48,75,4178,4180,129,113,107,4181,132,230,106,203,120,51,109,88,47,111,190],"class_list":["post-77484","post","type-post","status-publish","format-standard","has-post-thumbnail","hentry","category-destaque","category-noticias2","category-regiao","category-tucano","tag-acidente","tag-adustina","tag-antas","tag-araci","tag-cicero-dantas","tag-cipo-2","tag-crisopolis-2","tag-euclides-da-cunha","tag-explosao","tag-fatima","tag-heliopolis-2","tag-itapicuru","tag-jeremoabo","tag-nova-soure","tag-novo-triunfo","tag-olindina","tag-paripiranga","tag-quijingue","tag-ribeira-do-amparo","tag-ribeira-do-pombal","tag-sitio-do-quinto","tag-tucano"],"aioseo_notices":[],"_links":{"self":[{"href":"https:\/\/www.portalalerta.com.br\/index.php\/wp-json\/wp\/v2\/posts\/77484","targetHints":{"allow":["GET"]}}],"collection":[{"href":"https:\/\/www.portalalerta.com.br\/index.php\/wp-json\/wp\/v2\/posts"}],"about":[{"href":"https:\/\/www.portalalerta.com.br\/index.php\/wp-json\/wp\/v2\/types\/post"}],"author":[{"embeddable":true,"href":"https:\/\/www.portalalerta.com.br\/index.php\/wp-json\/wp\/v2\/users\/2"}],"replies":[{"embeddable":true,"href":"https:\/\/www.portalalerta.com.br\/index.php\/wp-json\/wp\/v2\/comments?post=77484"}],"version-history":[{"count":1,"href":"https:\/\/www.portalalerta.com.br\/index.php\/wp-json\/wp\/v2\/posts\/77484\/revisions"}],"predecessor-version":[{"id":77485,"href":"https:\/\/www.portalalerta.com.br\/index.php\/wp-json\/wp\/v2\/posts\/77484\/revisions\/77485"}],"wp:featuredmedia":[{"embeddable":true,"href":"https:\/\/www.portalalerta.com.br\/index.php\/wp-json\/wp\/v2\/media\/77483"}],"wp:attachment":[{"href":"https:\/\/www.portalalerta.com.br\/index.php\/wp-json\/wp\/v2\/media?parent=77484"}],"wp:term":[{"taxonomy":"category","embeddable":true,"href":"https:\/\/www.portalalerta.com.br\/index.php\/wp-json\/wp\/v2\/categories?post=77484"},{"taxonomy":"post_tag","embeddable":true,"href":"https:\/\/www.portalalerta.com.br\/index.php\/wp-json\/wp\/v2\/tags?post=77484"}],"curies":[{"name":"wp","href":"https:\/\/api.w.org\/{rel}","templated":true}]}}