{"id":77494,"date":"2025-11-27T11:42:17","date_gmt":"2025-11-27T14:42:17","guid":{"rendered":"https:\/\/www.portalalerta.com.br\/?p=77494"},"modified":"2025-11-27T11:42:18","modified_gmt":"2025-11-27T14:42:18","slug":"messias-conta-com-apoio-de-ministros-do-stf-em-meio-a-tensao-com-alcolumbre","status":"publish","type":"post","link":"https:\/\/www.portalalerta.com.br\/index.php\/2025\/11\/27\/messias-conta-com-apoio-de-ministros-do-stf-em-meio-a-tensao-com-alcolumbre\/","title":{"rendered":"Messias conta com apoio de ministros do STF em meio \u00e0 tens\u00e3o com Alcolumbre"},"content":{"rendered":"\n<p>Celeridade pra sabatina a despeito da vontade do Planalto \u00e9 vista como \u201cdescabida\u201d por ala da Suprema Corte<\/p>\n\n\n\n<!--more-->\n\n\n\n<p>A possibilidade de o&nbsp;Senado&nbsp;derrubar a indica\u00e7\u00e3o do advogado-geral da Uni\u00e3o,&nbsp;Jorge Messias, \u00e9 criticada por ministros do&nbsp;STF (Supremo Tribunal Federal)&nbsp;ouvidos pela&nbsp;CNN Brasil.<\/p>\n\n\n\n<p>Apesar da prefer\u00eancia pelo senador&nbsp;Rodrigo Pacheco (PSD-MG), integrantes da Corte consideram que o presidente do Senado,&nbsp;Davi Alcolumbre (Uni\u00e3o-AP), \u201cpassar\u00e1 do ponto\u201d se adotar esse caminho. A sabatina foi marcada para o dia 10 de dezembro.<\/p>\n\n\n\n<p>A avalia\u00e7\u00e3o dos magistrados \u00e9 de que a decis\u00e3o de acelerar o processo a despeito da vontade do Planalto \u00e9 \u201cdescabida\u201d, visto que o presidente&nbsp;Luiz In\u00e1cio Lula da Silva (PT)&nbsp;j\u00e1 sinalizou que, caso Messias n\u00e3o seja aprovado, n\u00e3o indicar\u00e1 Pacheco.<\/p>\n\n\n\n<p>Al\u00e9m disso, a percep\u00e7\u00e3o \u00e9 de que um ru\u00eddo eterno existir\u00e1 no cen\u00e1rio de avan\u00e7o do nome de Messias. Em 2023, o presidente do Senado dificultou o processo e colocou a indica\u00e7\u00e3o do ministro indicado por Bolsonaro em banho-maria. At\u00e9 hoje, os dois n\u00e3o t\u00eam uma boa rela\u00e7\u00e3o.<\/p>\n\n\n\n<p>Entre os ministros atuantes pr\u00f3-messias, estariam&nbsp;Andr\u00e9 Mendon\u00e7a,&nbsp;Gilmar Mendes&nbsp;e&nbsp;Fl\u00e1vio Dino.<\/p>\n\n\n\n<p><em>Fonte: CNN<\/em><\/p>\n","protected":false},"excerpt":{"rendered":"<p>Celeridade pra sabatina a despeito da vontade do Planalto \u00e9 vista como \u201cdescabida\u201d por ala da Suprema Corte<\/p>\n","protected":false},"author":2,"featured_media":77495,"comment_status":"open","ping_status":"open","sticky":false,"template":"","format":"standard","meta":{"om_disable_all_campaigns":false,"_monsterinsights_skip_tracking":false,"_monsterinsights_sitenote_active":false,"_monsterinsights_sitenote_note":"","_monsterinsights_sitenote_category":0,"footnotes":""},"categories":[34,8473,69,21],"tags":[],"class_list":["post-77494","post","type-post","status-publish","format-standard","has-post-thumbnail","hentry","category-brasil","category-destaque","category-noticias2","category-politica"],"aioseo_notices":[],"_links":{"self":[{"href":"https:\/\/www.portalalerta.com.br\/index.php\/wp-json\/wp\/v2\/posts\/77494","targetHints":{"allow":["GET"]}}],"collection":[{"href":"https:\/\/www.portalalerta.com.br\/index.php\/wp-json\/wp\/v2\/posts"}],"about":[{"href":"https:\/\/www.portalalerta.com.br\/index.php\/wp-json\/wp\/v2\/types\/post"}],"author":[{"embeddable":true,"href":"https:\/\/www.portalalerta.com.br\/index.php\/wp-json\/wp\/v2\/users\/2"}],"replies":[{"embeddable":true,"href":"https:\/\/www.portalalerta.com.br\/index.php\/wp-json\/wp\/v2\/comments?post=77494"}],"version-history":[{"count":1,"href":"https:\/\/www.portalalerta.com.br\/index.php\/wp-json\/wp\/v2\/posts\/77494\/revisions"}],"predecessor-version":[{"id":77496,"href":"https:\/\/www.portalalerta.com.br\/index.php\/wp-json\/wp\/v2\/posts\/77494\/revisions\/77496"}],"wp:featuredmedia":[{"embeddable":true,"href":"https:\/\/www.portalalerta.com.br\/index.php\/wp-json\/wp\/v2\/media\/77495"}],"wp:attachment":[{"href":"https:\/\/www.portalalerta.com.br\/index.php\/wp-json\/wp\/v2\/media?parent=77494"}],"wp:term":[{"taxonomy":"category","embeddable":true,"href":"https:\/\/www.portalalerta.com.br\/index.php\/wp-json\/wp\/v2\/categories?post=77494"},{"taxonomy":"post_tag","embeddable":true,"href":"https:\/\/www.portalalerta.com.br\/index.php\/wp-json\/wp\/v2\/tags?post=77494"}],"curies":[{"name":"wp","href":"https:\/\/api.w.org\/{rel}","templated":true}]}}