{"id":77500,"date":"2025-11-28T00:10:27","date_gmt":"2025-11-28T03:10:27","guid":{"rendered":"https:\/\/www.portalalerta.com.br\/?p=77500"},"modified":"2025-11-28T00:10:30","modified_gmt":"2025-11-28T03:10:30","slug":"comarca-de-nova-soure-ba-e-elevada-de-entrancia-inicial-para-intermediaria","status":"publish","type":"post","link":"https:\/\/www.portalalerta.com.br\/index.php\/2025\/11\/28\/comarca-de-nova-soure-ba-e-elevada-de-entrancia-inicial-para-intermediaria\/","title":{"rendered":"Comarca de Nova Soure-BA \u00e9 elevada de entr\u00e2ncia inicial para intermedi\u00e1ria"},"content":{"rendered":"\n<p><strong>O Governador da Bahia, Jer\u00f4nimo Rodrigues, sancionou leis que reclassificam a entr\u00e2ncia de quatro comarcas do estado. As mudan\u00e7as, que envolvem as cidades de Carinhanha, Concei\u00e7\u00e3o do Coit\u00e9, Nova Soure e Morro do Chap\u00e9u, foram decretadas pela Assembleia Legislativa e publicadas com a assinatura do Secret\u00e1rio da Casa Civil, Afonso Bandeira Florence.<\/strong><\/p>\n\n\n\n<!--more-->\n\n\n\n<p><strong>A Comarca de Carinhanha foi elevada de entr\u00e2ncia inicial para entr\u00e2ncia intermedi\u00e1ria pela Lei n\u00ba 15.025. No mesmo dia, a Lei n\u00ba 15.026 promoveu a Comarca de Concei\u00e7\u00e3o do Coit\u00e9 de entr\u00e2ncia intermedi\u00e1ria para entr\u00e2ncia final. J\u00e1 as Comarcas de Nova Soure e Morro do Chap\u00e9u, por meio das Leis n\u00ba 15.027 e 15.028, respectivamente, tamb\u00e9m foram reclassificadas de entr\u00e2ncia inicial para entr\u00e2ncia intermedi\u00e1ria.<\/strong><\/p>\n\n\n<div class=\"wp-block-image\">\n<figure class=\"alignleft size-large is-resized\"><img fetchpriority=\"high\" decoding=\"async\" width=\"1024\" height=\"1024\" src=\"https:\/\/www.portalalerta.com.br\/wp-content\/uploads\/2024\/04\/autoescola-emprego-1024x1024.jpg\" alt=\"\" class=\"wp-image-55693\" style=\"object-fit:cover;width:435px;height:435px\" srcset=\"https:\/\/www.portalalerta.com.br\/wp-content\/uploads\/2024\/04\/autoescola-emprego-1024x1024.jpg 1024w, https:\/\/www.portalalerta.com.br\/wp-content\/uploads\/2024\/04\/autoescola-emprego-240x240.jpg 240w, https:\/\/www.portalalerta.com.br\/wp-content\/uploads\/2024\/04\/autoescola-emprego-768x768.jpg 768w, https:\/\/www.portalalerta.com.br\/wp-content\/uploads\/2024\/04\/autoescola-emprego.jpg 1080w\" sizes=\"(max-width: 1024px) 100vw, 1024px\" \/><\/figure><\/div>\n\n\n<p><strong>PROMO\u00c7\u00c3O DE MAGISTRADOS<br>Um ponto comum a todas as leis \u00e9 a ressalva de que a eleva\u00e7\u00e3o de entr\u00e2ncia n\u00e3o implica na promo\u00e7\u00e3o autom\u00e1tica dos magistrados. No entanto, fica garantido aos ju\u00edzes o direito de receber a diferen\u00e7a de vencimentos correspondente \u00e0 nova entr\u00e2ncia. Os textos legais estabelecem que os magistrados titulares nessas comarcas ter\u00e3o um prazo de cinco dias, a contar da publica\u00e7\u00e3o do ato, para optar por efetivar sua promo\u00e7\u00e3o na unidade jurisdicional onde j\u00e1 atuam. Caso manifestem essa op\u00e7\u00e3o, a vaga que ocupariam ser\u00e1 reaberta para promo\u00e7\u00e3o por meio de concurso.<\/strong><\/p>\n\n\n\n<p><strong>As altera\u00e7\u00f5es exigem tamb\u00e9m adequa\u00e7\u00f5es na Lei n\u00ba 10.845, de 27 de novembro de 2007, que disp\u00f5e sobre a organiza\u00e7\u00e3o e divis\u00e3o judici\u00e1ria do estado. As comarcas de Carinhanha, Nova Soure e Morro do Chap\u00e9u foram transferidas do Anexo I para o Anexo II da referida lei, que lista comarcas por entr\u00e2ncia. J\u00e1 Concei\u00e7\u00e3o do Coit\u00e9 foi removida do Anexo II e inclu\u00edda no Anexo III, destinado \u00e0s entr\u00e2ncias finais, sendo necess\u00e1rio o renumera\u00e7\u00e3o dos itens subsequentes em todos os anexos afetados.<\/strong><\/p>\n\n\n\n<p><strong>Al\u00e9m disso, as leis especificam mudan\u00e7as no quantitativo de ju\u00edzes. Concei\u00e7\u00e3o do Coit\u00e9 passar\u00e1 a contar com oito ju\u00edzes de direito, Nova Soure com dois e Morro do Chap\u00e9u com tr\u00eas, com os devidos ajustes nos artigos que detalham a composi\u00e7\u00e3o do judici\u00e1rio nas diversas entr\u00e2ncias.<\/strong><\/p>\n\n\n\n<p><strong>Segundo a publica\u00e7\u00e3o, as despesas decorrentes de todas essas reclassifica\u00e7\u00f5es ser\u00e3o custeadas por dota\u00e7\u00f5es or\u00e7ament\u00e1rias pr\u00f3prias do estado, observados os limites da Lei de Responsabilidade Fiscal (Lei Complementar Federal n\u00ba 101\/2000). Todas as leis entraram em vigor na data de sua publica\u00e7\u00e3o.<\/strong><\/p>\n\n\n\n<p><strong>Em 8 de novembro deste ano, o&nbsp;<a href=\"https:\/\/www.bahianoticias.com.br\/justica\/noticia\/73450-tj-ba-e-mp-ba-enviam-proposta-de-reestruturacao-do-judiciario-no-interior-do-estado-para-a-al-ba\" target=\"_blank\" rel=\"noreferrer noopener\">TJ-BA&nbsp;e o MP-BA&nbsp;encaminharam \u00e0 AL-BA<\/a>&nbsp;um conjunto de propostas para a estrutura do sistema de Justi\u00e7a no interior do estado. Os projetos inclu\u00edam&nbsp;a eleva\u00e7\u00e3o de comarcas e a reorganiza\u00e7\u00e3o de promotorias, medidas justificadas pelo crescimento populacional, aumento da movimenta\u00e7\u00e3o processual e necessidade de maior efici\u00eancia na presta\u00e7\u00e3o jurisdicional.<\/strong><\/p>\n\n\n\n<p><strong>Ap\u00f3s o envio da proposta pelos \u00f3rg\u00e3os, em 18 de novembro, a&nbsp;<a href=\"https:\/\/www.bahianoticias.com.br\/noticia\/310719-al-ba-aprova-projetos-do-tj-ba-que-elevam-comarcas-de-conceicao-do-coite-carinhanha-e-morro-do-chapeu\" target=\"_blank\" rel=\"noreferrer noopener\">AL-BA&nbsp;aprovou os projetos encaminhados pelo TJ&nbsp;<\/a>que reestruturam duas comarcas do interior do estado. Os textos foram votados em sess\u00e3o e aprovadas por unanimidade.<\/strong><\/p>\n\n\n\n<p><em>Fonte: Bahia&nbsp; not\u00edcias<\/em><\/p>\n","protected":false},"excerpt":{"rendered":"<p>O Governador da Bahia, Jer\u00f4nimo Rodrigues, sancionou leis que reclassificam a entr\u00e2ncia de quatro comarcas do estado. As mudan\u00e7as, que envolvem as cidades de Carinhanha, Concei\u00e7\u00e3o do Coit\u00e9, Nova Soure e Morro do Chap\u00e9u, foram decretadas pela Assembleia Legislativa e publicadas com a assinatura do Secret\u00e1rio da Casa Civil, Afonso Bandeira Florence.<\/p>\n","protected":false},"author":2,"featured_media":77501,"comment_status":"open","ping_status":"open","sticky":false,"template":"","format":"standard","meta":{"om_disable_all_campaigns":false,"_monsterinsights_skip_tracking":false,"_monsterinsights_sitenote_active":false,"_monsterinsights_sitenote_note":"","_monsterinsights_sitenote_category":0,"footnotes":""},"categories":[70,69,14,32],"tags":[100,71,48,75,4178,6898,4180,129,107,3217,8150,4181,132,230,2500,106,203,120,51,109,88,47,111,190],"class_list":["post-77500","post","type-post","status-publish","format-standard","has-post-thumbnail","hentry","category-destaques","category-noticias2","category-nova-soure","category-regiao","tag-adustina","tag-antas","tag-araci","tag-cicero-dantas","tag-cipo-2","tag-comarca","tag-crisopolis-2","tag-euclides-da-cunha","tag-fatima","tag-forum","tag-governador-da-bahia","tag-heliopolis-2","tag-itapicuru","tag-jeremoabo","tag-jeronimo-rodrigues","tag-nova-soure","tag-novo-triunfo","tag-olindina","tag-paripiranga","tag-quijingue","tag-ribeira-do-amparo","tag-ribeira-do-pombal","tag-sitio-do-quinto","tag-tucano"],"aioseo_notices":[],"_links":{"self":[{"href":"https:\/\/www.portalalerta.com.br\/index.php\/wp-json\/wp\/v2\/posts\/77500","targetHints":{"allow":["GET"]}}],"collection":[{"href":"https:\/\/www.portalalerta.com.br\/index.php\/wp-json\/wp\/v2\/posts"}],"about":[{"href":"https:\/\/www.portalalerta.com.br\/index.php\/wp-json\/wp\/v2\/types\/post"}],"author":[{"embeddable":true,"href":"https:\/\/www.portalalerta.com.br\/index.php\/wp-json\/wp\/v2\/users\/2"}],"replies":[{"embeddable":true,"href":"https:\/\/www.portalalerta.com.br\/index.php\/wp-json\/wp\/v2\/comments?post=77500"}],"version-history":[{"count":1,"href":"https:\/\/www.portalalerta.com.br\/index.php\/wp-json\/wp\/v2\/posts\/77500\/revisions"}],"predecessor-version":[{"id":77502,"href":"https:\/\/www.portalalerta.com.br\/index.php\/wp-json\/wp\/v2\/posts\/77500\/revisions\/77502"}],"wp:featuredmedia":[{"embeddable":true,"href":"https:\/\/www.portalalerta.com.br\/index.php\/wp-json\/wp\/v2\/media\/77501"}],"wp:attachment":[{"href":"https:\/\/www.portalalerta.com.br\/index.php\/wp-json\/wp\/v2\/media?parent=77500"}],"wp:term":[{"taxonomy":"category","embeddable":true,"href":"https:\/\/www.portalalerta.com.br\/index.php\/wp-json\/wp\/v2\/categories?post=77500"},{"taxonomy":"post_tag","embeddable":true,"href":"https:\/\/www.portalalerta.com.br\/index.php\/wp-json\/wp\/v2\/tags?post=77500"}],"curies":[{"name":"wp","href":"https:\/\/api.w.org\/{rel}","templated":true}]}}