{"id":77503,"date":"2025-11-28T00:17:22","date_gmt":"2025-11-28T03:17:22","guid":{"rendered":"https:\/\/www.portalalerta.com.br\/?p=77503"},"modified":"2025-11-28T00:17:24","modified_gmt":"2025-11-28T03:17:24","slug":"congresso-derruba-52-vetos-de-lula-sobre-licenciamento-ambiental","status":"publish","type":"post","link":"https:\/\/www.portalalerta.com.br\/index.php\/2025\/11\/28\/congresso-derruba-52-vetos-de-lula-sobre-licenciamento-ambiental\/","title":{"rendered":"Congresso derruba 52 vetos de Lula sobre licenciamento ambiental"},"content":{"rendered":"\n<p><em>Vota\u00e7\u00e3o representa derrota \u00e0 Lula, que havia recomendado vetos \u00e0 nova lei, que simplifica libera\u00e7\u00e3o de obras<\/em><\/p>\n\n\n\n<!--more-->\n\n\n\n<p><em><a href=\"https:\/\/profile.google.com\/cp\/CgkvbS8wa3FyZGg\" target=\"_blank\" rel=\"noreferrer noopener\"><\/a><\/em><\/p>\n\n\n\n<p><em>Por maioria de votos em ambas as Casas, o Congresso Nacional derrubou, nesta quinta-feira (27), veto do Poder Executivo \u00e0 52 pontos da Lei Geral do Licenciamento Ambiental (Lei 15.190\/2025). Retornam ao texto legal trechos como os que<a href=\"https:\/\/www.band.com.br\/agro\/noticias\/governo-defende-manutencao-de-vetos-a-lei-do-licenciamento-ambiental-202511271158\"><strong>&nbsp;tratam da dispensa e simplifica\u00e7\u00e3o do licenciamento ambiental e de suas exig\u00eancias e responsabilidades<\/strong><\/a><strong>; e fun\u00e7\u00e3o dos \u00f3rg\u00e3os federais, estados e munic\u00edpios<\/strong>&nbsp;nesses processos. Os dispositivos rejeitados pelo Parlamento v\u00e3o \u00e0 promulga\u00e7\u00e3o.<\/em><\/p>\n\n\n\n<p><strong><em>Compartilhar<\/em><\/strong><\/p>\n\n\n\n<p><em><a href=\"https:\/\/api.whatsapp.com\/send?text=congresso%20derruba%2056%20vetos%20de%20lula%20sobre%20licenciamento%20ambiental%20https:\/\/www.band.com.br\/agro\/noticias\/congresso-derruba-56-vetos-de-lula-sobre-licenciamento-ambiental-202511271544\" target=\"_blank\" rel=\"noreferrer noopener\"><\/a><\/em><\/p>\n\n\n\n<p><em><a href=\"https:\/\/telegram.me\/share\/url?url=https:\/\/www.band.com.br\/agro\/noticias\/congresso-derruba-56-vetos-de-lula-sobre-licenciamento-ambiental-202511271544&amp;text=congresso%20derruba%2056%20vetos%20de%20lula%20sobre%20licenciamento%20ambiental\" target=\"_blank\" rel=\"noreferrer noopener\"><\/a><\/em><\/p>\n\n\n\n<p><em>A decis\u00e3o contraria os apelos do Pal\u00e1cio do Planalto, de entidades da sociedade civil e de ambientalistas. Nesta quarta-feira (26), o&nbsp;<a href=\"https:\/\/www.band.com.br\/agro\/noticias\/governo-defende-manutencao-de-vetos-a-lei-do-licenciamento-ambiental-202511271158\"><strong>Planalto chegou a divulgar um alerta sobre a necessidade de manuten\u00e7\u00e3o<\/strong><\/a>&nbsp;dos vetos do presidente Lula, mas a vota\u00e7\u00e3o de hoje mostrou uma derrota do governo. A Frente Parlamentar da Agropecu\u00e1ria (FPA) defendia a derruba dos vetos. Para a FPA, os novos procedimentos v\u00e3o desburocratizar a obten\u00e7\u00e3o de licen\u00e7as ambientais e<strong>&nbsp;destravar uma s\u00e9rie de obras de infraestrutura pelo pa\u00eds.<\/strong><\/em><\/p>\n\n\n\n<p><em>Inicialmente, os parlamentares rejeitaram 24 itens. Outros 28 itens foram destacados (para voto em separado) pelo PT na C\u00e2mara dos Deputados e, assim como os demais, foram derrubados pelos deputados e senadores. A vota\u00e7\u00e3o ocorreu dias ap\u00f3s o t\u00e9rmino da 30\u00aa Confer\u00eancia das Na\u00e7\u00f5es Unidas sobre Mudan\u00e7a Clim\u00e1tica (COP 30), sediada em Bel\u00e9m neste m\u00eas de novembro. &nbsp;<\/em><\/p>\n\n\n\n<p><em>Ao presidir a sess\u00e3o do&nbsp;<a href=\"https:\/\/www.band.com.br\/agro\/noticias\/lei-de-licenciamento-ambiental-sera-votado-202507141212\"><strong>Congresso Nacional, o senador Davi Alcolumbre destacou que votar esse veto \u201c\u00e9 fundamental para destravar o tema do licenciamento ambiental como um todo&#8221;<\/strong><\/a>&nbsp;e isso &#8220;n\u00e3o \u00e9 apenas um detalhe t\u00e9cnico, mas essencial para o desenvolvimento do pa\u00eds\u201d.&nbsp;<\/em><\/p>\n\n\n\n<p><strong><em>Di\u00e1logo e consenso<\/em><\/strong><\/p>\n\n\n\n<p><em>Alcolumbre informou que houve um acordo entre governo e oposi\u00e7\u00e3o para o sobrestamento dos itens 32 a 38 que tratam da Licen\u00e7a Ambiental Especial (LAE). Isso porque o tema est\u00e1 sendo tratado em medida provis\u00f3ria (MP 1.308\/2025), editada pela Presid\u00eancia da Rep\u00fablica, e em an\u00e1lise em comiss\u00e3o especial.&nbsp;A MP 1.308 derruba a fase monof\u00e1sica \u2014 que previa an\u00e1lise em fase \u00fanica, diferentemente do&nbsp;trif\u00e1sico tradicional (Licen\u00e7a Pr\u00e9via, de Instala\u00e7\u00e3o e de Opera\u00e7\u00e3o) \u2014&nbsp; e garante estudo pr\u00e9vio de impacto ambiental (EIA) e relat\u00f3rio de Impacto Ambiental (Rima).&nbsp;<\/em><\/p>\n\n\n<div class=\"wp-block-image\">\n<figure class=\"alignleft size-large is-resized\"><img fetchpriority=\"high\" decoding=\"async\" width=\"819\" height=\"1024\" src=\"https:\/\/www.portalalerta.com.br\/wp-content\/uploads\/2025\/11\/Black-Real-2025-819x1024.jpg\" alt=\"\" class=\"wp-image-77268\" style=\"width:435px\" srcset=\"https:\/\/www.portalalerta.com.br\/wp-content\/uploads\/2025\/11\/Black-Real-2025-819x1024.jpg 819w, https:\/\/www.portalalerta.com.br\/wp-content\/uploads\/2025\/11\/Black-Real-2025-192x240.jpg 192w, https:\/\/www.portalalerta.com.br\/wp-content\/uploads\/2025\/11\/Black-Real-2025-768x960.jpg 768w, https:\/\/www.portalalerta.com.br\/wp-content\/uploads\/2025\/11\/Black-Real-2025.jpg 1080w\" sizes=\"(max-width: 819px) 100vw, 819px\" \/><\/figure><\/div>\n\n\n<p><em>Durante&nbsp;sess\u00e3o&nbsp;conjunta,&nbsp;o presidente pediu aos parlamentares esfor\u00e7o para&nbsp;continuarem a&nbsp;deliberar sobre&nbsp;o Veto 29\/202 \u00e0 lei oriunda do&nbsp;<a href=\"https:\/\/www.band.com.br\/agro\/noticias\/licenciamento-ambiental-entenda-o-projeto-que-destrava-investimentos-para-a-protecao-ambiental-202505201550\"><strong>Projeto de Lei do Licenciamento Ambiental (PL 2.159\/2021)<\/strong><\/a>.&nbsp;\u201cTrata-se de uma decis\u00e3o imprescind\u00edvel para o Brasil, para a seguran\u00e7a jur\u00eddica e para o futuro do nosso desenvolvimento social, ambiental e econ\u00f4mico\u201d, disse.&nbsp;<\/em><\/p>\n\n\n\n<p><em>Segundo Alcolumbre, transformar a an\u00e1lise dos vetos em disputa pol\u00edtica desconsidera o papel institucional do Congresso, de&nbsp;dar a palavra final sobre a vig\u00eancia das leis do&nbsp;pa\u00eds.&nbsp;\u201cO Congresso Nacional n\u00e3o pode se furtar ao cumprimento de suas responsabilidades constitucionais\u201d, afirmou.&nbsp;<\/em><\/p>\n\n\n\n<p><em>Davi tamb\u00e9m&nbsp;destacou a&nbsp;atua\u00e7\u00e3o&nbsp;de&nbsp;colegas senadores&nbsp;nas&nbsp;negocia\u00e7\u00f5es&nbsp;sobre a mat\u00e9ria. Ressaltou o trabalho da senadora Tereza Cristina (PP-MS), no di\u00e1logo com o governo,&nbsp;que possibilitou um consenso para a vota\u00e7\u00e3o.&nbsp;O&nbsp;presidente ainda destacou&nbsp;o&nbsp;an\u00fancio feito pelo&nbsp;l\u00edder do Governo no Congresso, Randolfe&nbsp;Rodrigues&nbsp;(PT-AP), de que houve&nbsp;concord\u00e2ncia&nbsp;do Planalto com a vota\u00e7\u00e3o do veto&nbsp;na data de hoje.&nbsp;<\/em><\/p>\n\n\n\n<p><strong><em>Vetos<\/em><\/strong><\/p>\n\n\n\n<p><em>A lei do licenciamento ambiental \u00e9 oriunda do PL 2.159\/20251, que atualizou procedimentos para emiss\u00e3o de licen\u00e7a ambiental em todo o pa\u00eds e simplificou licen\u00e7as para os empreendimentos de menor impacto. O presidente da Rep\u00fablica, Luiz In\u00e1cio&nbsp;Lula da Silva, vetou 63 dos 400 dispositivos do projeto aprovado no Parlamento.&nbsp;<\/em><\/p>\n\n\n\n<p><em>L\u00edder do Governo no Congresso, o senador Randolfe Rodrigues (PT-AP) informou que &#8220;pela sensibilidade que tem para a legisla\u00e7\u00e3o ambiental brasileira&#8221;, a posi\u00e7\u00e3o do governo era pela manuten\u00e7\u00e3o do veto. Ele lembrou que muitos dos itens vetados s\u00e3o temas inconstitucionais, como os que atingem a Mata Atl\u00e2ntica, protegida pela Constitui\u00e7\u00e3o. Outras lideran\u00e7as, como do Psol e da Rede, acompanharam esse entendimento.<\/em><\/p>\n\n\n\n<p><em>A senadora Eliziane Gama (PSD-MA) afirmou na tribuna que a aprova\u00e7\u00e3o da Lei do Licenciamento Ambiental &#8220;\u00e9 um retrocesso e uma vergonha para o Brasil&#8221;, por ser oriunda de um \u201cprojeto que fere de morte conquistas nacionais, como a prote\u00e7\u00e3o da Mata Atl\u00e2ntica\u201d. \u201cEsse projeto de lei acaba ferindo de morte os principais acordos que s\u00e3o formados nas COPs, e dos quais o Brasil \u00e9 signat\u00e1rio\u201d, disse.<\/em><\/p>\n\n\n\n<p><em>Tamb\u00e9m contr\u00e1ria \u00e0 derrubada dos vetos, a deputada Tal\u00edria Petrone (Psol-RJ) disse que os parlamentares deveriam estar pensando e debatendo sobre transi\u00e7\u00e3o energ\u00e9tica justa, em como afastar o uso de combust\u00edveis fosseis, em pol\u00edticas de mitiga\u00e7\u00e3o e adapta\u00e7\u00e3o, em desmatamento zero. \u201cMas n\u00e3o. Estamos diante de um libera geral. N\u00e3o vai ter minera\u00e7\u00e3o sem planeta, n\u00e3o vai ter agroneg\u00f3cio sem planeta. N\u00e3o h\u00e1 economia poss\u00edvel se n\u00e3o se cuida do planeta. (&#8230;) O Congresso Nacional n\u00e3o tem sido uma aprova\u00e7\u00e3o do povo brasileiro\u201d, &nbsp;afirmou Tal\u00edria.<\/em><\/p>\n\n\n\n<p><em>L\u00edder da Oposi\u00e7\u00e3o no Senado, Rog\u00e9rio Marinho (PL-RN) apontou que &#8220;os&nbsp;\u00f3rg\u00e3os de concess\u00e3o de licenciamenro t\u00eam sido c\u00famplices do atraso do desenvolvimento&#8221;. \u201cPodemos apresentar \u00e0 na\u00e7\u00e3o brasileira uma legisla\u00e7\u00e3o condizente com os desafios que n\u00f3s enfrentaremos nos pr\u00f3ximos anos\u201d, disse o senador.&nbsp;<\/em><\/p>\n\n\n\n<p><em>J\u00e1 o senador Marcos Rog\u00e9rio (PL-RO) defendeu que a nova Lei do Licenciamento Ambiental n\u00e3o \u00e9 um tema de governistas e de oposicionistas, mas do Brasil. Ele ponderou que hoje, \u201co que trava o Brasil s\u00e3o as interpreta\u00e7\u00f5es, s\u00e3o as regras de um Conama que est\u00e3o desconectadas do interesse nacional, que est\u00e3o em desacordo at\u00e9 com a lei\u201d. \u201cEssa Lei do Licenciamento Ambiental aprovada pelo Congresso Nacional \u00e9 uma lei equilibrada, \u00e9 uma lei que respeita a sustentabilidade no Brasil. Agora, \u00e9 preciso conciliar preserva\u00e7\u00e3o com desenvolvimento. Sustentabilidade \u00e9 isso, n\u00e3o \u00e9 uma vis\u00e3o apenas de um dos lados\u201d, &nbsp;disse Marcos Rog\u00e9rio.<\/em><\/p>\n\n\n\n<p><strong><em>Dispensa do licenciamento ambiental<\/em><\/strong><\/p>\n\n\n\n<p><em>Ser\u00e3o liberadas da necessidade de licenciamento ambiental:<\/em><\/p>\n\n\n\n<ul class=\"wp-block-list\">\n<li><em>as atividades fora de lista que seria feita pelos entes federativos;<\/em><\/li>\n\n\n\n<li><em>manuten\u00e7\u00e3o e melhorias de infraestrutura j\u00e1 existentes, em rodovias ou instala\u00e7\u00f5es de energia el\u00e9trica, gasodutos e similares;<\/em><\/li>\n\n\n\n<li><em>as atividades rurais que ocorram em im\u00f3veis com o registro no Cadastro Ambiental Rural (CAR, registro p\u00fablico de im\u00f3veis rurais) pendente de homologa\u00e7\u00e3o;<\/em><\/li>\n\n\n\n<li><em>as obras de saneamento b\u00e1sico at\u00e9 o atingimento das metas de universaliza\u00e7\u00e3o, previstas na\u00a0<a href=\"https:\/\/normas.leg.br\/?urn=urn:lex:br:federal:lei:2020-07-15;14026\"><strong>Lei 14.026, de 2020<\/strong><\/a>.<\/em><\/li>\n<\/ul>\n\n\n\n<p><strong><em>Simplifica\u00e7\u00e3o do licenciamento ambiental<\/em><\/strong><\/p>\n\n\n\n<p><em>Ter\u00e3o o processo de licenciamento simplificado os casos de:<\/em><\/p>\n\n\n\n<ul class=\"wp-block-list\">\n<li><em>seguran\u00e7a energ\u00e9tica estrat\u00e9gica para o pa\u00eds;<\/em><\/li>\n\n\n\n<li><em>abastecimento de \u00e1gua e esgotamento sanit\u00e1rio;<\/em><\/li>\n\n\n\n<li><em>obras para amplia\u00e7\u00e3o de capacidade e \u00e0 pavimenta\u00e7\u00e3o infraestrutura j\u00e1 existentes, em rodovias ou instala\u00e7\u00f5es de energia el\u00e9trica, gasodutos e similares;<\/em><\/li>\n\n\n\n<li><em>atividades simultaneamente de pequeno ou m\u00e9dio porte e de baixo ou m\u00e9dio potencial poluidor, nas quais caber\u00e1 a Licen\u00e7a Ambiental por Ades\u00e3o e Compromisso (LAC). A LAC prev\u00ea compromisso de o interessado obedecer requisitos preestabelecidos pela autoridade licenciadora, e os previstos na lei aprovada;<\/em><\/li>\n\n\n\n<li><em>atividades que hoje est\u00e3o irregulares. Neste caso, pode ser aplicada uma Licen\u00e7a de Opera\u00e7\u00e3o Corretiva (LOC). A LOC regulariza atividade que esteja operando sem licen\u00e7a ambiental, por meio da fixa\u00e7\u00e3o de restri\u00e7\u00f5es ambientais e outras regras (chamadas condicionantes).<\/em><\/li>\n<\/ul>\n\n\n\n<p><em>Haver\u00e1 menor exig\u00eancia na aplica\u00e7\u00e3o de&nbsp;restri\u00e7\u00f5es ambientais ao empreendedor (chamadas de condicionantes), que deveriam ser proporcionais \u00e0 magnitude dos impactos ambientais do empreendimento e ter fundamenta\u00e7\u00e3o t\u00e9cnica que aponte seu nexo causal com esses impactos.&nbsp;<\/em><\/p>\n\n\n\n<p><strong><em>Entes federativos<\/em><\/strong><\/p>\n\n\n\n<p><em>Os trechos originalmente aprovados no Congresso Nacional d\u00e3o certa autonomia aos entes federativos com rela\u00e7\u00e3o \u00e0s diretrizes ambientais da Uni\u00e3o. Podem definir, por exemplo:<\/em><\/p>\n\n\n\n<ul class=\"wp-block-list\">\n<li><em>conceito de porte da atividade ou do empreendimento;<\/em><\/li>\n\n\n\n<li><em>conceito de potencial poluidor;<\/em><\/li>\n\n\n\n<li><em>tipologias de atividades sujeitas a licenciamento. A tipologia \u00e9 produto da rela\u00e7\u00e3o entre a natureza da atividade com o seu porte e potencial poluidor;<br>quais atividades poderiam ter licenciamento simplificado por meio da LAC;<\/em><\/li>\n\n\n\n<li><em>\u00f3rg\u00e3o de fiscaliza\u00e7\u00e3o ambiental dos entes federativos dever\u00e3o comunicar o \u00f3rg\u00e3o licenciador (nacional) nas situa\u00e7\u00f5es de imin\u00eancia ou ocorr\u00eancia de degrada\u00e7\u00e3o da qualidade ambiental. Nesses casos, a comunica\u00e7\u00e3o extingue as medidas de prote\u00e7\u00e3o adotadas pelo \u00f3rg\u00e3o estadual ou municipal;<\/em><\/li>\n\n\n\n<li><em>retira-se a anu\u00eancia pr\u00e9via obrigat\u00f3ria que \u00f3rg\u00e3os ambientais federais e municipais d\u00e3o atualmente para permitir supress\u00e3o da vegeta\u00e7\u00e3o prim\u00e1ria e secund\u00e1ria na Mata Atl\u00e2ntica autorizada pelos estados.<\/em><\/li>\n<\/ul>\n\n\n\n<p><em>Permite-se altern\u00e2ncia na manifesta\u00e7\u00e3o de determinados \u00f3rg\u00e3os do Poder Executivo federal e at\u00e9 dos estados como um todo ao:<\/em><\/p>\n\n\n\n<ul class=\"wp-block-list\">\n<li><em>dar \u00e0 autoridade licenciadora a responsabilidade de definir os procedimentos e modalidades de licenciamento e os tipos de estudo ou relat\u00f3rio a serem exigidos;<\/em><\/li>\n\n\n\n<li><em>tornar opinativa as decis\u00f5es da Funai (ind\u00edgenas), Funda\u00e7\u00e3o Palmares (quilombolas) e dos \u00f3rg\u00e3os gestores de unidades de conserva\u00e7\u00e3o da natureza [O ICMBio \u00e9 o \u00f3rg\u00e3o federal, por exemplo]. Al\u00e9m disso, o atraso delas em dar suas decis\u00f5es n\u00e3o impede o avan\u00e7o do processo de licenciamento ambiental.<\/em><\/li>\n<\/ul>\n\n\n\n<p><em>Fonte: Band.com.br<\/em><\/p>\n","protected":false},"excerpt":{"rendered":"<p>Vota\u00e7\u00e3o representa derrota \u00e0 Lula, que havia recomendado vetos \u00e0 nova lei, que simplifica libera\u00e7\u00e3o de obras<\/p>\n","protected":false},"author":2,"featured_media":3305,"comment_status":"open","ping_status":"open","sticky":false,"template":"","format":"standard","meta":{"om_disable_all_campaigns":false,"_monsterinsights_skip_tracking":false,"_monsterinsights_sitenote_active":false,"_monsterinsights_sitenote_note":"","_monsterinsights_sitenote_category":0,"footnotes":""},"categories":[34,70,69,21],"tags":[100,71,48,93,75,4178,234,4180,129,107,249,4181,132,230,8487,106,203,120,51,199,109,88,47,111,190,1687],"class_list":["post-77503","post","type-post","status-publish","format-standard","has-post-thumbnail","hentry","category-brasil","category-destaques","category-noticias2","category-politica","tag-adustina","tag-antas","tag-araci","tag-brasil","tag-cicero-dantas","tag-cipo-2","tag-congresso-nacional","tag-crisopolis-2","tag-euclides-da-cunha","tag-fatima","tag-governo-federal","tag-heliopolis-2","tag-itapicuru","tag-jeremoabo","tag-licenciamento-ambiental","tag-nova-soure","tag-novo-triunfo","tag-olindina","tag-paripiranga","tag-politica","tag-quijingue","tag-ribeira-do-amparo","tag-ribeira-do-pombal","tag-sitio-do-quinto","tag-tucano","tag-veto"],"aioseo_notices":[],"_links":{"self":[{"href":"https:\/\/www.portalalerta.com.br\/index.php\/wp-json\/wp\/v2\/posts\/77503","targetHints":{"allow":["GET"]}}],"collection":[{"href":"https:\/\/www.portalalerta.com.br\/index.php\/wp-json\/wp\/v2\/posts"}],"about":[{"href":"https:\/\/www.portalalerta.com.br\/index.php\/wp-json\/wp\/v2\/types\/post"}],"author":[{"embeddable":true,"href":"https:\/\/www.portalalerta.com.br\/index.php\/wp-json\/wp\/v2\/users\/2"}],"replies":[{"embeddable":true,"href":"https:\/\/www.portalalerta.com.br\/index.php\/wp-json\/wp\/v2\/comments?post=77503"}],"version-history":[{"count":1,"href":"https:\/\/www.portalalerta.com.br\/index.php\/wp-json\/wp\/v2\/posts\/77503\/revisions"}],"predecessor-version":[{"id":77504,"href":"https:\/\/www.portalalerta.com.br\/index.php\/wp-json\/wp\/v2\/posts\/77503\/revisions\/77504"}],"wp:featuredmedia":[{"embeddable":true,"href":"https:\/\/www.portalalerta.com.br\/index.php\/wp-json\/wp\/v2\/media\/3305"}],"wp:attachment":[{"href":"https:\/\/www.portalalerta.com.br\/index.php\/wp-json\/wp\/v2\/media?parent=77503"}],"wp:term":[{"taxonomy":"category","embeddable":true,"href":"https:\/\/www.portalalerta.com.br\/index.php\/wp-json\/wp\/v2\/categories?post=77503"},{"taxonomy":"post_tag","embeddable":true,"href":"https:\/\/www.portalalerta.com.br\/index.php\/wp-json\/wp\/v2\/tags?post=77503"}],"curies":[{"name":"wp","href":"https:\/\/api.w.org\/{rel}","templated":true}]}}