{"id":77505,"date":"2025-11-28T00:23:44","date_gmt":"2025-11-28T03:23:44","guid":{"rendered":"https:\/\/www.portalalerta.com.br\/?p=77505"},"modified":"2025-11-28T00:23:45","modified_gmt":"2025-11-28T03:23:45","slug":"juiz-realiza-audiencia-na-zona-rural-de-ribeira-do-pombal-ba-para-garantia-de-acesso-a-justica","status":"publish","type":"post","link":"https:\/\/www.portalalerta.com.br\/index.php\/2025\/11\/28\/juiz-realiza-audiencia-na-zona-rural-de-ribeira-do-pombal-ba-para-garantia-de-acesso-a-justica\/","title":{"rendered":"Juiz realiza audi\u00eancia na zona rural de Ribeira do Pombal-BA para garantia de acesso a justi\u00e7a"},"content":{"rendered":"\n<p>Uma cena rara, mas cada vez mais presente na comarca de Ribeira do Pombal, marcou a manh\u00e3 desta quarta-feira (26). Para garantir efetivo acesso \u00e0 Justi\u00e7a, o Magistrado Luiz Carlos Vilas Boas, titular da Vara C\u00edvel do munic\u00edpio, deixou o gabinete e seguiu at\u00e9 o povoado Mulungu, na zona rural, para realizar uma audi\u00eancia diretamente no s\u00edtio onde vive um idoso acometido por um AVC.<\/p>\n\n\n\n<!--more-->\n\n\n\n<p><br><br>A iniciativa ocorreu devido \u00e0s condi\u00e7\u00f5es de sa\u00fade da parte envolvida no processo de interdi\u00e7\u00e3o. O idoso, com mobilidade extremamente reduzida, n\u00e3o tinha meios de se deslocar at\u00e9 o f\u00f3rum. Diante disso, o magistrado determinou a realiza\u00e7\u00e3o da oitiva in loco, assegurando que o andamento do processo n\u00e3o fosse prejudicado pela limita\u00e7\u00e3o f\u00edsica do cidad\u00e3o.<br><br>Segundo o pr\u00f3prio juiz, a decis\u00e3o foi tomada para evitar que o direito fundamental ao acesso \u00e0 Justi\u00e7a fosse esvaziado pela impossibilidade de locomo\u00e7\u00e3o.<br><strong><em>\u201cA locomo\u00e7\u00e3o dele era muito dif\u00edcil. Isso inviabilizaria o acesso \u00e0 Justi\u00e7a. Por isso decidimos fazer a audi\u00eancia in loco. Marcamos com os advogados e fomos at\u00e9 o s\u00edtio para ouvi-lo\u201d<\/em><\/strong>, explicou o magistrado.<br><br>Vilas Boas refor\u00e7ou que essa pr\u00e1tica n\u00e3o \u00e9 in\u00e9dita em sua carreira: <strong><em>\u201cJ\u00e1 que algumas pessoas n\u00e3o conseguem fisicamente ir ao f\u00f3rum, levamos a Justi\u00e7a at\u00e9 elas, para que n\u00e3o fiquem sem a presta\u00e7\u00e3o jurisdicional\u201d,<\/em><\/strong> destacou.<br><br>A atua\u00e7\u00e3o humanizada e adaptada \u00e0s circunst\u00e2ncias concretas demonstra o compromisso do Judici\u00e1rio com a inclus\u00e3o e com a efetividade dos direitos, superando barreiras de dist\u00e2ncia, sa\u00fade e tecnologia, especialmente em comunidades rurais onde a vulnerabilidade pode ser ainda maior.<\/p>\n\n\n\n<p><em>Fonte: A Voz de Tucano<\/em><\/p>\n","protected":false},"excerpt":{"rendered":"<p>Uma cena rara, mas cada vez mais presente na comarca de Ribeira do Pombal, marcou a manh\u00e3 desta quarta-feira (26). Para garantir efetivo acesso \u00e0 Justi\u00e7a, o Magistrado Luiz Carlos Vilas Boas, titular da Vara C\u00edvel do munic\u00edpio, deixou o gabinete e seguiu at\u00e9 o povoado Mulungu, na zona rural, para realizar uma audi\u00eancia diretamente &hellip;<\/p>\n","protected":false},"author":2,"featured_media":77506,"comment_status":"open","ping_status":"open","sticky":false,"template":"","format":"standard","meta":{"om_disable_all_campaigns":false,"_monsterinsights_skip_tracking":false,"_monsterinsights_sitenote_active":false,"_monsterinsights_sitenote_note":"","_monsterinsights_sitenote_category":0,"footnotes":""},"categories":[70,69,32,3],"tags":[8488,100,71,48,75,4178,4180,129,107,4181,132,230,270,106,203,120,51,109,88,47,111,190],"class_list":["post-77505","post","type-post","status-publish","format-standard","has-post-thumbnail","hentry","category-destaques","category-noticias2","category-regiao","category-ribeira-do-pombal","tag-acesso-a-justica","tag-adustina","tag-antas","tag-araci","tag-cicero-dantas","tag-cipo-2","tag-crisopolis-2","tag-euclides-da-cunha","tag-fatima","tag-heliopolis-2","tag-itapicuru","tag-jeremoabo","tag-justica","tag-nova-soure","tag-novo-triunfo","tag-olindina","tag-paripiranga","tag-quijingue","tag-ribeira-do-amparo","tag-ribeira-do-pombal","tag-sitio-do-quinto","tag-tucano"],"aioseo_notices":[],"_links":{"self":[{"href":"https:\/\/www.portalalerta.com.br\/index.php\/wp-json\/wp\/v2\/posts\/77505","targetHints":{"allow":["GET"]}}],"collection":[{"href":"https:\/\/www.portalalerta.com.br\/index.php\/wp-json\/wp\/v2\/posts"}],"about":[{"href":"https:\/\/www.portalalerta.com.br\/index.php\/wp-json\/wp\/v2\/types\/post"}],"author":[{"embeddable":true,"href":"https:\/\/www.portalalerta.com.br\/index.php\/wp-json\/wp\/v2\/users\/2"}],"replies":[{"embeddable":true,"href":"https:\/\/www.portalalerta.com.br\/index.php\/wp-json\/wp\/v2\/comments?post=77505"}],"version-history":[{"count":1,"href":"https:\/\/www.portalalerta.com.br\/index.php\/wp-json\/wp\/v2\/posts\/77505\/revisions"}],"predecessor-version":[{"id":77507,"href":"https:\/\/www.portalalerta.com.br\/index.php\/wp-json\/wp\/v2\/posts\/77505\/revisions\/77507"}],"wp:featuredmedia":[{"embeddable":true,"href":"https:\/\/www.portalalerta.com.br\/index.php\/wp-json\/wp\/v2\/media\/77506"}],"wp:attachment":[{"href":"https:\/\/www.portalalerta.com.br\/index.php\/wp-json\/wp\/v2\/media?parent=77505"}],"wp:term":[{"taxonomy":"category","embeddable":true,"href":"https:\/\/www.portalalerta.com.br\/index.php\/wp-json\/wp\/v2\/categories?post=77505"},{"taxonomy":"post_tag","embeddable":true,"href":"https:\/\/www.portalalerta.com.br\/index.php\/wp-json\/wp\/v2\/tags?post=77505"}],"curies":[{"name":"wp","href":"https:\/\/api.w.org\/{rel}","templated":true}]}}