{"id":77509,"date":"2025-12-01T09:41:40","date_gmt":"2025-12-01T12:41:40","guid":{"rendered":"https:\/\/www.portalalerta.com.br\/?p=77509"},"modified":"2025-12-01T13:50:07","modified_gmt":"2025-12-01T16:50:07","slug":"ha-1-317-dias-sem-homicidios-governador-inaugura-pelotao-da-policia-militar-em-ribeira-do-amparo-ba","status":"publish","type":"post","link":"https:\/\/www.portalalerta.com.br\/index.php\/2025\/12\/01\/ha-1-317-dias-sem-homicidios-governador-inaugura-pelotao-da-policia-militar-em-ribeira-do-amparo-ba\/","title":{"rendered":"H\u00e1 1.317 dias sem homic\u00eddios, governador inaugura Pelot\u00e3o da Pol\u00edcia Militar em Ribeira do Amparo-BA"},"content":{"rendered":"\n<p>Na manh\u00e3 do \u00faltimo domingo (30), o Governador do estado, Jer\u00f4nimo Rodrigues (PT), inaugurou um Pelot\u00e3o da Pol\u00edcia Militar, no munic\u00edpio de Ribeira do Amparo-BA.<\/p>\n\n\n\n<!--more-->\n\n\n\n<p>A entrega fez parte da agenda de inaugura\u00e7\u00f5es e autoriza\u00e7\u00f5es, realizada pelo gestor no munic\u00edpio, no dia da padroeira, Nossa Senhora do Amparo. A entrega do Pelot\u00e3o para a Pol\u00edcia Militar, a primeira vez com sede pr\u00f3pria na cidade, aconteceu justamente no dia em que o munic\u00edpio completou 1.317 dias sem registro de homic\u00eddio.<\/p>\n\n\n\n<p>Durante a visita, Jer\u00f4nimo Rodrigues tamb\u00e9m entregou: <strong>uma ambul\u00e2ncia, um ve\u00edculo administrativo, um aparelho de raio-X m\u00f3vel, kits para unidades b\u00e1sicas de sa\u00fade, equipamentos odontol\u00f3gicos e insumos hospitalares, que v\u00e3o ampliar a capacidade de atendimento pelo SUS na cidade. Um kit estabiliza\u00e7\u00e3o servir\u00e1 ao Hospital Municipal e um kit parto \u00e0 Maternidade Municipal Maria Ferreira de B. Rabelo.<\/strong><\/p>\n\n\n\n<p>Foi anunciada, ainda, a constru\u00e7\u00e3o da nova sede do Col\u00e9gio Estadual de Tempo Integral Josefa Soares de Oliveira, que teve ordem de servi\u00e7o assinada, com recursos estimados em R$ 31,2 milh\u00f5es, por meio da Secretaria da Educa\u00e7\u00e3o do Estado (SEC). O projeto da escola prev\u00ea laborat\u00f3rios, salas multifuncionais, restaurante estudantil, biblioteca, teatro, quadra coberta e campo society.&nbsp;J\u00e1 o acesso de quem mora em Ribeira do Amparo at\u00e9 o povoado de Raspador, pela BA-084, ser\u00e1 pavimentado, ap\u00f3s autoriza\u00e7\u00e3o para abertura de licita\u00e7\u00e3o assinada pelo governador. Ser\u00e3o aportados mais R$ 31,8 milh\u00f5es pela Secretaria de Infraestrutura do Estado (Seinfra) para asfaltar mais 27,14 quil\u00f4metros de vias.<\/p>\n\n\n<div class=\"wp-block-image\">\n<figure class=\"aligncenter size-large\"><img fetchpriority=\"high\" decoding=\"async\" width=\"1024\" height=\"576\" src=\"https:\/\/www.portalalerta.com.br\/wp-content\/uploads\/2025\/12\/inauguracoes-em-Ribeira-do-Amparo-2025-1024x576.jpeg\" alt=\"\" class=\"wp-image-77525\" srcset=\"https:\/\/www.portalalerta.com.br\/wp-content\/uploads\/2025\/12\/inauguracoes-em-Ribeira-do-Amparo-2025-1024x576.jpeg 1024w, https:\/\/www.portalalerta.com.br\/wp-content\/uploads\/2025\/12\/inauguracoes-em-Ribeira-do-Amparo-2025-427x240.jpeg 427w, https:\/\/www.portalalerta.com.br\/wp-content\/uploads\/2025\/12\/inauguracoes-em-Ribeira-do-Amparo-2025-768x432.jpeg 768w, https:\/\/www.portalalerta.com.br\/wp-content\/uploads\/2025\/12\/inauguracoes-em-Ribeira-do-Amparo-2025-1536x864.jpeg 1536w, https:\/\/www.portalalerta.com.br\/wp-content\/uploads\/2025\/12\/inauguracoes-em-Ribeira-do-Amparo-2025-390x220.jpeg 390w, https:\/\/www.portalalerta.com.br\/wp-content\/uploads\/2025\/12\/inauguracoes-em-Ribeira-do-Amparo-2025.jpeg 1600w\" sizes=\"(max-width: 1024px) 100vw, 1024px\" \/><\/figure><\/div>\n\n\n<p>A prefeita da cidade, Tetiana de Paula Fontes Cedro Britto (Teti Britto), comemorou o n\u00famero de a\u00e7\u00f5es positivas. <strong><em>\u201cA visita do nosso governador Jer\u00f4nimo Rodrigues marcou a hist\u00f3ria da nossa gente e fortaleceu ainda mais a caminhada que temos feito com tanto respeito, responsabilidade e amor por este munic\u00edpio. Estou absolutamente grata a Deus por cada detalhe deste dia\u201d<\/em><\/strong>, concluiu.<\/p>\n\n\n\n<p><em>Reda\u00e7\u00e3o: Portal Alerta<\/em><\/p>\n\n\n\n<p><em>Com informa\u00e7\u00f5es: ba.gov<\/em><\/p>\n","protected":false},"excerpt":{"rendered":"<p>Na manh\u00e3 do \u00faltimo domingo (30), o Governador do estado, Jer\u00f4nimo Rodrigues (PT), inaugurou um Pelot\u00e3o da Pol\u00edcia Militar, no munic\u00edpio de Ribeira do Amparo-BA.<\/p>\n","protected":false},"author":2,"featured_media":77510,"comment_status":"open","ping_status":"open","sticky":false,"template":"","format":"standard","meta":{"om_disable_all_campaigns":false,"_monsterinsights_skip_tracking":false,"_monsterinsights_sitenote_active":false,"_monsterinsights_sitenote_note":"","_monsterinsights_sitenote_category":0,"footnotes":""},"categories":[8473,69,21,32,16,22],"tags":[100,71,48,75,4178,4180,129,107,283,4181,674,132,230,2500,106,203,120,51,109,88,47,111,913,190],"class_list":["post-77509","post","type-post","status-publish","format-standard","has-post-thumbnail","hentry","category-destaque","category-noticias2","category-politica","category-regiao","category-ribeira-do-amparo","category-seguranca","tag-adustina","tag-antas","tag-araci","tag-cicero-dantas","tag-cipo-2","tag-crisopolis-2","tag-euclides-da-cunha","tag-fatima","tag-governador","tag-heliopolis-2","tag-inauguracoes","tag-itapicuru","tag-jeremoabo","tag-jeronimo-rodrigues","tag-nova-soure","tag-novo-triunfo","tag-olindina","tag-paripiranga","tag-quijingue","tag-ribeira-do-amparo","tag-ribeira-do-pombal","tag-sitio-do-quinto","tag-teti-britto","tag-tucano"],"aioseo_notices":[],"_links":{"self":[{"href":"https:\/\/www.portalalerta.com.br\/index.php\/wp-json\/wp\/v2\/posts\/77509","targetHints":{"allow":["GET"]}}],"collection":[{"href":"https:\/\/www.portalalerta.com.br\/index.php\/wp-json\/wp\/v2\/posts"}],"about":[{"href":"https:\/\/www.portalalerta.com.br\/index.php\/wp-json\/wp\/v2\/types\/post"}],"author":[{"embeddable":true,"href":"https:\/\/www.portalalerta.com.br\/index.php\/wp-json\/wp\/v2\/users\/2"}],"replies":[{"embeddable":true,"href":"https:\/\/www.portalalerta.com.br\/index.php\/wp-json\/wp\/v2\/comments?post=77509"}],"version-history":[{"count":2,"href":"https:\/\/www.portalalerta.com.br\/index.php\/wp-json\/wp\/v2\/posts\/77509\/revisions"}],"predecessor-version":[{"id":77526,"href":"https:\/\/www.portalalerta.com.br\/index.php\/wp-json\/wp\/v2\/posts\/77509\/revisions\/77526"}],"wp:featuredmedia":[{"embeddable":true,"href":"https:\/\/www.portalalerta.com.br\/index.php\/wp-json\/wp\/v2\/media\/77510"}],"wp:attachment":[{"href":"https:\/\/www.portalalerta.com.br\/index.php\/wp-json\/wp\/v2\/media?parent=77509"}],"wp:term":[{"taxonomy":"category","embeddable":true,"href":"https:\/\/www.portalalerta.com.br\/index.php\/wp-json\/wp\/v2\/categories?post=77509"},{"taxonomy":"post_tag","embeddable":true,"href":"https:\/\/www.portalalerta.com.br\/index.php\/wp-json\/wp\/v2\/tags?post=77509"}],"curies":[{"name":"wp","href":"https:\/\/api.w.org\/{rel}","templated":true}]}}