{"id":77515,"date":"2025-12-01T10:08:25","date_gmt":"2025-12-01T13:08:25","guid":{"rendered":"https:\/\/www.portalalerta.com.br\/?p=77515"},"modified":"2025-12-01T10:08:26","modified_gmt":"2025-12-01T13:08:26","slug":"homem-e-assassinado-a-facadas-em-cipo-ba-e-municipio-registra-o-primeiro-homicidio-do-ano","status":"publish","type":"post","link":"https:\/\/www.portalalerta.com.br\/index.php\/2025\/12\/01\/homem-e-assassinado-a-facadas-em-cipo-ba-e-municipio-registra-o-primeiro-homicidio-do-ano\/","title":{"rendered":"Homem \u00e9 assassinado a facadas em Cip\u00f3-BA, e munic\u00edpio registra o primeiro homic\u00eddio do ano!"},"content":{"rendered":"\n<p>Cidade estava h\u00e1 um ano e quatro meses sem registrar crimes desta natureza<\/p>\n\n\n\n<!--more-->\n\n\n<div class=\"wp-block-image\">\n<figure class=\"alignleft size-full is-resized\"><img fetchpriority=\"high\" decoding=\"async\" width=\"668\" height=\"664\" src=\"https:\/\/www.portalalerta.com.br\/wp-content\/uploads\/2025\/10\/Natal-da-cidade-Real-2025.jpg\" alt=\"\" class=\"wp-image-76686\" style=\"width:391px;height:auto\" srcset=\"https:\/\/www.portalalerta.com.br\/wp-content\/uploads\/2025\/10\/Natal-da-cidade-Real-2025.jpg 668w, https:\/\/www.portalalerta.com.br\/wp-content\/uploads\/2025\/10\/Natal-da-cidade-Real-2025-241x240.jpg 241w\" sizes=\"(max-width: 668px) 100vw, 668px\" \/><\/figure><\/div>\n\n\n<p>Por volta das 9h do \u00faltimo s\u00e1bado (30), um homem de 59 anos foi assassinado a facadas na Estrada do Buri, zona rural de Cip\u00f3-BA.<\/p>\n\n\n\n<p>O caso foi informado \u00e0 Pol\u00edcia, que esteve no local, por\u00e9m n\u00e3o havia mais nada a ser feito, tendo em vista que Jos\u00e9 Souza Marques, j\u00e1 n\u00e3o apresentava sinais vitais. O autor, um jovem de 20 anos, portador de defici\u00eancia intelectual, tamb\u00e9m deu entrada no Hospital da cidade em estado grave, de onde foi transferido para o Hospital Geral do Estado (HGE), e n\u00e3o teve o seu quadro cl\u00ednico divulgado.<\/p>\n\n\n\n<p>De acordo com relatos iniciais, autor e v\u00edtima tinham um hist\u00f3rico de desentendimento.<\/p>\n\n\n\n<p>Este \u00e9 o primeiro homic\u00eddio do ano registrado em Cip\u00f3. A cidade estava h\u00e1 um ano e quatro meses sem registrar crimes desta natureza.<\/p>\n\n\n\n<p><em>Reda\u00e7\u00e3o: Portal Alerta<\/em><\/p>\n","protected":false},"excerpt":{"rendered":"<p>Cidade estava h\u00e1 um ano e quatro meses sem registrar crimes desta natureza<\/p>\n","protected":false},"author":2,"featured_media":4232,"comment_status":"open","ping_status":"open","sticky":false,"template":"","format":"standard","meta":{"om_disable_all_campaigns":false,"_monsterinsights_skip_tracking":false,"_monsterinsights_sitenote_active":false,"_monsterinsights_sitenote_note":"","_monsterinsights_sitenote_category":0,"footnotes":""},"categories":[13,8473,69,32,22],"tags":[100,71,48,75,4178,4180,129,492,107,4181,206,132,230,169,106,203,120,51,109,88,47,111,190],"class_list":["post-77515","post","type-post","status-publish","format-standard","has-post-thumbnail","hentry","category-cipo","category-destaque","category-noticias2","category-regiao","category-seguranca","tag-adustina","tag-antas","tag-araci","tag-cicero-dantas","tag-cipo-2","tag-crisopolis-2","tag-euclides-da-cunha","tag-facada","tag-fatima","tag-heliopolis-2","tag-homicidio","tag-itapicuru","tag-jeremoabo","tag-morte","tag-nova-soure","tag-novo-triunfo","tag-olindina","tag-paripiranga","tag-quijingue","tag-ribeira-do-amparo","tag-ribeira-do-pombal","tag-sitio-do-quinto","tag-tucano"],"aioseo_notices":[],"_links":{"self":[{"href":"https:\/\/www.portalalerta.com.br\/index.php\/wp-json\/wp\/v2\/posts\/77515","targetHints":{"allow":["GET"]}}],"collection":[{"href":"https:\/\/www.portalalerta.com.br\/index.php\/wp-json\/wp\/v2\/posts"}],"about":[{"href":"https:\/\/www.portalalerta.com.br\/index.php\/wp-json\/wp\/v2\/types\/post"}],"author":[{"embeddable":true,"href":"https:\/\/www.portalalerta.com.br\/index.php\/wp-json\/wp\/v2\/users\/2"}],"replies":[{"embeddable":true,"href":"https:\/\/www.portalalerta.com.br\/index.php\/wp-json\/wp\/v2\/comments?post=77515"}],"version-history":[{"count":1,"href":"https:\/\/www.portalalerta.com.br\/index.php\/wp-json\/wp\/v2\/posts\/77515\/revisions"}],"predecessor-version":[{"id":77516,"href":"https:\/\/www.portalalerta.com.br\/index.php\/wp-json\/wp\/v2\/posts\/77515\/revisions\/77516"}],"wp:featuredmedia":[{"embeddable":true,"href":"https:\/\/www.portalalerta.com.br\/index.php\/wp-json\/wp\/v2\/media\/4232"}],"wp:attachment":[{"href":"https:\/\/www.portalalerta.com.br\/index.php\/wp-json\/wp\/v2\/media?parent=77515"}],"wp:term":[{"taxonomy":"category","embeddable":true,"href":"https:\/\/www.portalalerta.com.br\/index.php\/wp-json\/wp\/v2\/categories?post=77515"},{"taxonomy":"post_tag","embeddable":true,"href":"https:\/\/www.portalalerta.com.br\/index.php\/wp-json\/wp\/v2\/tags?post=77515"}],"curies":[{"name":"wp","href":"https:\/\/api.w.org\/{rel}","templated":true}]}}