{"id":77528,"date":"2025-12-01T16:00:00","date_gmt":"2025-12-01T19:00:00","guid":{"rendered":"https:\/\/www.portalalerta.com.br\/?p=77528"},"modified":"2025-12-01T15:16:40","modified_gmt":"2025-12-01T18:16:40","slug":"ramagem-zambelli-e-eduardo-tem-salario-cortado-mas-custam-r-400-mil-mes","status":"publish","type":"post","link":"https:\/\/www.portalalerta.com.br\/index.php\/2025\/12\/01\/ramagem-zambelli-e-eduardo-tem-salario-cortado-mas-custam-r-400-mil-mes\/","title":{"rendered":"Ramagem, Zambelli e Eduardo t\u00eam sal\u00e1rio cortado, mas custam R$ 400 mil\/m\u00eas"},"content":{"rendered":"\n<p><strong>Fora do pa\u00eds, deputados mant\u00eam seus gabinetes ativos na C\u00e2mara<\/strong><\/p>\n\n\n\n<!--more-->\n\n\n\n<p><strong>Os deputados&nbsp;Alexandre Ramagem (PL-RJ),&nbsp;Carla Zambelli (PL-SP)&nbsp;e&nbsp;Eduardo Bolsonaro (PL-SP)&nbsp;tiveram seus sal\u00e1rios e valores de cota parlamentar cortados pela C\u00e2mara, mas os gabinetes dos tr\u00eas seguem ativos e gerando custos aos contribuintes.<\/strong><\/p>\n\n\n\n<p><strong>Segundo a&nbsp;C\u00e2mara dos Deputados, cada parlamentar tem direito a&nbsp;R$ 133.170,54&nbsp;para contratar at\u00e9 25 funcion\u00e1rios, com sal\u00e1rios que v\u00e3o individualmente at\u00e9&nbsp;R$ 18.179,88.<\/strong><\/p>\n\n\n\n<p><strong>Juntos, Ramagem, Zambelli e Eduardo t\u00eam 27 funcion\u00e1rios, a um custo de cerca de&nbsp;R$ 400 mil.<\/strong><\/p>\n\n\n\n<p><strong>Em setembro, Ramagem foi condenado pela primeira turma do&nbsp;STF (Supremo Tribunal Federal)&nbsp;a&nbsp;16 anos e um m\u00eas de pris\u00e3o, por participa\u00e7\u00e3o na trama golpista. O \u00faltimo sal\u00e1rio dele que consta no site da C\u00e2mara foi pago em setembro, no valor de&nbsp;R$ 46.366,19.<\/strong><\/p>\n\n\n\n<p><strong>Ramagem ainda recebeu valores da cota parlamentar em outubro&nbsp;(R$ 20.848,29)&nbsp;e novembro&nbsp;(R$ 230,00). Esse valor mensal, a que todo parlamentar tem direito, corresponde ao custo de despesas t\u00edpicas do exerc\u00edcio do mandato parlamentar, como aluguel de escrit\u00f3rio de apoio ao mandato no estado, passagens a\u00e9reas, alimenta\u00e7\u00e3o, aluguel de carro, combust\u00edvel, entre outras.<\/strong><\/p>\n\n\n\n<p><strong>J\u00e1 Zambelli teve sal\u00e1rio pago at\u00e9 maio deste ano. A deputada foi presa na It\u00e1lia, em julho, ap\u00f3s fugir pelos Estados Unidos. Em junho, o STF decretou a pris\u00e3o definitiva parlamentar para o in\u00edcio do cumprimento da pena pelos crimes de falsidade ideol\u00f3gica e invas\u00e3o do sistema de inform\u00e1tica do&nbsp;CNJ (Conselho Nacional de Justi\u00e7a).<\/strong><\/p>\n\n\n\n<p><strong>Eduardo Bolsonaro, por sua vez, foi pago at\u00e9 julho. Neste ano, ele recebeu sal\u00e1rio integral somente at\u00e9 mar\u00e7o porque se licenciou do mandato por&nbsp;120 dias&nbsp;&#8212; prazo que terminou em 20 de julho.<\/strong><\/p>\n\n\n\n<p><strong>Em julho, o deputado recebeu&nbsp;R$ 0,03&nbsp;de cota parlamentar; em agosto, mais&nbsp;R$ 1&nbsp;de valores residuais.<\/strong><\/p>\n\n\n\n<p><strong>Diferente dos outros dois, Eduardo n\u00e3o tem condena\u00e7\u00e3o pelo STF. Ele se tornou r\u00e9u na Corte, na semana passada, acusado de articular san\u00e7\u00f5es ao Brasil e autoridades brasileiras.<\/strong><\/p>\n\n\n\n<p><strong>Suspens\u00e3o de mandatos<\/strong><\/p>\n\n\n\n<p><strong>Condenados ou n\u00e3o, os tr\u00eas parlamentares s\u00f3 devem perder o mandato quando atingirem a toler\u00e2ncia de faltas. Os tr\u00eas precisam ter presen\u00e7a em 1\/3 das sess\u00f5es do plen\u00e1rio. Isso s\u00f3 deve ocorrer, no entanto, em 2026.<\/strong><\/p>\n\n\n\n<p><strong>Foi assim no caso de&nbsp;Chiquinho Braz\u00e3o,&nbsp;<a href=\"https:\/\/www.cnnbrasil.com.br\/politica\/camara-declara-perda-de-mandato-de-chiquinho-brazao\/\">que teve perda autom\u00e1tica do mandato em abril<\/a>.<\/strong><\/p>\n\n\n\n<p><strong>Ao contr\u00e1rio do que o Supremo entende, o legislativo tende a adotar o rito apontado pela Constitui\u00e7\u00e3o, que demanda an\u00e1lise da&nbsp;CCJ (Comiss\u00e3o de Constitui\u00e7\u00e3o e Justi\u00e7a)&nbsp;e depois do plen\u00e1rio da Casa.&nbsp;<a href=\"https:\/\/www.cnnbrasil.com.br\/blogs\/isabel-mega\/politica\/nos-eua-ramagem-pode-perder-mandato-apenas-em-2026\/\">A perda de mandato por faltas seria uma sa\u00edda intermedi\u00e1ria<\/a>.<\/strong><\/p>\n\n\n\n<p><em>Fonte: CNN Brasil<\/em><\/p>\n","protected":false},"excerpt":{"rendered":"<p>Fora do pa\u00eds, deputados mant\u00eam seus gabinetes ativos na C\u00e2mara<\/p>\n","protected":false},"author":2,"featured_media":77521,"comment_status":"open","ping_status":"open","sticky":false,"template":"","format":"standard","meta":{"om_disable_all_campaigns":false,"_monsterinsights_skip_tracking":false,"_monsterinsights_sitenote_active":false,"_monsterinsights_sitenote_note":"","_monsterinsights_sitenote_category":0,"footnotes":""},"categories":[34,70,69,21],"tags":[100,3607,71,48,3656,75,4178,4180,2058,129,107,4181,132,230,106,203,120,51,109,88,47,251,111,190],"class_list":["post-77528","post","type-post","status-publish","format-standard","has-post-thumbnail","hentry","category-brasil","category-destaques","category-noticias2","category-politica","tag-adustina","tag-alexandre-ramagem","tag-antas","tag-araci","tag-carla-zambelli","tag-cicero-dantas","tag-cipo-2","tag-crisopolis-2","tag-eduardo-bolsonaro","tag-euclides-da-cunha","tag-fatima","tag-heliopolis-2","tag-itapicuru","tag-jeremoabo","tag-nova-soure","tag-novo-triunfo","tag-olindina","tag-paripiranga","tag-quijingue","tag-ribeira-do-amparo","tag-ribeira-do-pombal","tag-salario","tag-sitio-do-quinto","tag-tucano"],"aioseo_notices":[],"_links":{"self":[{"href":"https:\/\/www.portalalerta.com.br\/index.php\/wp-json\/wp\/v2\/posts\/77528","targetHints":{"allow":["GET"]}}],"collection":[{"href":"https:\/\/www.portalalerta.com.br\/index.php\/wp-json\/wp\/v2\/posts"}],"about":[{"href":"https:\/\/www.portalalerta.com.br\/index.php\/wp-json\/wp\/v2\/types\/post"}],"author":[{"embeddable":true,"href":"https:\/\/www.portalalerta.com.br\/index.php\/wp-json\/wp\/v2\/users\/2"}],"replies":[{"embeddable":true,"href":"https:\/\/www.portalalerta.com.br\/index.php\/wp-json\/wp\/v2\/comments?post=77528"}],"version-history":[{"count":1,"href":"https:\/\/www.portalalerta.com.br\/index.php\/wp-json\/wp\/v2\/posts\/77528\/revisions"}],"predecessor-version":[{"id":77529,"href":"https:\/\/www.portalalerta.com.br\/index.php\/wp-json\/wp\/v2\/posts\/77528\/revisions\/77529"}],"wp:featuredmedia":[{"embeddable":true,"href":"https:\/\/www.portalalerta.com.br\/index.php\/wp-json\/wp\/v2\/media\/77521"}],"wp:attachment":[{"href":"https:\/\/www.portalalerta.com.br\/index.php\/wp-json\/wp\/v2\/media?parent=77528"}],"wp:term":[{"taxonomy":"category","embeddable":true,"href":"https:\/\/www.portalalerta.com.br\/index.php\/wp-json\/wp\/v2\/categories?post=77528"},{"taxonomy":"post_tag","embeddable":true,"href":"https:\/\/www.portalalerta.com.br\/index.php\/wp-json\/wp\/v2\/tags?post=77528"}],"curies":[{"name":"wp","href":"https:\/\/api.w.org\/{rel}","templated":true}]}}