{"id":77542,"date":"2025-12-03T00:14:24","date_gmt":"2025-12-03T03:14:24","guid":{"rendered":"https:\/\/www.portalalerta.com.br\/?p=77542"},"modified":"2025-12-03T00:53:29","modified_gmt":"2025-12-03T03:53:29","slug":"alcolumbre-adia-sabatina-de-messias-ao-stf-alegando-omissao-do-governo","status":"publish","type":"post","link":"https:\/\/www.portalalerta.com.br\/index.php\/2025\/12\/03\/alcolumbre-adia-sabatina-de-messias-ao-stf-alegando-omissao-do-governo\/","title":{"rendered":"Alcolumbre adia sabatina de Messias ao STF alegando omiss\u00e3o do governo"},"content":{"rendered":"\n<p>Presidente do Senado afirmou que a falta do envio da mensagem presidencial com a indica\u00e7\u00e3o \u00e9 uma &#8220;interfer\u00eancia&#8221; na prerrogativa do Legislativo e trava o cronograma no Senado<\/p>\n\n\n\n<!--more-->\n\n\n\n<p>O<strong>&nbsp;presidente do Senado<\/strong>&nbsp;e do&nbsp;<strong>Congresso Nacional<\/strong>,&nbsp;<strong>Davi Alcolumbre<\/strong>&nbsp;(Uni\u00e3o-AP), anunciou o&nbsp;<strong>cancelamento do calend\u00e1rio para a<\/strong><a href=\"https:\/\/www.band.com.br\/noticias\/alcolumbre-marca-sabatina-de-messias-para-o-dia-10-de-dezembro-202511251724\"><strong>&nbsp;sabatina do indicado pelo Presidente da Rep\u00fablica ao Supremo Tribunal Federal (STF)<\/strong><\/a>. A decis\u00e3o, tomada em conjunto com a presid\u00eancia da Comiss\u00e3o de Constitui\u00e7\u00e3o e Justi\u00e7a (CCJ), ocorre ap\u00f3s o Poder Executivo n\u00e3o formalizar o envio da mensagem com a indica\u00e7\u00e3o do&nbsp;<strong>Advogado-Geral da Uni\u00e3o<\/strong>,&nbsp;<strong>Jorge Messias<\/strong>, um passo essencial para o andamento do rito no Legislativo.<\/p>\n\n\n\n<p>Alcolumbre classificou a aus\u00eancia do documento como uma &#8220;<strong>omiss\u00e3o grave e sem precedentes<\/strong>&#8220;.<\/p>\n\n\n\n<p>As datas para an\u00e1lise da indica\u00e7\u00e3o j\u00e1 estavam definidas, com a&nbsp;<strong>leitura do parecer marcada para o dia 3 de dezembro e a sabatina para 10 de dezembro<\/strong>.<\/p>\n\n\n<div class=\"wp-block-image\">\n<figure class=\"alignleft size-large is-resized\"><img fetchpriority=\"high\" decoding=\"async\" width=\"1024\" height=\"1024\" src=\"https:\/\/www.portalalerta.com.br\/wp-content\/uploads\/2024\/04\/autoescola-emprego-1024x1024.jpg\" alt=\"\" class=\"wp-image-55693\" style=\"width:392px;height:auto\" srcset=\"https:\/\/www.portalalerta.com.br\/wp-content\/uploads\/2024\/04\/autoescola-emprego-1024x1024.jpg 1024w, https:\/\/www.portalalerta.com.br\/wp-content\/uploads\/2024\/04\/autoescola-emprego-240x240.jpg 240w, https:\/\/www.portalalerta.com.br\/wp-content\/uploads\/2024\/04\/autoescola-emprego-768x768.jpg 768w, https:\/\/www.portalalerta.com.br\/wp-content\/uploads\/2024\/04\/autoescola-emprego.jpg 1080w\" sizes=\"(max-width: 1024px) 100vw, 1024px\" \/><\/figure><\/div>\n\n\n<p>O objetivo, segundo o presidente do Senado, era garantir que a escolha do novo ministro fosse conclu\u00edda ainda em 2025, seguindo o padr\u00e3o de indica\u00e7\u00f5es anteriores.<\/p>\n\n\n\n<p>Em comunicado oficial, Alcolumbre afirmou que o Senado foi &#8220;surpreendido&#8221; com a aus\u00eancia da mensagem escrita, mesmo com a nomea\u00e7\u00e3o j\u00e1 tendo sido publicada no Di\u00e1rio Oficial da Uni\u00e3o. Para o senador, a atitude representa uma &#8220;interfer\u00eancia no cronograma da sabatina, prerrogativa do Poder Legislativo&#8221;.<\/p>\n\n\n\n<p>A nota destaca que a decis\u00e3o de cancelar visa evitar um &#8220;poss\u00edvel v\u00edcio regimental&#8221;, ou seja, uma falha processual que poderia invalidar a sabatina, j\u00e1 que o rito estaria ocorrendo sem a comunica\u00e7\u00e3o formal e obrigat\u00f3ria entre os Poderes.<\/p>\n\n\n\n<p><strong>Imbr\u00f3glio institucional<\/strong><\/p>\n\n\n\n<p>O processo de escolha de um ministro para o STF exige que, ap\u00f3s a indica\u00e7\u00e3o pelo Presidente da Rep\u00fablica, uma mensagem formal seja enviada ao Senado Federal, a quem compete aprovar ou rejeitar o nome.<\/p>\n\n\n\n<p>Apenas com este documento a Comiss\u00e3o de Constitui\u00e7\u00e3o e Justi\u00e7a (CCJ) pode iniciar oficialmente os tr\u00e2mites, que incluem a designa\u00e7\u00e3o de um relator, a leitura do parecer e, por fim, a sabatina.<\/p>\n\n\n\n<p>A falta do documento trava todo o processo. Nos bastidores, a demora do governo em oficializar a indica\u00e7\u00e3o&nbsp;<a href=\"https:\/\/www.band.com.br\/noticias\/aliados-alcolumbre-votos-contra-a-indicacao-de-messias-ao-stf-202512010907\"><strong>vinha sendo interpretada como uma estrat\u00e9gia para ganhar tempo e articular os 41 votos necess\u00e1rios para a aprova\u00e7\u00e3o do nome no plen\u00e1rio<\/strong><\/a>.<\/p>\n\n\n\n<p>A rea\u00e7\u00e3o de Alcolumbre, no entanto, exp\u00f5e uma crise entre a presid\u00eancia do Congresso e o Pal\u00e1cio do Planalto.<\/p>\n\n\n\n<p><strong>Pr\u00f3ximos passos<\/strong><\/p>\n\n\n\n<p>Com o calend\u00e1rio suspenso, a bola volta para o campo do Poder Executivo. Um novo cronograma para a an\u00e1lise da indica\u00e7\u00e3o ao Supremo Tribunal Federal s\u00f3 ser\u00e1 definido pelo Senado ap\u00f3s o recebimento formal da mensagem presidencial.<\/p>\n\n\n\n<p>At\u00e9 l\u00e1, n\u00e3o h\u00e1 previs\u00e3o para que a sabatina aconte\u00e7a. A expectativa \u00e9 que a articula\u00e7\u00e3o pol\u00edtica se intensifique para resolver o impasse, mas, por enquanto, a nomea\u00e7\u00e3o para a cadeira mais importante da Justi\u00e7a brasileira segue sem data para ser analisada pelo Congresso Nacional.<\/p>\n\n\n\n<p><em>Fonte: Band<\/em><\/p>\n\n\n\n<p><\/p>\n","protected":false},"excerpt":{"rendered":"<p>Presidente do Senado afirmou que a falta do envio da mensagem presidencial com a indica\u00e7\u00e3o \u00e9 uma &#8220;interfer\u00eancia&#8221; na prerrogativa do Legislativo e trava o cronograma no Senado<\/p>\n","protected":false},"author":2,"featured_media":75678,"comment_status":"open","ping_status":"open","sticky":false,"template":"","format":"standard","meta":{"om_disable_all_campaigns":false,"_monsterinsights_skip_tracking":false,"_monsterinsights_sitenote_active":false,"_monsterinsights_sitenote_note":"","_monsterinsights_sitenote_category":0,"footnotes":""},"categories":[34,8473,69,21,3],"tags":[100,71,48,93,75,45,46,2176,129,107,44,132,230,7318,303,106,203,120,51,3492,109,88,47,235,111,216,190],"class_list":["post-77542","post","type-post","status-publish","format-standard","has-post-thumbnail","hentry","category-brasil","category-destaque","category-noticias2","category-politica","category-ribeira-do-pombal","tag-adustina","tag-antas","tag-araci","tag-brasil","tag-cicero-dantas","tag-cipo","tag-crisopolis","tag-davi-alcolumbre","tag-euclides-da-cunha","tag-fatima","tag-heliopolis","tag-itapicuru","tag-jeremoabo","tag-jorge-messias","tag-lula","tag-nova-soure","tag-novo-triunfo","tag-olindina","tag-paripiranga","tag-presidente-do-senado","tag-quijingue","tag-ribeira-do-amparo","tag-ribeira-do-pombal","tag-senado-federal","tag-sitio-do-quinto","tag-stf","tag-tucano"],"aioseo_notices":[],"_links":{"self":[{"href":"https:\/\/www.portalalerta.com.br\/index.php\/wp-json\/wp\/v2\/posts\/77542","targetHints":{"allow":["GET"]}}],"collection":[{"href":"https:\/\/www.portalalerta.com.br\/index.php\/wp-json\/wp\/v2\/posts"}],"about":[{"href":"https:\/\/www.portalalerta.com.br\/index.php\/wp-json\/wp\/v2\/types\/post"}],"author":[{"embeddable":true,"href":"https:\/\/www.portalalerta.com.br\/index.php\/wp-json\/wp\/v2\/users\/2"}],"replies":[{"embeddable":true,"href":"https:\/\/www.portalalerta.com.br\/index.php\/wp-json\/wp\/v2\/comments?post=77542"}],"version-history":[{"count":1,"href":"https:\/\/www.portalalerta.com.br\/index.php\/wp-json\/wp\/v2\/posts\/77542\/revisions"}],"predecessor-version":[{"id":77558,"href":"https:\/\/www.portalalerta.com.br\/index.php\/wp-json\/wp\/v2\/posts\/77542\/revisions\/77558"}],"wp:featuredmedia":[{"embeddable":true,"href":"https:\/\/www.portalalerta.com.br\/index.php\/wp-json\/wp\/v2\/media\/75678"}],"wp:attachment":[{"href":"https:\/\/www.portalalerta.com.br\/index.php\/wp-json\/wp\/v2\/media?parent=77542"}],"wp:term":[{"taxonomy":"category","embeddable":true,"href":"https:\/\/www.portalalerta.com.br\/index.php\/wp-json\/wp\/v2\/categories?post=77542"},{"taxonomy":"post_tag","embeddable":true,"href":"https:\/\/www.portalalerta.com.br\/index.php\/wp-json\/wp\/v2\/tags?post=77542"}],"curies":[{"name":"wp","href":"https:\/\/api.w.org\/{rel}","templated":true}]}}