{"id":77544,"date":"2025-12-03T00:16:11","date_gmt":"2025-12-03T03:16:11","guid":{"rendered":"https:\/\/www.portalalerta.com.br\/?p=77544"},"modified":"2025-12-03T00:16:12","modified_gmt":"2025-12-03T03:16:12","slug":"familia-brito-de-cipo-ba-declara-apoio-a-jeronimo-e-rompe-alianca-de-decadas-com-a-familia-acm","status":"publish","type":"post","link":"https:\/\/www.portalalerta.com.br\/index.php\/2025\/12\/03\/familia-brito-de-cipo-ba-declara-apoio-a-jeronimo-e-rompe-alianca-de-decadas-com-a-familia-acm\/","title":{"rendered":"Fam\u00edlia Brito de Cip\u00f3-BA declara apoio a Jer\u00f4nimo e rompe alian\u00e7a de d\u00e9cadas com a fam\u00edlia ACM"},"content":{"rendered":"\n<p>A pol\u00edtica de Cip\u00f3 vive uma virada hist\u00f3rica. A fam\u00edlia Brito, tradicional aliada do grupo carlista desde os tempos de ACM av\u00f4, decidiu romper com a oposi\u00e7\u00e3o e aderir ao governador Jer\u00f4nimo Rodrigues. A movimenta\u00e7\u00e3o ocorreu no \u00faltimo domingo, quando toda a oposi\u00e7\u00e3o do munic\u00edpio, liderada por Felipe Brito, anunciou apoio ao petista.<\/p>\n\n\n\n<!--more-->\n\n\n\n<p>At\u00e9 ent\u00e3o, apenas o grupo do atual prefeito de Cip\u00f3 apoiava Jer\u00f4nimo, enquanto a oposi\u00e7\u00e3o permanecia alinhada \u00e0 fam\u00edlia ACM. Com a decis\u00e3o, Felipe Brito, que foi candidato a prefeito na elei\u00e7\u00e3o passada, levou consigo todo o seu grupo pol\u00edtico, consolidando a maior dissid\u00eancia da hist\u00f3ria local e deixando ACM Neto completamente sem palanque no munic\u00edpio.<\/p>\n\n\n<div class=\"wp-block-image\">\n<figure class=\"alignleft size-full is-resized\"><img fetchpriority=\"high\" decoding=\"async\" width=\"668\" height=\"664\" src=\"https:\/\/www.portalalerta.com.br\/wp-content\/uploads\/2025\/10\/Natal-da-cidade-Real-2025.jpg\" alt=\"\" class=\"wp-image-76686\" style=\"width:382px;height:auto\" srcset=\"https:\/\/www.portalalerta.com.br\/wp-content\/uploads\/2025\/10\/Natal-da-cidade-Real-2025.jpg 668w, https:\/\/www.portalalerta.com.br\/wp-content\/uploads\/2025\/10\/Natal-da-cidade-Real-2025-241x240.jpg 241w\" sizes=\"(max-width: 668px) 100vw, 668px\" \/><\/figure><\/div>\n\n\n<p>A ades\u00e3o ocorreu durante a visita de Jer\u00f4nimo a Ribeira do Amparo, cidade governada por Teti Brito, que \u00e9 casada com Marcelo Brito, ex-prefeito e tio de Felipe. O gesto fortalece o governador na regi\u00e3o e simboliza o fim de uma tradicional alian\u00e7a, abrindo um novo cap\u00edtulo na pol\u00edtica do Nordeste baiano.<\/p>\n\n\n\n<p>Al\u00e9m dos j\u00e1 petistas Jailton Macedo (ex-prefeito), e Roberto (ex vice-prefeito), estiveram presentes no evento: D\u00eanis (Vereador), Jo\u00e3o da Pimenta (ex-prefeito), Dido Pimenta (ex vereador), Andr\u00e9 Macedo (ex vereador), Edvanio (ex vereador), L\u00facia do Curral Novo (ex-vereadora), Jean Gil (ex vereador), Cayo Tavares (ex vereador), Vinicius (ex vereador), e Renata Brito (ex vereadora). Os ex-candidatos a vereadores no \u00faltimo pleito, tamb\u00e9m marcaram presen\u00e7a, sendo eles: Iunes da Passagem, Valnei, Ad\u00edlio, Cl\u00e1udio Leone, Meire Br\u00edgida, e Dilson do Mulungu.<\/p>\n\n\n\n<p>A ades\u00e3o da fam\u00edlia Brito ao governo estadual, quebra uma tradi\u00e7\u00e3o de d\u00e9cadas na regi\u00e3o, impactando negativamente para ACM Neto.<\/p>\n\n\n\n<p><em>Fonte: Pol\u00edtica Ao Vivo<\/em><\/p>\n\n\n\n<p><em>Edi\u00e7\u00e3o: Portal Alerta<\/em><\/p>\n","protected":false},"excerpt":{"rendered":"<p>A pol\u00edtica de Cip\u00f3 vive uma virada hist\u00f3rica. A fam\u00edlia Brito, tradicional aliada do grupo carlista desde os tempos de ACM av\u00f4, decidiu romper com a oposi\u00e7\u00e3o e aderir ao governador Jer\u00f4nimo Rodrigues. A movimenta\u00e7\u00e3o ocorreu no \u00faltimo domingo, quando toda a oposi\u00e7\u00e3o do munic\u00edpio, liderada por Felipe Brito, anunciou apoio ao petista.<\/p>\n","protected":false},"author":2,"featured_media":77543,"comment_status":"open","ping_status":"open","sticky":false,"template":"","format":"standard","meta":{"om_disable_all_campaigns":false,"_monsterinsights_skip_tracking":false,"_monsterinsights_sitenote_active":false,"_monsterinsights_sitenote_note":"","_monsterinsights_sitenote_category":0,"footnotes":""},"categories":[13,8473,69,21,32],"tags":[100,71,48,75,4178,4180,129,107,7385,4181,132,230,2500,106,203,120,51,199,109,88,47,111,190],"class_list":["post-77544","post","type-post","status-publish","format-standard","has-post-thumbnail","hentry","category-cipo","category-destaque","category-noticias2","category-politica","category-regiao","tag-adustina","tag-antas","tag-araci","tag-cicero-dantas","tag-cipo-2","tag-crisopolis-2","tag-euclides-da-cunha","tag-fatima","tag-felipe-brito","tag-heliopolis-2","tag-itapicuru","tag-jeremoabo","tag-jeronimo-rodrigues","tag-nova-soure","tag-novo-triunfo","tag-olindina","tag-paripiranga","tag-politica","tag-quijingue","tag-ribeira-do-amparo","tag-ribeira-do-pombal","tag-sitio-do-quinto","tag-tucano"],"aioseo_notices":[],"_links":{"self":[{"href":"https:\/\/www.portalalerta.com.br\/index.php\/wp-json\/wp\/v2\/posts\/77544","targetHints":{"allow":["GET"]}}],"collection":[{"href":"https:\/\/www.portalalerta.com.br\/index.php\/wp-json\/wp\/v2\/posts"}],"about":[{"href":"https:\/\/www.portalalerta.com.br\/index.php\/wp-json\/wp\/v2\/types\/post"}],"author":[{"embeddable":true,"href":"https:\/\/www.portalalerta.com.br\/index.php\/wp-json\/wp\/v2\/users\/2"}],"replies":[{"embeddable":true,"href":"https:\/\/www.portalalerta.com.br\/index.php\/wp-json\/wp\/v2\/comments?post=77544"}],"version-history":[{"count":1,"href":"https:\/\/www.portalalerta.com.br\/index.php\/wp-json\/wp\/v2\/posts\/77544\/revisions"}],"predecessor-version":[{"id":77545,"href":"https:\/\/www.portalalerta.com.br\/index.php\/wp-json\/wp\/v2\/posts\/77544\/revisions\/77545"}],"wp:featuredmedia":[{"embeddable":true,"href":"https:\/\/www.portalalerta.com.br\/index.php\/wp-json\/wp\/v2\/media\/77543"}],"wp:attachment":[{"href":"https:\/\/www.portalalerta.com.br\/index.php\/wp-json\/wp\/v2\/media?parent=77544"}],"wp:term":[{"taxonomy":"category","embeddable":true,"href":"https:\/\/www.portalalerta.com.br\/index.php\/wp-json\/wp\/v2\/categories?post=77544"},{"taxonomy":"post_tag","embeddable":true,"href":"https:\/\/www.portalalerta.com.br\/index.php\/wp-json\/wp\/v2\/tags?post=77544"}],"curies":[{"name":"wp","href":"https:\/\/api.w.org\/{rel}","templated":true}]}}