{"id":77546,"date":"2025-12-03T00:18:47","date_gmt":"2025-12-03T03:18:47","guid":{"rendered":"https:\/\/www.portalalerta.com.br\/?p=77546"},"modified":"2025-12-03T00:18:48","modified_gmt":"2025-12-03T03:18:48","slug":"pl-suspende-alianca-com-ciro-gomes-apos-racha-na-familia-bolsonaro","status":"publish","type":"post","link":"https:\/\/www.portalalerta.com.br\/index.php\/2025\/12\/03\/pl-suspende-alianca-com-ciro-gomes-apos-racha-na-familia-bolsonaro\/","title":{"rendered":"PL suspende alian\u00e7a com Ciro Gomes ap\u00f3s racha na fam\u00edlia Bolsonaro"},"content":{"rendered":"\n<p>A decis\u00e3o aconteceu ap\u00f3s uma reuni\u00e3o de emerg\u00eancia no partido<\/p>\n\n\n\n<!--more-->\n\n\n\n<p>O Partido Liberal (PL) suspendeu as negocia\u00e7\u00f5es de uma alian\u00e7a com Ciro Gomes no Cear\u00e1. A decis\u00e3o aconteceu ap\u00f3s uma reuni\u00e3o de emerg\u00eancia no partido convocada para colocar panos quentes na&nbsp;<a href=\"https:\/\/www.band.com.br\/noticias\/entenda-a-polemica-envolvendo-michelle-bolsonaro-ciro-gomes-e-os-filhos-de-bolsonaro-202512020737\"><strong>briga p\u00fablica entre a ex-primeira-dama, Michelle Bolsonaro, e os enteados Fl\u00e1vio, Carlos e Eduardo Bolsonaro.<\/strong><\/a><\/p>\n\n\n\n<p>A crise come\u00e7ou no domingo, quando Michelle foi a um evento de lan\u00e7amento da pr\u00e9-candidatura do senador Eduardo Gir\u00e3o (Novo-CE) ao governo estadual, em Fortaleza, e criticou publicamente o deputado federal Andr\u00e9 Fernandes (PL-CE) pela alian\u00e7a com Ciro para derrotar o PT no Estado.<\/p>\n\n\n\n<p>As declara\u00e7\u00f5es pegaram mal entre os filhos do ex-presidente, que fizeram defesa p\u00fablica de Andr\u00e9 e chamaram o comportamento de Michelle de autorit\u00e1rio. O PL ent\u00e3o convocou a reuni\u00e3o na sede do partido, em Bras\u00edlia.<\/p>\n\n\n\n<p>O senador Fl\u00e1vio Bolsonaro (PL-RJ) chamou a crise de &#8220;ru\u00eddo&#8221; de comunica\u00e7\u00e3o, afirmou que um desentendimento do tipo n\u00e3o vai mais acontecer e que a articula\u00e7\u00e3o no Cear\u00e1 est\u00e1 suspensa at\u00e9 que o partido encontre uma sa\u00edda.<\/p>\n\n\n\n<p>&#8220;(Houve) um ru\u00eddo na nossa comunica\u00e7\u00e3o interna, j\u00e1 que as tratativas sobre todos os Estados do Brasil j\u00e1 v\u00eam acontecendo, mas veio a p\u00fablico de forma muito prematura no Cear\u00e1&#8221;, afirmou Fl\u00e1vio a jornalistas ap\u00f3s a reuni\u00e3o.<\/p>\n\n\n\n<p>Participaram da &#8220;lavagem de roupa suja&#8221;, al\u00e9m de Fl\u00e1vio, Fernandes e Michelle, o presidente nacional Valdemar Costa Neto e o secret\u00e1rio-geral da sigla, o senador Rog\u00e9rio Marinho (RN).<\/p>\n\n\n\n<p>Os bolsonaristas combinaram de discutir a composi\u00e7\u00e3o das chapas e as alian\u00e7as internamente a partir de agora para n\u00e3o levar questionamentos a p\u00fablico e causar novos rachas.<\/p>\n\n\n\n<p>&#8220;Daqui para a frente, a gente vai fazer como tem que ser feito sempre: a gente conversar internamente com quem melhor conhece melhor a realidade regional. E pensar qual \u00e9 a melhor forma de recolocar nosso projeto de pa\u00eds pra voltar a prevalecer a partir de 2027 e analisando cada cen\u00e1rio com muita calma. N\u00e3o vai acontecer novamente&#8221;, declarou.<\/p>\n\n\n\n<p><em>Fonte: Band<\/em><\/p>\n","protected":false},"excerpt":{"rendered":"<p>A decis\u00e3o aconteceu ap\u00f3s uma reuni\u00e3o de emerg\u00eancia no partido<\/p>\n","protected":false},"author":2,"featured_media":77547,"comment_status":"open","ping_status":"open","sticky":false,"template":"","format":"standard","meta":{"om_disable_all_campaigns":false,"_monsterinsights_skip_tracking":false,"_monsterinsights_sitenote_active":false,"_monsterinsights_sitenote_note":"","_monsterinsights_sitenote_category":0,"footnotes":""},"categories":[34,8473,69,21],"tags":[100,71,48,529,75,4178,967,4180,129,107,4181,132,230,4488,106,203,120,51,3391,109,88,47,111,190],"class_list":["post-77546","post","type-post","status-publish","format-standard","has-post-thumbnail","hentry","category-brasil","category-destaque","category-noticias2","category-politica","tag-adustina","tag-antas","tag-araci","tag-ceara","tag-cicero-dantas","tag-cipo-2","tag-ciro-gomes","tag-crisopolis-2","tag-euclides-da-cunha","tag-fatima","tag-heliopolis-2","tag-itapicuru","tag-jeremoabo","tag-michele-bolsonaro","tag-nova-soure","tag-novo-triunfo","tag-olindina","tag-paripiranga","tag-pl","tag-quijingue","tag-ribeira-do-amparo","tag-ribeira-do-pombal","tag-sitio-do-quinto","tag-tucano"],"aioseo_notices":[],"_links":{"self":[{"href":"https:\/\/www.portalalerta.com.br\/index.php\/wp-json\/wp\/v2\/posts\/77546","targetHints":{"allow":["GET"]}}],"collection":[{"href":"https:\/\/www.portalalerta.com.br\/index.php\/wp-json\/wp\/v2\/posts"}],"about":[{"href":"https:\/\/www.portalalerta.com.br\/index.php\/wp-json\/wp\/v2\/types\/post"}],"author":[{"embeddable":true,"href":"https:\/\/www.portalalerta.com.br\/index.php\/wp-json\/wp\/v2\/users\/2"}],"replies":[{"embeddable":true,"href":"https:\/\/www.portalalerta.com.br\/index.php\/wp-json\/wp\/v2\/comments?post=77546"}],"version-history":[{"count":1,"href":"https:\/\/www.portalalerta.com.br\/index.php\/wp-json\/wp\/v2\/posts\/77546\/revisions"}],"predecessor-version":[{"id":77548,"href":"https:\/\/www.portalalerta.com.br\/index.php\/wp-json\/wp\/v2\/posts\/77546\/revisions\/77548"}],"wp:featuredmedia":[{"embeddable":true,"href":"https:\/\/www.portalalerta.com.br\/index.php\/wp-json\/wp\/v2\/media\/77547"}],"wp:attachment":[{"href":"https:\/\/www.portalalerta.com.br\/index.php\/wp-json\/wp\/v2\/media?parent=77546"}],"wp:term":[{"taxonomy":"category","embeddable":true,"href":"https:\/\/www.portalalerta.com.br\/index.php\/wp-json\/wp\/v2\/categories?post=77546"},{"taxonomy":"post_tag","embeddable":true,"href":"https:\/\/www.portalalerta.com.br\/index.php\/wp-json\/wp\/v2\/tags?post=77546"}],"curies":[{"name":"wp","href":"https:\/\/api.w.org\/{rel}","templated":true}]}}