{"id":77564,"date":"2025-12-03T11:45:34","date_gmt":"2025-12-03T14:45:34","guid":{"rendered":"https:\/\/www.portalalerta.com.br\/?p=77564"},"modified":"2025-12-03T11:45:37","modified_gmt":"2025-12-03T14:45:37","slug":"gilmar-determina-que-apenas-pgr-pode-pedir-impeachment-de-ministros-do-stf","status":"publish","type":"post","link":"https:\/\/www.portalalerta.com.br\/index.php\/2025\/12\/03\/gilmar-determina-que-apenas-pgr-pode-pedir-impeachment-de-ministros-do-stf\/","title":{"rendered":"Gilmar determina que apenas PGR pode pedir impeachment de ministros do STF"},"content":{"rendered":"\n<p>De acordo com Gilmar, o impeachment &#8220;abusivo&#8221; pode se tornar um meio de intimidar e enfraquecer o Poder Judici\u00e1rio, prejudicando a imparcialidade e a independ\u00eancia dos magistrados<\/p>\n\n\n\n<!--more-->\n\n\n\n<p>O ministro&nbsp;<strong>Gilmar Mendes<\/strong>&nbsp;emitiu uma liminar nesta quarta-feira (3) para que apenas a&nbsp;<strong>Procuradoria-Geral da Rep\u00fablica&nbsp;<\/strong>possa pedir o&nbsp;<strong>impeachment<\/strong>&nbsp;de ministros da Corte. A decis\u00e3o suspende&nbsp;<a href=\"https:\/\/www.band.com.br\/noticias\/como-era-a-lei-do-impeachment-de-ministros-do-stf-alterada-por-gilmar-202512031037\"><strong>trecho da&nbsp;lei de 1950&nbsp;que previa a prerrogativa para&nbsp;qualquer cidad\u00e3o brasileiro<\/strong><\/a>. O plen\u00e1rio vai deliberar sobre o tema em julgamento virtual, entre os dias 12 e 19 de dezembro.<\/p>\n\n\n<div class=\"wp-block-image\">\n<figure class=\"alignleft size-full is-resized\"><img fetchpriority=\"high\" decoding=\"async\" width=\"668\" height=\"664\" src=\"https:\/\/www.portalalerta.com.br\/wp-content\/uploads\/2025\/10\/Natal-da-cidade-Real-2025.jpg\" alt=\"\" class=\"wp-image-76686\" style=\"width:389px;height:auto\" srcset=\"https:\/\/www.portalalerta.com.br\/wp-content\/uploads\/2025\/10\/Natal-da-cidade-Real-2025.jpg 668w, https:\/\/www.portalalerta.com.br\/wp-content\/uploads\/2025\/10\/Natal-da-cidade-Real-2025-241x240.jpg 241w\" sizes=\"(max-width: 668px) 100vw, 668px\" \/><\/figure><\/div>\n\n\n<p><strong>&#8220;A intimida\u00e7\u00e3o do Poder Judici\u00e1rio por meio do impeachment abusivo cria um ambiente de inseguran\u00e7a jur\u00eddica, buscando o enfraquecimento desse poder, o que, ao final, pode abalar a sua capacidade de atua\u00e7\u00e3o firme e independente&#8221;, diz Gilmar Mendes, na decis\u00e3o.<\/strong><\/p>\n\n\n\n<p>Gilmar tamb\u00e9m determinou que a aprova\u00e7\u00e3o do processo pelo&nbsp;<strong>Senado Federal<\/strong>&nbsp;exija dois ter\u00e7os dos votos, e n\u00e3o mais maioria simples, como consta na legisla\u00e7\u00e3o atual. A liminar do decano impede, ainda, que o m\u00e9rito de decis\u00f5es judiciais proferidas por ministros do STF seja usado como argumento para den\u00fancia de crime de responsabilidade.<\/p>\n\n\n\n<p>Na pr\u00e1tica, isso promove uma trava a pedidos de abertura de processos contra ministros do Supremo.<\/p>\n\n\n\n<p>De acordo com Gilmar, o impeachment &#8220;abusivo&#8221; pode se tornar um meio de intimidar e enfraquecer o Poder Judici\u00e1rio, prejudicando a imparcialidade e a independ\u00eancia dos magistrados.<\/p>\n\n\n\n<p>\u201cOs ju\u00edzes, temendo repres\u00e1lias, podem se ver pressionados a adotar posturas mais alinhadas aos interesses pol\u00edticos moment\u00e2neos, em vez de garantirem a preserva\u00e7\u00e3o dos direitos fundamentais\u201d, disse Gilmar na liminar.<\/p>\n\n\n\n<p><em>Fonte: Band<\/em><\/p>\n","protected":false},"excerpt":{"rendered":"<p>De acordo com Gilmar, o impeachment &#8220;abusivo&#8221; pode se tornar um meio de intimidar e enfraquecer o Poder Judici\u00e1rio, prejudicando a imparcialidade e a independ\u00eancia dos magistrados<\/p>\n","protected":false},"author":2,"featured_media":2776,"comment_status":"open","ping_status":"open","sticky":false,"template":"","format":"standard","meta":{"om_disable_all_campaigns":false,"_monsterinsights_skip_tracking":false,"_monsterinsights_sitenote_active":false,"_monsterinsights_sitenote_note":"","_monsterinsights_sitenote_category":0,"footnotes":""},"categories":[34,8473,69],"tags":[100,71,48,93,75,4178,4180,129,107,804,4181,988,132,230,106,203,120,51,109,88,47,111,216,190],"class_list":["post-77564","post","type-post","status-publish","format-standard","has-post-thumbnail","hentry","category-brasil","category-destaque","category-noticias2","tag-adustina","tag-antas","tag-araci","tag-brasil","tag-cicero-dantas","tag-cipo-2","tag-crisopolis-2","tag-euclides-da-cunha","tag-fatima","tag-gilmar-mendes","tag-heliopolis-2","tag-impeachment","tag-itapicuru","tag-jeremoabo","tag-nova-soure","tag-novo-triunfo","tag-olindina","tag-paripiranga","tag-quijingue","tag-ribeira-do-amparo","tag-ribeira-do-pombal","tag-sitio-do-quinto","tag-stf","tag-tucano"],"aioseo_notices":[],"_links":{"self":[{"href":"https:\/\/www.portalalerta.com.br\/index.php\/wp-json\/wp\/v2\/posts\/77564","targetHints":{"allow":["GET"]}}],"collection":[{"href":"https:\/\/www.portalalerta.com.br\/index.php\/wp-json\/wp\/v2\/posts"}],"about":[{"href":"https:\/\/www.portalalerta.com.br\/index.php\/wp-json\/wp\/v2\/types\/post"}],"author":[{"embeddable":true,"href":"https:\/\/www.portalalerta.com.br\/index.php\/wp-json\/wp\/v2\/users\/2"}],"replies":[{"embeddable":true,"href":"https:\/\/www.portalalerta.com.br\/index.php\/wp-json\/wp\/v2\/comments?post=77564"}],"version-history":[{"count":1,"href":"https:\/\/www.portalalerta.com.br\/index.php\/wp-json\/wp\/v2\/posts\/77564\/revisions"}],"predecessor-version":[{"id":77565,"href":"https:\/\/www.portalalerta.com.br\/index.php\/wp-json\/wp\/v2\/posts\/77564\/revisions\/77565"}],"wp:featuredmedia":[{"embeddable":true,"href":"https:\/\/www.portalalerta.com.br\/index.php\/wp-json\/wp\/v2\/media\/2776"}],"wp:attachment":[{"href":"https:\/\/www.portalalerta.com.br\/index.php\/wp-json\/wp\/v2\/media?parent=77564"}],"wp:term":[{"taxonomy":"category","embeddable":true,"href":"https:\/\/www.portalalerta.com.br\/index.php\/wp-json\/wp\/v2\/categories?post=77564"},{"taxonomy":"post_tag","embeddable":true,"href":"https:\/\/www.portalalerta.com.br\/index.php\/wp-json\/wp\/v2\/tags?post=77564"}],"curies":[{"name":"wp","href":"https:\/\/api.w.org\/{rel}","templated":true}]}}