{"id":77568,"date":"2025-12-03T11:49:40","date_gmt":"2025-12-03T14:49:40","guid":{"rendered":"https:\/\/www.portalalerta.com.br\/?p=77568"},"modified":"2025-12-03T11:49:41","modified_gmt":"2025-12-03T14:49:41","slug":"pobreza-e-extrema-pobreza-caem-ao-menor-patamar-da-serie-historica-do-ibge","status":"publish","type":"post","link":"https:\/\/www.portalalerta.com.br\/index.php\/2025\/12\/03\/pobreza-e-extrema-pobreza-caem-ao-menor-patamar-da-serie-historica-do-ibge\/","title":{"rendered":"Pobreza e extrema pobreza caem ao menor patamar da s\u00e9rie hist\u00f3rica do IBGE"},"content":{"rendered":"\n<p>Dados apontam que rendimento da popula\u00e7\u00e3o branca era 65,9% maior do que o da preta e parda<\/p>\n\n\n\n<!--more-->\n\n\n\n<p>A propor\u00e7\u00e3o da popula\u00e7\u00e3o brasileira em situa\u00e7\u00e3o de extrema pobreza caiu 0,9 ponto percentual entre 2023 e 2024, de 4,4% a 3,5%, segundo dados do IBGE (Instituto Brasileiro de Geografia e Estat\u00edstica) divulgados nesta quarta-feira (3). O n\u00famero equivale a 1,9 milh\u00e3o de pessoas a menos na linha socioecon\u00f4mica.<\/p>\n\n\n\n<p>Essa evolu\u00e7\u00e3o fez com que a propor\u00e7\u00e3o da popula\u00e7\u00e3o na extrema pobreza recuasse para o menor n\u00edvel j\u00e1 registrado. Em 2012, quando come\u00e7ou a s\u00e9rie hist\u00f3rica, eram 6,6%. Em 2021, o patamar alcan\u00e7ou 9% (18,9 milh\u00f5es de pessoas).<\/p>\n\n\n\n<p>A popula\u00e7\u00e3o na pobreza tamb\u00e9m recuou, de 27,3% em 2023 para 23,1% em 2024, redu\u00e7\u00e3o de 8,6 milh\u00f5es de pessoas. Tamb\u00e9m \u00e9&nbsp;o menor n\u00edvel j\u00e1 registrado desde 2012, quando come\u00e7a a s\u00e9rie hist\u00f3rica do IBGE.<\/p>\n\n\n\n<p>O IBGE destaca que sem os benef\u00edcios de programas sociais, a extrema pobreza subiria para 10%, enquanto a propor\u00e7\u00e3o da pobreza aumentaria de para 28,7% em 2024.<\/p>\n\n\n\n<p>Os indicadores&nbsp;mostram o terceiro ano seguido com redu\u00e7\u00e3o no n\u00famero e na propor\u00e7\u00e3o de pobres, marcando uma recupera\u00e7\u00e3o p\u00f3s-pandemia de covid-19, desencadeada em 2020.<\/p>\n\n\n\n<p>Confira o comportamento da pobreza no pa\u00eds:<\/p>\n\n\n\n<ul class=\"wp-block-list\">\n<li>2012: 68,4 milh\u00f5es<\/li>\n\n\n\n<li>2019: 67,5 milh\u00f5es (\u00faltimo ano antes da pandemia)<\/li>\n\n\n\n<li>2020: 64,7 milh\u00f5es<\/li>\n\n\n\n<li>2021: 77 milh\u00f5es<\/li>\n\n\n\n<li>2022: 66,4 milh\u00f5es<\/li>\n\n\n\n<li>2023: 57,6 milh\u00f5es<\/li>\n\n\n\n<li>2024: 48,9 milh\u00f5es<\/li>\n<\/ul>\n\n\n\n<p>Em 2012, a propor\u00e7\u00e3o de pessoas abaixo da linha de pobreza era de 34,7%. Em 2019 chegou a 32,6%. No primeiro ano da pandemia (2020) foi reduzida a 31,1% e chegou&nbsp;ao ponto mais alto da s\u00e9rie em 2021, com 36,8%.&nbsp;Desde ent\u00e3o, apresentou anos de queda, indo de 31,6% em 2022, para 23,1% no ano passado.<\/p>\n\n\n\n<p>Os dados tamb\u00e9m revelam a desigualdade racial no pa\u00eds: cerca de 25,8% das pessoas pretas e 29,8% das pessoas pardas eram pobres, enquanto a propor\u00e7\u00e3o da popula\u00e7\u00e3o branca era de 15,1%.<\/p>\n\n\n\n<p>Olhando para o rendimento, os ganhos da popula\u00e7\u00e3o branca eram 65,9% maiores do que os da preta e parda.<\/p>\n\n\n\n<p><em>Fonte: CNN<\/em><\/p>\n\n\n\n<p><em>Com informa\u00e7\u00f5es de: Ag\u00eancia Brasil.<\/em><\/p>\n","protected":false},"excerpt":{"rendered":"<p>Dados apontam que rendimento da popula\u00e7\u00e3o branca era 65,9% maior do que o da preta e parda<\/p>\n","protected":false},"author":2,"featured_media":69953,"comment_status":"open","ping_status":"open","sticky":false,"template":"","format":"standard","meta":{"om_disable_all_campaigns":false,"_monsterinsights_skip_tracking":false,"_monsterinsights_sitenote_active":false,"_monsterinsights_sitenote_note":"","_monsterinsights_sitenote_category":0,"footnotes":""},"categories":[34,8473,69],"tags":[100,71,48,93,75,4178,4180,129,107,4181,202,132,230,106,203,120,51,3159,109,88,47,111,190],"class_list":["post-77568","post","type-post","status-publish","format-standard","has-post-thumbnail","hentry","category-brasil","category-destaque","category-noticias2","tag-adustina","tag-antas","tag-araci","tag-brasil","tag-cicero-dantas","tag-cipo-2","tag-crisopolis-2","tag-euclides-da-cunha","tag-fatima","tag-heliopolis-2","tag-ibge","tag-itapicuru","tag-jeremoabo","tag-nova-soure","tag-novo-triunfo","tag-olindina","tag-paripiranga","tag-pobreza","tag-quijingue","tag-ribeira-do-amparo","tag-ribeira-do-pombal","tag-sitio-do-quinto","tag-tucano"],"aioseo_notices":[],"_links":{"self":[{"href":"https:\/\/www.portalalerta.com.br\/index.php\/wp-json\/wp\/v2\/posts\/77568","targetHints":{"allow":["GET"]}}],"collection":[{"href":"https:\/\/www.portalalerta.com.br\/index.php\/wp-json\/wp\/v2\/posts"}],"about":[{"href":"https:\/\/www.portalalerta.com.br\/index.php\/wp-json\/wp\/v2\/types\/post"}],"author":[{"embeddable":true,"href":"https:\/\/www.portalalerta.com.br\/index.php\/wp-json\/wp\/v2\/users\/2"}],"replies":[{"embeddable":true,"href":"https:\/\/www.portalalerta.com.br\/index.php\/wp-json\/wp\/v2\/comments?post=77568"}],"version-history":[{"count":1,"href":"https:\/\/www.portalalerta.com.br\/index.php\/wp-json\/wp\/v2\/posts\/77568\/revisions"}],"predecessor-version":[{"id":77569,"href":"https:\/\/www.portalalerta.com.br\/index.php\/wp-json\/wp\/v2\/posts\/77568\/revisions\/77569"}],"wp:featuredmedia":[{"embeddable":true,"href":"https:\/\/www.portalalerta.com.br\/index.php\/wp-json\/wp\/v2\/media\/69953"}],"wp:attachment":[{"href":"https:\/\/www.portalalerta.com.br\/index.php\/wp-json\/wp\/v2\/media?parent=77568"}],"wp:term":[{"taxonomy":"category","embeddable":true,"href":"https:\/\/www.portalalerta.com.br\/index.php\/wp-json\/wp\/v2\/categories?post=77568"},{"taxonomy":"post_tag","embeddable":true,"href":"https:\/\/www.portalalerta.com.br\/index.php\/wp-json\/wp\/v2\/tags?post=77568"}],"curies":[{"name":"wp","href":"https:\/\/api.w.org\/{rel}","templated":true}]}}