{"id":77571,"date":"2025-12-03T23:01:13","date_gmt":"2025-12-04T02:01:13","guid":{"rendered":"https:\/\/www.portalalerta.com.br\/?p=77571"},"modified":"2025-12-03T23:01:14","modified_gmt":"2025-12-04T02:01:14","slug":"lula-pede-apoio-a-trump-para-combater-faccoes-criminosas-brasileiras","status":"publish","type":"post","link":"https:\/\/www.portalalerta.com.br\/index.php\/2025\/12\/03\/lula-pede-apoio-a-trump-para-combater-faccoes-criminosas-brasileiras\/","title":{"rendered":"Lula pede apoio a Trump para combater fac\u00e7\u00f5es criminosas brasileiras"},"content":{"rendered":"\n<p>O presidente Luiz In\u00e1cio Lula da Silva (PT) revelou nesta quarta-feira, 3, que solicitou a ajuda do presidente americano, Donald Trump, para capturar brasileiros envolvidos com fac\u00e7\u00f5es criminosas que residem nos Estados Unidos. Durante uma entrevista \u00e0 TV Verdes Mares, Lula mencionou o telefonema ocorrido na v\u00e9spera e disse: \u201cEu fiz quest\u00e3o de dizer pro Trump: vamos combater o narcotr\u00e1fico, vamos come\u00e7ar pegando os brasileiros que est\u00e3o a\u00ed.\u201d<\/p>\n\n\n\n<!--more-->\n\n\n<div class=\"wp-block-image\">\n<figure class=\"alignleft size-large is-resized\"><img fetchpriority=\"high\" decoding=\"async\" width=\"1024\" height=\"1024\" src=\"https:\/\/www.portalalerta.com.br\/wp-content\/uploads\/2024\/04\/autoescola-emprego-1024x1024.jpg\" alt=\"\" class=\"wp-image-55693\" style=\"object-fit:cover;width:435px;height:435px\" srcset=\"https:\/\/www.portalalerta.com.br\/wp-content\/uploads\/2024\/04\/autoescola-emprego-1024x1024.jpg 1024w, https:\/\/www.portalalerta.com.br\/wp-content\/uploads\/2024\/04\/autoescola-emprego-240x240.jpg 240w, https:\/\/www.portalalerta.com.br\/wp-content\/uploads\/2024\/04\/autoescola-emprego-768x768.jpg 768w, https:\/\/www.portalalerta.com.br\/wp-content\/uploads\/2024\/04\/autoescola-emprego.jpg 1080w\" sizes=\"(max-width: 1024px) 100vw, 1024px\" \/><\/figure><\/div>\n\n\n<p>Ele destacou que um dos maiores traficantes de combust\u00edvel do Brasil est\u00e1 baseado em Miami, embora n\u00e3o tenha revelado o nome do indiv\u00edduo. Lula tamb\u00e9m mencionou que esse criminoso deve mais de 6 milh\u00f5es de d\u00f3lares. O telefonema entre os l\u00edderes abordou n\u00e3o apenas quest\u00f5es de seguran\u00e7a, mas tamb\u00e9m a agenda econ\u00f4mica e a redu\u00e7\u00e3o de tarifas dos EUA sobre produtos brasileiros.<\/p>\n\n\n\n<p>Assim, Lula enfatizou a urg\u00eancia em \u201crefor\u00e7ar a coopera\u00e7\u00e3o com os Estados Unidos para combater o crime organizado internacional\u201d e destacou o papel da intelig\u00eancia no enfrentamento do crime, evitando a depend\u00eancia de a\u00e7\u00f5es armadas.<\/p>\n\n\n\n<p>Trump, por sua vez, mostrou disposi\u00e7\u00e3o em colaborar com o Brasil e elogiou a conversa, que classificou como \u201cmuito boa\u201d. Lula tamb\u00e9m se disse otimista quanto a uma futura redu\u00e7\u00e3o das tarifas americanas sobre produtos brasileiros, ap\u00f3s as recentes mudan\u00e7as na pol\u00edtica tarif\u00e1ria. Fonte:abril<\/p>\n\n\n\n<p><em>Fonte: Dia a Dia Nordeste<\/em><\/p>\n","protected":false},"excerpt":{"rendered":"<p>O presidente Luiz In\u00e1cio Lula da Silva (PT) revelou nesta quarta-feira, 3, que solicitou a ajuda do presidente americano, Donald Trump, para capturar brasileiros envolvidos com fac\u00e7\u00f5es criminosas que residem nos Estados Unidos. Durante uma entrevista \u00e0 TV Verdes Mares, Lula mencionou o telefonema ocorrido na v\u00e9spera e disse: \u201cEu fiz quest\u00e3o de dizer pro &hellip;<\/p>\n","protected":false},"author":2,"featured_media":71058,"comment_status":"open","ping_status":"open","sticky":false,"template":"","format":"standard","meta":{"om_disable_all_campaigns":false,"_monsterinsights_skip_tracking":false,"_monsterinsights_sitenote_active":false,"_monsterinsights_sitenote_note":"","_monsterinsights_sitenote_category":0,"footnotes":""},"categories":[33,70,35,69,21,22],"tags":[100,71,48,93,75,4178,162,4180,897,129,107,4181,132,230,303,339,106,203,120,51,109,88,47,111,190],"class_list":["post-77571","post","type-post","status-publish","format-standard","has-post-thumbnail","hentry","category-bahia","category-destaques","category-mundo","category-noticias2","category-politica","category-seguranca","tag-adustina","tag-antas","tag-araci","tag-brasil","tag-cicero-dantas","tag-cipo-2","tag-crime-organizado","tag-crisopolis-2","tag-donald-trump","tag-euclides-da-cunha","tag-fatima","tag-heliopolis-2","tag-itapicuru","tag-jeremoabo","tag-lula","tag-mundo","tag-nova-soure","tag-novo-triunfo","tag-olindina","tag-paripiranga","tag-quijingue","tag-ribeira-do-amparo","tag-ribeira-do-pombal","tag-sitio-do-quinto","tag-tucano"],"aioseo_notices":[],"_links":{"self":[{"href":"https:\/\/www.portalalerta.com.br\/index.php\/wp-json\/wp\/v2\/posts\/77571","targetHints":{"allow":["GET"]}}],"collection":[{"href":"https:\/\/www.portalalerta.com.br\/index.php\/wp-json\/wp\/v2\/posts"}],"about":[{"href":"https:\/\/www.portalalerta.com.br\/index.php\/wp-json\/wp\/v2\/types\/post"}],"author":[{"embeddable":true,"href":"https:\/\/www.portalalerta.com.br\/index.php\/wp-json\/wp\/v2\/users\/2"}],"replies":[{"embeddable":true,"href":"https:\/\/www.portalalerta.com.br\/index.php\/wp-json\/wp\/v2\/comments?post=77571"}],"version-history":[{"count":1,"href":"https:\/\/www.portalalerta.com.br\/index.php\/wp-json\/wp\/v2\/posts\/77571\/revisions"}],"predecessor-version":[{"id":77575,"href":"https:\/\/www.portalalerta.com.br\/index.php\/wp-json\/wp\/v2\/posts\/77571\/revisions\/77575"}],"wp:featuredmedia":[{"embeddable":true,"href":"https:\/\/www.portalalerta.com.br\/index.php\/wp-json\/wp\/v2\/media\/71058"}],"wp:attachment":[{"href":"https:\/\/www.portalalerta.com.br\/index.php\/wp-json\/wp\/v2\/media?parent=77571"}],"wp:term":[{"taxonomy":"category","embeddable":true,"href":"https:\/\/www.portalalerta.com.br\/index.php\/wp-json\/wp\/v2\/categories?post=77571"},{"taxonomy":"post_tag","embeddable":true,"href":"https:\/\/www.portalalerta.com.br\/index.php\/wp-json\/wp\/v2\/tags?post=77571"}],"curies":[{"name":"wp","href":"https:\/\/api.w.org\/{rel}","templated":true}]}}