{"id":77578,"date":"2025-12-03T23:20:19","date_gmt":"2025-12-04T02:20:19","guid":{"rendered":"https:\/\/www.portalalerta.com.br\/?p=77578"},"modified":"2025-12-03T23:20:20","modified_gmt":"2025-12-04T02:20:20","slug":"dois-pms-sao-presos-e-quatro-sao-afastados-por-suspeita-de-torturar-e-executar-homem-na-frente-de-familiar-na-bahia","status":"publish","type":"post","link":"https:\/\/www.portalalerta.com.br\/index.php\/2025\/12\/03\/dois-pms-sao-presos-e-quatro-sao-afastados-por-suspeita-de-torturar-e-executar-homem-na-frente-de-familiar-na-bahia\/","title":{"rendered":"Dois PMs s\u00e3o presos e quatro s\u00e3o afastados por suspeita de torturar e executar homem na frente de familiar na Bahia"},"content":{"rendered":"\n<p><strong>Edmilson Cruz do Carmo foi morto em fevereiro de 2024, na cidade de Monte Santo. Inconsist\u00eancias entre os laudos periciais preliminares e a vers\u00e3o dos fatos descartaram uma suposta troca de tiros.<\/strong><\/p>\n\n\n\n<!--more-->\n\n\n\n<p><strong>Dois policiais militares foram presos e quatro afastados das fun\u00e7\u00f5es nesta ter\u00e7a-feira (2), suspeitos de torturar e matar um homem em fevereiro de 2024, na cidade de&nbsp;<a href=\"https:\/\/g1.globo.com\/ba\/bahia\/cidade\/monte-santo\/\">Monte Santo<\/a>, a 249 km de&nbsp;<a href=\"https:\/\/g1.globo.com\/ba\/feira-de-santana-regiao\/cidade\/feira-de-santana\/\">Feira de Santana<\/a>.<\/strong><\/p>\n\n\n\n<p><strong>Segundo informa\u00e7\u00f5es do Minist\u00e9rio P\u00fablico da Bahia (MP-BA) e a Secretaria de Seguran\u00e7a P\u00fablica do estado (SSP-BA), as medidas foram deflagradas na &#8220;Opera\u00e7\u00e3o Invis\u00edveis&#8221;. A v\u00edtima foi identificada como&nbsp;Edmilson Cruz do Carmo.<\/strong><\/p>\n\n\n\n<p><strong>Al\u00e9m das pris\u00f5es e dos afastamentos, oito mandados de busca e apreens\u00e3o foram cumpridos nos munic\u00edpios baianos de&nbsp;<a href=\"https:\/\/g1.globo.com\/ba\/bahia\/cidade\/euclides-da-cunha\/\">Euclides da Cunha<\/a>,&nbsp;<a href=\"https:\/\/g1.globo.com\/ba\/bahia\/cidade\/ribeira-do-pombal\/\">Ribeira do Pombal<\/a>&nbsp;e Monte Santo; em&nbsp;<a href=\"https:\/\/g1.globo.com\/se\/sergipe\/cidade\/aracaju\/\">Aracaju<\/a>, capital sergipana e em&nbsp;<a href=\"https:\/\/g1.globo.com\/pe\/petrolina-regiao\/cidade\/trindade-pe\/\">Trindade<\/a>, Pernambuco. Armas, celulares, simulacro de armas e outro objetos foram apreendidos e passar\u00e3o por per\u00edcia.<\/strong><\/p>\n\n\n\n<p><strong>Dois PMs s\u00e3o presos e quatro s\u00e3o afastados por suspeita de torturar e executar homem na frente de familiar na Bahia \u2014 Foto: Fl\u00e1via Vieira\/SSP-BA<\/strong><\/p>\n\n\n\n<p><strong>Foram alvos as resid\u00eancias dos seis agentes investigados e as sedes da Companhia Independente de Policiamento Especializado (Cipe) Nordeste, localizadas em Ribeira do Pombal e Monte Santo.<\/strong><\/p>\n\n\n\n<p><strong>Os nomes dos alvos na opera\u00e7\u00e3o n\u00e3o foram revelados.&nbsp;Eles s\u00e3o investigados pelos crimes de homic\u00eddio qualificado e fraude processual.<\/strong><\/p>\n\n\n\n<p><strong>Execu\u00e7\u00e3o na frente de familiar<\/strong><\/p>\n\n\n\n<p><strong>Policiais mataram e alteraram cena do crime na Bahia<\/strong><\/p>\n\n\n\n<p><strong>Investiga\u00e7\u00f5es conduzidas pelo MP-BA, ap\u00f3s inconsist\u00eancias entre os laudos periciais preliminares e a vers\u00e3o dos fatos apresentadas pelos PMs, descartaram a suposta troca de tiros alegada pelos policiais, que registraram os fatos na delegacia como morte por interven\u00e7\u00e3o policial.<\/strong><\/p>\n\n\n\n<p><strong>De acordo com o \u00f3rg\u00e3o municipal, as novas provas revelaram que Edmilson foi torturado e executado por dois PMs em uma a\u00e7\u00e3o previamente planejada pelos investigados. O crime ocorreu dentro da casa onde v\u00edtima morava, na presen\u00e7a de um familiar, que tamb\u00e9m sofreu tortura e amea\u00e7as, sem ter tido persegui\u00e7\u00e3o ou resist\u00eancia armada.<\/strong><\/p>\n\n\n\n<p><strong>A investiga\u00e7\u00e3o do MP-BA apontou ainda que os outros quatro investigados garantiram a altera\u00e7\u00e3o da cena do crime, com a remo\u00e7\u00e3o do corpo e apagamento de vest\u00edgios, al\u00e9m da apresenta\u00e7\u00e3o de objetos e depoimentos falsos na delegacia, para ocultar o homic\u00eddio sob alega\u00e7\u00e3o de suposta a\u00e7\u00e3o policial leg\u00edtima.<\/strong><\/p>\n\n\n\n<p><em>Fonte: G1<\/em><\/p>\n","protected":false},"excerpt":{"rendered":"<p>Edmilson Cruz do Carmo foi morto em fevereiro de 2024, na cidade de Monte Santo. Inconsist\u00eancias entre os laudos periciais preliminares e a vers\u00e3o dos fatos descartaram uma suposta troca de tiros.<\/p>\n","protected":false},"author":2,"featured_media":77573,"comment_status":"open","ping_status":"open","sticky":false,"template":"","format":"standard","meta":{"om_disable_all_campaigns":false,"_monsterinsights_skip_tracking":false,"_monsterinsights_sitenote_active":false,"_monsterinsights_sitenote_note":"","_monsterinsights_sitenote_category":0,"footnotes":""},"categories":[33,70,69,22],"tags":[100,71,48,75,167,4178,4180,129,107,4181,132,230,627,106,203,120,51,79,109,88,47,111,190],"class_list":["post-77578","post","type-post","status-publish","format-standard","has-post-thumbnail","hentry","category-bahia","category-destaques","category-noticias2","category-seguranca","tag-adustina","tag-antas","tag-araci","tag-cicero-dantas","tag-cipe-nordeste","tag-cipo-2","tag-crisopolis-2","tag-euclides-da-cunha","tag-fatima","tag-heliopolis-2","tag-itapicuru","tag-jeremoabo","tag-monte-santo","tag-nova-soure","tag-novo-triunfo","tag-olindina","tag-paripiranga","tag-policia-militar","tag-quijingue","tag-ribeira-do-amparo","tag-ribeira-do-pombal","tag-sitio-do-quinto","tag-tucano"],"aioseo_notices":[],"_links":{"self":[{"href":"https:\/\/www.portalalerta.com.br\/index.php\/wp-json\/wp\/v2\/posts\/77578","targetHints":{"allow":["GET"]}}],"collection":[{"href":"https:\/\/www.portalalerta.com.br\/index.php\/wp-json\/wp\/v2\/posts"}],"about":[{"href":"https:\/\/www.portalalerta.com.br\/index.php\/wp-json\/wp\/v2\/types\/post"}],"author":[{"embeddable":true,"href":"https:\/\/www.portalalerta.com.br\/index.php\/wp-json\/wp\/v2\/users\/2"}],"replies":[{"embeddable":true,"href":"https:\/\/www.portalalerta.com.br\/index.php\/wp-json\/wp\/v2\/comments?post=77578"}],"version-history":[{"count":1,"href":"https:\/\/www.portalalerta.com.br\/index.php\/wp-json\/wp\/v2\/posts\/77578\/revisions"}],"predecessor-version":[{"id":77579,"href":"https:\/\/www.portalalerta.com.br\/index.php\/wp-json\/wp\/v2\/posts\/77578\/revisions\/77579"}],"wp:featuredmedia":[{"embeddable":true,"href":"https:\/\/www.portalalerta.com.br\/index.php\/wp-json\/wp\/v2\/media\/77573"}],"wp:attachment":[{"href":"https:\/\/www.portalalerta.com.br\/index.php\/wp-json\/wp\/v2\/media?parent=77578"}],"wp:term":[{"taxonomy":"category","embeddable":true,"href":"https:\/\/www.portalalerta.com.br\/index.php\/wp-json\/wp\/v2\/categories?post=77578"},{"taxonomy":"post_tag","embeddable":true,"href":"https:\/\/www.portalalerta.com.br\/index.php\/wp-json\/wp\/v2\/tags?post=77578"}],"curies":[{"name":"wp","href":"https:\/\/api.w.org\/{rel}","templated":true}]}}