{"id":77580,"date":"2025-12-03T23:27:05","date_gmt":"2025-12-04T02:27:05","guid":{"rendered":"https:\/\/www.portalalerta.com.br\/?p=77580"},"modified":"2025-12-03T23:27:06","modified_gmt":"2025-12-04T02:27:06","slug":"em-coletiva-de-imprensa-prefeita-de-ribeira-do-amparo-ba-anuncia-mais-de-r-9-milhoes-em-obras-e-grade-de-festejos-de-final-de-ano","status":"publish","type":"post","link":"https:\/\/www.portalalerta.com.br\/index.php\/2025\/12\/03\/em-coletiva-de-imprensa-prefeita-de-ribeira-do-amparo-ba-anuncia-mais-de-r-9-milhoes-em-obras-e-grade-de-festejos-de-final-de-ano\/","title":{"rendered":"Em Coletiva de Imprensa, prefeita de Ribeira do Amparo-BA anuncia mais de R$ 9 milh\u00f5es em obras, e grade de festejos de final de ano"},"content":{"rendered":"\n<p>Na tarde da \u00faltima ter\u00e7a-feira (02), a prefeita de Ribeira do Amparo-BA, Tetiana de Paula Fontes Cedro Britto (Teti Britto), convocou a imprensa para uma Coletiva, com a finalidade de divulgar a grade de festas de final de ano no munic\u00edpio.<\/p>\n\n\n\n<!--more-->\n\n\n\n<p>A gestora aproveitou o momento para anunciar mais obras na cidade, com valores que ultrapassam R$ 9 milh\u00f5es. S\u00e3o <strong>aquisi\u00e7\u00f5es de equipamentos para a Escola Agenor Brito; recupera\u00e7\u00e3o de estradas vicinais; constru\u00e7\u00e3o de melhorias sanit\u00e1rias (banheiros), em Lages, Baixa das Canas e Patos; Requalifica\u00e7\u00e3o do Balne\u00e1rio da Cascata; constru\u00e7\u00e3o de tr\u00eas pra\u00e7as em Raspador (Igreja Cat\u00f3lica, Mercado, e Pra\u00e7a de Eventos); e constru\u00e7\u00e3o de 25 unidades habitacionais do Minha Casa Minha Vida na sede.<\/strong><\/p>\n\n\n\n<p>Essas obras n\u00e3o t\u00eam rela\u00e7\u00e3o com os an\u00fancios feitos pelo governador no \u00faltimo dia 30 de novembro. Na ocasi\u00e3o foram anunciados investimentos de R$ 63 milh\u00f5es. Somados os valores, a cidade receber\u00e1 mais de R$ 70 milh\u00f5es em investimentos.<\/p>\n\n\n\n<p>Na sequ\u00eancia, Teti que estava acompanhada do vice Lu\u00eds Vilson, secret\u00e1rios e vereadores da base, passou a anunciar a grade dos festejos de fim de ano. Confira:<\/p>\n\n\n\n<p><strong><u>14 DE DEZEMBRO &#8211; FESTA DE SANTA LUZIA (POVOADO RASPADOR)<\/u><\/strong><\/p>\n\n\n\n<p>Unha Pintada<\/p>\n\n\n\n<p>A Favorita<\/p>\n\n\n\n<p>Pica Pau Forrozeiro<\/p>\n\n\n\n<p>Caceteiros do Forr\u00f3<\/p>\n\n\n\n<p><strong><u>25 DE DEZEMBRO \u2013 NATAL DA BOA HORA (POVOADO BOA HORA)<\/u><\/strong><\/p>\n\n\n\n<p>Nadson Ferinha<\/p>\n\n\n\n<p>Flavinho o Top do Piseiro<\/p>\n\n\n\n<p>Manoela Santini<\/p>\n\n\n\n<p><strong><u>31 DE DEZEMBRO \u2013 R\u00c9VEILLON EM RIBEIRA (SEDE)<\/u><\/strong><\/p>\n\n\n\n<p>Tayrone<\/p>\n\n\n\n<p>Peu Pirata<\/p>\n\n\n\n<p>Cezar Figueiredo<\/p>\n\n\n\n<p>Chica\u00ea<\/p>\n\n\n\n<p>Partida\u00e7o<\/p>\n\n\n\n<p>Samba do Xandy<\/p>\n\n\n\n<p>E ainda a ressaca do R\u00e9veillon com Igor Kann\u00e1rio.<\/p>\n\n\n\n<p><em>Reda\u00e7\u00e3o: Portal Alerta<\/em><\/p>\n","protected":false},"excerpt":{"rendered":"<p>Na tarde da \u00faltima ter\u00e7a-feira (02), a prefeita de Ribeira do Amparo-BA, Tetiana de Paula Fontes Cedro Britto (Teti Britto), convocou a imprensa para uma Coletiva, com a finalidade de divulgar a grade de festas de final de ano no munic\u00edpio.<\/p>\n","protected":false},"author":2,"featured_media":77574,"comment_status":"open","ping_status":"open","sticky":false,"template":"","format":"standard","meta":{"om_disable_all_campaigns":false,"_monsterinsights_skip_tracking":false,"_monsterinsights_sitenote_active":false,"_monsterinsights_sitenote_note":"","_monsterinsights_sitenote_category":0,"footnotes":""},"categories":[70,36,69,21,32,16],"tags":[100,71,48,75,4178,8491,4180,129,107,1202,4100,4181,132,230,106,203,8492,120,51,109,88,47,111,913,190],"class_list":["post-77580","post","type-post","status-publish","format-standard","has-post-thumbnail","hentry","category-destaques","category-lazer","category-noticias2","category-politica","category-regiao","category-ribeira-do-amparo","tag-adustina","tag-antas","tag-araci","tag-cicero-dantas","tag-cipo-2","tag-coletiva-de-imprensa","tag-crisopolis-2","tag-euclides-da-cunha","tag-fatima","tag-festas","tag-final-de-ano","tag-heliopolis-2","tag-itapicuru","tag-jeremoabo","tag-nova-soure","tag-novo-triunfo","tag-obras-publicas","tag-olindina","tag-paripiranga","tag-quijingue","tag-ribeira-do-amparo","tag-ribeira-do-pombal","tag-sitio-do-quinto","tag-teti-britto","tag-tucano"],"aioseo_notices":[],"_links":{"self":[{"href":"https:\/\/www.portalalerta.com.br\/index.php\/wp-json\/wp\/v2\/posts\/77580","targetHints":{"allow":["GET"]}}],"collection":[{"href":"https:\/\/www.portalalerta.com.br\/index.php\/wp-json\/wp\/v2\/posts"}],"about":[{"href":"https:\/\/www.portalalerta.com.br\/index.php\/wp-json\/wp\/v2\/types\/post"}],"author":[{"embeddable":true,"href":"https:\/\/www.portalalerta.com.br\/index.php\/wp-json\/wp\/v2\/users\/2"}],"replies":[{"embeddable":true,"href":"https:\/\/www.portalalerta.com.br\/index.php\/wp-json\/wp\/v2\/comments?post=77580"}],"version-history":[{"count":1,"href":"https:\/\/www.portalalerta.com.br\/index.php\/wp-json\/wp\/v2\/posts\/77580\/revisions"}],"predecessor-version":[{"id":77581,"href":"https:\/\/www.portalalerta.com.br\/index.php\/wp-json\/wp\/v2\/posts\/77580\/revisions\/77581"}],"wp:featuredmedia":[{"embeddable":true,"href":"https:\/\/www.portalalerta.com.br\/index.php\/wp-json\/wp\/v2\/media\/77574"}],"wp:attachment":[{"href":"https:\/\/www.portalalerta.com.br\/index.php\/wp-json\/wp\/v2\/media?parent=77580"}],"wp:term":[{"taxonomy":"category","embeddable":true,"href":"https:\/\/www.portalalerta.com.br\/index.php\/wp-json\/wp\/v2\/categories?post=77580"},{"taxonomy":"post_tag","embeddable":true,"href":"https:\/\/www.portalalerta.com.br\/index.php\/wp-json\/wp\/v2\/tags?post=77580"}],"curies":[{"name":"wp","href":"https:\/\/api.w.org\/{rel}","templated":true}]}}