{"id":77589,"date":"2025-12-05T15:28:15","date_gmt":"2025-12-05T18:28:15","guid":{"rendered":"https:\/\/www.portalalerta.com.br\/?p=77589"},"modified":"2025-12-06T20:02:31","modified_gmt":"2025-12-06T23:02:31","slug":"governo-do-estado-abre-licitacao-para-obra-de-pavimentacao-que-liga-a-sede-de-ribeira-do-amparo-ba-ao-distrito-do-raspador","status":"publish","type":"post","link":"https:\/\/www.portalalerta.com.br\/index.php\/2025\/12\/05\/governo-do-estado-abre-licitacao-para-obra-de-pavimentacao-que-liga-a-sede-de-ribeira-do-amparo-ba-ao-distrito-do-raspador\/","title":{"rendered":"Governo do Estado abre licita\u00e7\u00e3o para obra de pavimenta\u00e7\u00e3o que liga a Sede de Ribeira do Amparo-BA ao Distrito do Raspador"},"content":{"rendered":"\n<p>O governo do estado da Bahia, atrav\u00e9s da Secretaria de Infraestrutura (SEINFRA), abriu o processo de licita\u00e7\u00e3o para a pavimenta\u00e7\u00e3o da Rodovia BA 084, que liga a Sede do Munic\u00edpio de Ribeira do Amparo-BA, ao Distrito de Raspador, na referida cidade.<\/p>\n\n\n\n<!--more-->\n\n\n\n<p><a href=\"https:\/\/www.portalalerta.com.br\/index.php\/2025\/12\/01\/ha-1-317-dias-sem-homicidios-governador-inaugura-pelotao-da-policia-militar-em-ribeira-do-amparo-ba\/\"><strong>A obra j\u00e1 havia sido anunciada pelo governador Jer\u00f4nimo Rodrigues, durante visita oficial \u00e0 Ribeira do Amparo, no \u00faltimo dia 30<\/strong><\/a>. Ao todo, ser\u00e3o 27,14 quil\u00f4metros de extens\u00e3o, beneficiando a regi\u00e3o, sobretudo ao pr\u00f3prio Raspador, bem como o povoado Barrocas.<\/p>\n\n\n\n<p>A data da abertura das propostas est\u00e1 prevista para o dia 29 de dezembro. Os interessados poder\u00e3o entrar em contato atrav\u00e9s do e-mail: cpl@infra.ba.gov.br, telefone (71) 3115-2174 ou presencialmente, de segunda a sexta-feira, das 08h30min \u00e0s 17h30min na Coordena\u00e7\u00e3o de Licita\u00e7\u00e3o da SEINFRA, localizada na 4a Avenida n\u00b0 445 &#8211; CAB &#8211; Pr\u00e9dio Anexo &#8211; 1\u00b0 andar &#8211; Ala B. Salvador\/BA, 03\/12\/2025.&nbsp;<\/p>\n\n\n\n<p><em>Reda\u00e7\u00e3o: Portal Alerta<\/em><\/p>\n","protected":false},"excerpt":{"rendered":"<p>O governo do estado da Bahia, atrav\u00e9s da Secretaria de Infraestrutura (SEINFRA), abriu o processo de licita\u00e7\u00e3o para a pavimenta\u00e7\u00e3o da Rodovia BA 084, que liga a Sede do Munic\u00edpio de Ribeira do Amparo-BA, ao Distrito de Raspador, na referida cidade.<\/p>\n","protected":false},"author":2,"featured_media":77590,"comment_status":"open","ping_status":"open","sticky":false,"template":"","format":"standard","meta":{"om_disable_all_campaigns":false,"_monsterinsights_skip_tracking":false,"_monsterinsights_sitenote_active":false,"_monsterinsights_sitenote_note":"","_monsterinsights_sitenote_category":0,"footnotes":""},"categories":[8473,69,21,32,16],"tags":[],"class_list":["post-77589","post","type-post","status-publish","format-standard","has-post-thumbnail","hentry","category-destaque","category-noticias2","category-politica","category-regiao","category-ribeira-do-amparo"],"aioseo_notices":[],"_links":{"self":[{"href":"https:\/\/www.portalalerta.com.br\/index.php\/wp-json\/wp\/v2\/posts\/77589","targetHints":{"allow":["GET"]}}],"collection":[{"href":"https:\/\/www.portalalerta.com.br\/index.php\/wp-json\/wp\/v2\/posts"}],"about":[{"href":"https:\/\/www.portalalerta.com.br\/index.php\/wp-json\/wp\/v2\/types\/post"}],"author":[{"embeddable":true,"href":"https:\/\/www.portalalerta.com.br\/index.php\/wp-json\/wp\/v2\/users\/2"}],"replies":[{"embeddable":true,"href":"https:\/\/www.portalalerta.com.br\/index.php\/wp-json\/wp\/v2\/comments?post=77589"}],"version-history":[{"count":2,"href":"https:\/\/www.portalalerta.com.br\/index.php\/wp-json\/wp\/v2\/posts\/77589\/revisions"}],"predecessor-version":[{"id":77597,"href":"https:\/\/www.portalalerta.com.br\/index.php\/wp-json\/wp\/v2\/posts\/77589\/revisions\/77597"}],"wp:featuredmedia":[{"embeddable":true,"href":"https:\/\/www.portalalerta.com.br\/index.php\/wp-json\/wp\/v2\/media\/77590"}],"wp:attachment":[{"href":"https:\/\/www.portalalerta.com.br\/index.php\/wp-json\/wp\/v2\/media?parent=77589"}],"wp:term":[{"taxonomy":"category","embeddable":true,"href":"https:\/\/www.portalalerta.com.br\/index.php\/wp-json\/wp\/v2\/categories?post=77589"},{"taxonomy":"post_tag","embeddable":true,"href":"https:\/\/www.portalalerta.com.br\/index.php\/wp-json\/wp\/v2\/tags?post=77589"}],"curies":[{"name":"wp","href":"https:\/\/api.w.org\/{rel}","templated":true}]}}