{"id":77593,"date":"2025-12-05T15:31:33","date_gmt":"2025-12-05T18:31:33","guid":{"rendered":"https:\/\/www.portalalerta.com.br\/?p=77593"},"modified":"2025-12-05T15:31:34","modified_gmt":"2025-12-05T18:31:34","slug":"lulinha-tinha-mesada-de-r-300-mil-do-careca-do-inss-diz-testemunha","status":"publish","type":"post","link":"https:\/\/www.portalalerta.com.br\/index.php\/2025\/12\/05\/lulinha-tinha-mesada-de-r-300-mil-do-careca-do-inss-diz-testemunha\/","title":{"rendered":"Lulinha tinha mesada de R$ 300 mil do \u201cCareca do INSS\u201d, diz testemunha"},"content":{"rendered":"\n<p>F\u00e1bio Lu\u00eds Lula da Silva, o Lulinha, teria recebido pagamentos de Ant\u00f4nio Carlos Camilo Antunes. Informa\u00e7\u00e3o \u00e9 do Poder360<\/p>\n\n\n\n<!--more-->\n\n\n\n<p>O empres\u00e1rio F\u00e1bio Luiz Lula da Silva, o Lulinha, teria recebido uma mesada de cerca de R$ 300 mil de Ant\u00f4nio Carlos Camilo Antunes, o \u201cCareca do INSS\u201d.<\/p>\n\n\n\n<p>A afirma\u00e7\u00e3o consta do depoimento de uma pessoa ouvida pela Pol\u00edcia Federal e que chegou \u00e0 CPMI do INSS no Congresso Nacional. A a\u00e7\u00e3o foi feita por Edson Claro, um ex-empregado de Antunes que diz estar sendo perseguido por ele.<\/p>\n\n\n\n<p>Segundo Edson Claro, o \u201cCareca do INSS\u201d fez um pagamento de R$ 25 milh\u00f5es para F\u00e1bio Lu\u00eds e pagava tamb\u00e9m uma \u201cmesada\u201d de cerca de R$ 300 mil. O depoimento n\u00e3o detalha em qual moeda foi feito esse pagamento de R$ 25 milh\u00f5es.<\/p>\n\n\n\n<p>As informa\u00e7\u00f5es foram reveladas pela rep\u00f3rter Mariana Haubert, no site Poder360. A coluna confirmou a exist\u00eancia do depoimento com integrantes da CPMI na manh\u00e3 desta quinta-feira (4\/11).<\/p>\n\n\n\n<p>Al\u00e9m dos pagamentos, Lulinha fez viagens com o \u201cCareca do INSS\u201d, segundo as informa\u00e7\u00f5es que j\u00e1 est\u00e3o em poder da&nbsp;<a href=\"https:\/\/legis.senado.leg.br\/atividade\/comissoes\/comissao\/2794\/\" target=\"_blank\" rel=\"noreferrer noopener\">CPMI do INSS<\/a>. O tema dever\u00e1 ser discutido pelos parlamentares na sess\u00e3o de hoje da CPMI.<\/p>\n\n\n\n<p>Como mostrou a coluna,&nbsp;<a href=\"https:\/\/www.metropoles.com\/colunas\/andreza-matais\/lulinha-muda-pra-madri\" target=\"_blank\" rel=\"noreferrer noopener\"><strong>o filho mais velho de Lula mudou-se para Madri, na Espanha, em meados deste ano<\/strong><\/a>, e s\u00f3 tem planos de voltar ap\u00f3s o fim do mandato atual do pai. O suposto envolvimento foi citado por fontes da coluna \u00e0 \u00e9poca como motivo apra ter deixado o Brasil.<\/p>\n\n\n\n<p>Anteriormente, a CPMI havia tentado convocar Edson Claro para depor, mas a convoca\u00e7\u00e3o foi derrubada pela tropa de choque governista.<\/p>\n\n\n\n<p>A coluna tenta contato com Lulinha, mas ainda sem sucesso. O espa\u00e7o segue aberto.<\/p>\n\n\n\n<p><em>Fonte: Metr\u00f3poles<\/em><\/p>\n","protected":false},"excerpt":{"rendered":"<p>F\u00e1bio Lu\u00eds Lula da Silva, o Lulinha, teria recebido pagamentos de Ant\u00f4nio Carlos Camilo Antunes. Informa\u00e7\u00e3o \u00e9 do Poder360<\/p>\n","protected":false},"author":2,"featured_media":77594,"comment_status":"open","ping_status":"open","sticky":false,"template":"","format":"standard","meta":{"om_disable_all_campaigns":false,"_monsterinsights_skip_tracking":false,"_monsterinsights_sitenote_active":false,"_monsterinsights_sitenote_note":"","_monsterinsights_sitenote_category":0,"footnotes":""},"categories":[34,8473,69,21],"tags":[],"class_list":["post-77593","post","type-post","status-publish","format-standard","has-post-thumbnail","hentry","category-brasil","category-destaque","category-noticias2","category-politica"],"aioseo_notices":[],"_links":{"self":[{"href":"https:\/\/www.portalalerta.com.br\/index.php\/wp-json\/wp\/v2\/posts\/77593","targetHints":{"allow":["GET"]}}],"collection":[{"href":"https:\/\/www.portalalerta.com.br\/index.php\/wp-json\/wp\/v2\/posts"}],"about":[{"href":"https:\/\/www.portalalerta.com.br\/index.php\/wp-json\/wp\/v2\/types\/post"}],"author":[{"embeddable":true,"href":"https:\/\/www.portalalerta.com.br\/index.php\/wp-json\/wp\/v2\/users\/2"}],"replies":[{"embeddable":true,"href":"https:\/\/www.portalalerta.com.br\/index.php\/wp-json\/wp\/v2\/comments?post=77593"}],"version-history":[{"count":2,"href":"https:\/\/www.portalalerta.com.br\/index.php\/wp-json\/wp\/v2\/posts\/77593\/revisions"}],"predecessor-version":[{"id":77596,"href":"https:\/\/www.portalalerta.com.br\/index.php\/wp-json\/wp\/v2\/posts\/77593\/revisions\/77596"}],"wp:featuredmedia":[{"embeddable":true,"href":"https:\/\/www.portalalerta.com.br\/index.php\/wp-json\/wp\/v2\/media\/77594"}],"wp:attachment":[{"href":"https:\/\/www.portalalerta.com.br\/index.php\/wp-json\/wp\/v2\/media?parent=77593"}],"wp:term":[{"taxonomy":"category","embeddable":true,"href":"https:\/\/www.portalalerta.com.br\/index.php\/wp-json\/wp\/v2\/categories?post=77593"},{"taxonomy":"post_tag","embeddable":true,"href":"https:\/\/www.portalalerta.com.br\/index.php\/wp-json\/wp\/v2\/tags?post=77593"}],"curies":[{"name":"wp","href":"https:\/\/api.w.org\/{rel}","templated":true}]}}