{"id":77598,"date":"2025-12-07T15:22:38","date_gmt":"2025-12-07T18:22:38","guid":{"rendered":"https:\/\/www.portalalerta.com.br\/?p=77598"},"modified":"2025-12-07T15:22:40","modified_gmt":"2025-12-07T18:22:40","slug":"policia-investiga-espancamento-de-jovem-em-acao-atribuida-ao-tribunal-do-crime-em-araci-ba","status":"publish","type":"post","link":"https:\/\/www.portalalerta.com.br\/index.php\/2025\/12\/07\/policia-investiga-espancamento-de-jovem-em-acao-atribuida-ao-tribunal-do-crime-em-araci-ba\/","title":{"rendered":"Pol\u00edcia investiga espancamento de jovem em a\u00e7\u00e3o atribu\u00edda ao \u201cTribunal do Crime\u201d em Araci-BA"},"content":{"rendered":"\n<p>A Pol\u00edcia Civil apura o espancamento de um jovem em Araci, no territ\u00f3rio do Sisal, ocorrido na tarde da \u00faltima segunda-feira (1\u00ba), por volta das 13h, no campo municipal. Segundo informa\u00e7\u00f5es apuradas pela reportagem, o rapaz, que seria usu\u00e1rio de drogas, foi rendido por homens supostamente ligados a uma fac\u00e7\u00e3o criminosa e levado ao local, onde foi agredido diante de populares.<\/p>\n\n\n\n<figure class=\"wp-block-gallery alignleft has-nested-images columns-default is-cropped wp-block-gallery-1 is-layout-flex wp-block-gallery-is-layout-flex\">\n<figure class=\"wp-block-image size-large\"><img fetchpriority=\"high\" decoding=\"async\" width=\"1024\" height=\"1024\" data-id=\"55693\" src=\"https:\/\/www.portalalerta.com.br\/wp-content\/uploads\/2024\/04\/autoescola-emprego-1024x1024.jpg\" alt=\"\" class=\"wp-image-55693\" srcset=\"https:\/\/www.portalalerta.com.br\/wp-content\/uploads\/2024\/04\/autoescola-emprego-1024x1024.jpg 1024w, https:\/\/www.portalalerta.com.br\/wp-content\/uploads\/2024\/04\/autoescola-emprego-240x240.jpg 240w, https:\/\/www.portalalerta.com.br\/wp-content\/uploads\/2024\/04\/autoescola-emprego-768x768.jpg 768w, https:\/\/www.portalalerta.com.br\/wp-content\/uploads\/2024\/04\/autoescola-emprego.jpg 1080w\" sizes=\"(max-width: 1024px) 100vw, 1024px\" \/><\/figure>\n<\/figure>\n\n\n\n<!--more-->\n\n\n\n<p>Relatos indicam que os suspeitos teriam obrigado moradores a assistirem ao espancamento, em uma pr\u00e1tica conhecida como <strong>&#8220;Tribunal do Tr\u00e1fico&#8221;,<\/strong> utilizada por grupos criminosos para intimidar a popula\u00e7\u00e3o e impor regras ilegais. A motiva\u00e7\u00e3o do ataque ainda \u00e9 desconhecida.<br><br>Mesmo ferido, o jovem n\u00e3o recebeu ajuda de nenhum morador e caminhou sozinho at\u00e9 a Unidade de Pronto Atendimento (UPA), onde recebeu atendimento. Familiares s\u00f3 foram informados do caso no fim da tarde, ap\u00f3s contato do hospital.<br><br>De acordo com a fam\u00edlia, o estado de sa\u00fade do rapaz \u00e9 est\u00e1vel, e ele n\u00e3o corre risco de morte. A pol\u00edcia busca identificar os envolvidos no crime.<br><br><em>Fonte: Gil Santos<\/em><\/p>\n\n\n\n<p><em>Com informa\u00e7\u00f5es: Cl\u00e9riston Silva<\/em><\/p>\n","protected":false},"excerpt":{"rendered":"<p>A Pol\u00edcia Civil apura o espancamento de um jovem em Araci, no territ\u00f3rio do Sisal, ocorrido na tarde da \u00faltima segunda-feira (1\u00ba), por volta das 13h, no campo municipal. Segundo informa\u00e7\u00f5es apuradas pela reportagem, o rapaz, que seria usu\u00e1rio de drogas, foi rendido por homens supostamente ligados a uma fac\u00e7\u00e3o criminosa e levado ao local, &hellip;<\/p>\n","protected":false},"author":2,"featured_media":77599,"comment_status":"open","ping_status":"open","sticky":false,"template":"","format":"standard","meta":{"om_disable_all_campaigns":false,"_monsterinsights_skip_tracking":false,"_monsterinsights_sitenote_active":false,"_monsterinsights_sitenote_note":"","_monsterinsights_sitenote_category":0,"footnotes":""},"categories":[41,8473,69,32,22],"tags":[100,71,48,75,4178,4180,2192,129,107,299,4181,132,230,106,203,120,51,122,109,88,47,111,5696,190],"class_list":["post-77598","post","type-post","status-publish","format-standard","has-post-thumbnail","hentry","category-araci","category-destaque","category-noticias2","category-regiao","category-seguranca","tag-adustina","tag-antas","tag-araci","tag-cicero-dantas","tag-cipo-2","tag-crisopolis-2","tag-espancamento","tag-euclides-da-cunha","tag-fatima","tag-ferido","tag-heliopolis-2","tag-itapicuru","tag-jeremoabo","tag-nova-soure","tag-novo-triunfo","tag-olindina","tag-paripiranga","tag-policia-civil","tag-quijingue","tag-ribeira-do-amparo","tag-ribeira-do-pombal","tag-sitio-do-quinto","tag-tribunal-do-crime","tag-tucano"],"aioseo_notices":[],"_links":{"self":[{"href":"https:\/\/www.portalalerta.com.br\/index.php\/wp-json\/wp\/v2\/posts\/77598","targetHints":{"allow":["GET"]}}],"collection":[{"href":"https:\/\/www.portalalerta.com.br\/index.php\/wp-json\/wp\/v2\/posts"}],"about":[{"href":"https:\/\/www.portalalerta.com.br\/index.php\/wp-json\/wp\/v2\/types\/post"}],"author":[{"embeddable":true,"href":"https:\/\/www.portalalerta.com.br\/index.php\/wp-json\/wp\/v2\/users\/2"}],"replies":[{"embeddable":true,"href":"https:\/\/www.portalalerta.com.br\/index.php\/wp-json\/wp\/v2\/comments?post=77598"}],"version-history":[{"count":1,"href":"https:\/\/www.portalalerta.com.br\/index.php\/wp-json\/wp\/v2\/posts\/77598\/revisions"}],"predecessor-version":[{"id":77600,"href":"https:\/\/www.portalalerta.com.br\/index.php\/wp-json\/wp\/v2\/posts\/77598\/revisions\/77600"}],"wp:featuredmedia":[{"embeddable":true,"href":"https:\/\/www.portalalerta.com.br\/index.php\/wp-json\/wp\/v2\/media\/77599"}],"wp:attachment":[{"href":"https:\/\/www.portalalerta.com.br\/index.php\/wp-json\/wp\/v2\/media?parent=77598"}],"wp:term":[{"taxonomy":"category","embeddable":true,"href":"https:\/\/www.portalalerta.com.br\/index.php\/wp-json\/wp\/v2\/categories?post=77598"},{"taxonomy":"post_tag","embeddable":true,"href":"https:\/\/www.portalalerta.com.br\/index.php\/wp-json\/wp\/v2\/tags?post=77598"}],"curies":[{"name":"wp","href":"https:\/\/api.w.org\/{rel}","templated":true}]}}