{"id":77601,"date":"2025-12-07T15:52:00","date_gmt":"2025-12-07T18:52:00","guid":{"rendered":"https:\/\/www.portalalerta.com.br\/?p=77601"},"modified":"2025-12-07T15:52:02","modified_gmt":"2025-12-07T18:52:02","slug":"apos-longa-batalha-ricardo-maia-e-absolvido-em-julgamento-de-contas-pelo-tcu-no-periodo-em-que-foi-prefeito-de-ribeira-do-pombal-ba","status":"publish","type":"post","link":"https:\/\/www.portalalerta.com.br\/index.php\/2025\/12\/07\/apos-longa-batalha-ricardo-maia-e-absolvido-em-julgamento-de-contas-pelo-tcu-no-periodo-em-que-foi-prefeito-de-ribeira-do-pombal-ba\/","title":{"rendered":"Ap\u00f3s longa batalha, Ricardo Maia \u00e9 absolvido em julgamento de contas pelo TCU, no per\u00edodo em que foi prefeito de Ribeira do Pombal-BA"},"content":{"rendered":"\n<p>Na \u00faltima quarta-feira (03), o Tribunal de Contas da Uni\u00e3o julgou o Embargo de Declara\u00e7\u00e3o TC 005.772\/2019-2, de autoria de Ricardo Maia Chaves de Souza, que pedia a reforma do <a href=\"https:\/\/pesquisa.apps.tcu.gov.br\/doc\/acordao-completo\/5354\/2020\/Segunda%20C%C3%A2mara\" target=\"_blank\" rel=\"noreferrer noopener\">Ac\u00f3rd\u00e3o 5354\/2020-TCU-Segunda C\u00e2mara<\/a>, bem como a aprova\u00e7\u00e3o das suas contas com ressalva, referentes \u00e0 presta\u00e7\u00e3o de contas do transporte escolar de 2014, per\u00edodo em que Ricardo foi prefeito em Ribeira do Pombal-BA.<\/p>\n\n\n\n<!--more-->\n\n\n<div class=\"wp-block-image\">\n<figure class=\"alignleft size-full is-resized\"><img fetchpriority=\"high\" decoding=\"async\" width=\"668\" height=\"664\" src=\"https:\/\/www.portalalerta.com.br\/wp-content\/uploads\/2025\/10\/Natal-da-cidade-Real-2025.jpg\" alt=\"\" class=\"wp-image-76686\" style=\"width:408px;height:auto\" srcset=\"https:\/\/www.portalalerta.com.br\/wp-content\/uploads\/2025\/10\/Natal-da-cidade-Real-2025.jpg 668w, https:\/\/www.portalalerta.com.br\/wp-content\/uploads\/2025\/10\/Natal-da-cidade-Real-2025-241x240.jpg 241w\" sizes=\"(max-width: 668px) 100vw, 668px\" \/><\/figure><\/div>\n\n\n<p>Na decis\u00e3o do TCU o Relator Ministro Bruno Dantas votou para <strong><em>\u201cdar provimento ao recurso de revis\u00e3o interposto por Ricardo Maia Chaves de Souza, para reformar o&nbsp;Ac\u00f3rd\u00e3o 5354\/2020-TCU-Segunda C\u00e2mara&nbsp;e, em consequ\u00eancia, julgar regulares com ressalva as suas contas, bem como as das empresas TJ Transportes e Constru\u00e7\u00f5es Ltda. e M A de Santana Eireli, dando-lhes quita\u00e7\u00e3o, nos termos do art. 16, inciso II, c\/c os arts. 18 e 23, inciso II, da Lei 8.443\/1992 e os arts. 208 e 214, inciso II, do Regimento Interno do TCU\u201d.<\/em><\/strong> &nbsp;Os demais ministros seguiram o voto do relator, o que inocentou Ricardo Maia, hoje Deputado Federal pelo MDB.<\/p>\n\n\n\n<p>O PORTAL ALERTA manteve contato com a assessoria do deputado, que se pronunciou atrav\u00e9s de uma nota:<\/p>\n\n\n\n<p><strong><em>O Tribunal de Contas da Uni\u00e3o decidiu, por unanimidade, pela minha absolvi\u00e7\u00e3o no processo que analisava a presta\u00e7\u00e3o do transporte escolar no ano de 2014, quando fui prefeito de Ribeira do Pombal. A decis\u00e3o reconhece que os servi\u00e7os foram devidamente executados, que n\u00e3o houve dano ao er\u00e1rio e que n\u00e3o existiu dolo ou erro grosseiro na condu\u00e7\u00e3o do contrato.<\/em><\/strong><\/p>\n\n\n\n<p><strong><em>Sempre tratei a aplica\u00e7\u00e3o dos recursos p\u00fablicos com seriedade e responsabilidade, e essa decis\u00e3o reafirma o compromisso que carrego na vida p\u00fablica. Continuo trabalhando com transpar\u00eancia, respeito e dedica\u00e7\u00e3o ao povo da Bahia, certo de que a verdade sempre prevalece.<\/em><\/strong><\/p>\n\n\n\n<p><strong><em>Ricardo Maia da Bahua | Deputado Federal<\/em><\/strong><\/p>\n\n\n\n<p><em>Reda\u00e7\u00e3o: Portal Alerta<\/em><\/p>\n","protected":false},"excerpt":{"rendered":"<p>Na \u00faltima quarta-feira (03), o Tribunal de Contas da Uni\u00e3o julgou o Embargo de Declara\u00e7\u00e3o TC 005.772\/2019-2, de autoria de Ricardo Maia Chaves de Souza, que pedia a reforma do Ac\u00f3rd\u00e3o 5354\/2020-TCU-Segunda C\u00e2mara, bem como a aprova\u00e7\u00e3o das suas contas com ressalva, referentes \u00e0 presta\u00e7\u00e3o de contas do transporte escolar de 2014, per\u00edodo em que &hellip;<\/p>\n","protected":false},"author":2,"featured_media":43774,"comment_status":"open","ping_status":"open","sticky":false,"template":"","format":"standard","meta":{"om_disable_all_campaigns":false,"_monsterinsights_skip_tracking":false,"_monsterinsights_sitenote_active":false,"_monsterinsights_sitenote_note":"","_monsterinsights_sitenote_category":0,"footnotes":""},"categories":[8473,69,21,32,3],"tags":[100,71,48,75,4178,4180,215,129,6273,107,4181,132,230,106,203,120,51,109,88,47,146,111,1317,190],"class_list":["post-77601","post","type-post","status-publish","format-standard","has-post-thumbnail","hentry","category-destaque","category-noticias2","category-politica","category-regiao","category-ribeira-do-pombal","tag-adustina","tag-antas","tag-araci","tag-cicero-dantas","tag-cipo-2","tag-crisopolis-2","tag-deputado-federal","tag-euclides-da-cunha","tag-ex-prefeito-2","tag-fatima","tag-heliopolis-2","tag-itapicuru","tag-jeremoabo","tag-nova-soure","tag-novo-triunfo","tag-olindina","tag-paripiranga","tag-quijingue","tag-ribeira-do-amparo","tag-ribeira-do-pombal","tag-ricardo-maia","tag-sitio-do-quinto","tag-tcu","tag-tucano"],"aioseo_notices":[],"_links":{"self":[{"href":"https:\/\/www.portalalerta.com.br\/index.php\/wp-json\/wp\/v2\/posts\/77601","targetHints":{"allow":["GET"]}}],"collection":[{"href":"https:\/\/www.portalalerta.com.br\/index.php\/wp-json\/wp\/v2\/posts"}],"about":[{"href":"https:\/\/www.portalalerta.com.br\/index.php\/wp-json\/wp\/v2\/types\/post"}],"author":[{"embeddable":true,"href":"https:\/\/www.portalalerta.com.br\/index.php\/wp-json\/wp\/v2\/users\/2"}],"replies":[{"embeddable":true,"href":"https:\/\/www.portalalerta.com.br\/index.php\/wp-json\/wp\/v2\/comments?post=77601"}],"version-history":[{"count":1,"href":"https:\/\/www.portalalerta.com.br\/index.php\/wp-json\/wp\/v2\/posts\/77601\/revisions"}],"predecessor-version":[{"id":77602,"href":"https:\/\/www.portalalerta.com.br\/index.php\/wp-json\/wp\/v2\/posts\/77601\/revisions\/77602"}],"wp:featuredmedia":[{"embeddable":true,"href":"https:\/\/www.portalalerta.com.br\/index.php\/wp-json\/wp\/v2\/media\/43774"}],"wp:attachment":[{"href":"https:\/\/www.portalalerta.com.br\/index.php\/wp-json\/wp\/v2\/media?parent=77601"}],"wp:term":[{"taxonomy":"category","embeddable":true,"href":"https:\/\/www.portalalerta.com.br\/index.php\/wp-json\/wp\/v2\/categories?post=77601"},{"taxonomy":"post_tag","embeddable":true,"href":"https:\/\/www.portalalerta.com.br\/index.php\/wp-json\/wp\/v2\/tags?post=77601"}],"curies":[{"name":"wp","href":"https:\/\/api.w.org\/{rel}","templated":true}]}}