{"id":77606,"date":"2025-12-07T18:28:00","date_gmt":"2025-12-07T21:28:00","guid":{"rendered":"https:\/\/www.portalalerta.com.br\/?p=77606"},"modified":"2025-12-07T18:28:01","modified_gmt":"2025-12-07T21:28:01","slug":"sargento-luciana-e-a-nova-comandante-do-pelotao-de-policia-militar-em-ribeira-do-pombal-ba-e-se-torna-a-primeira-mulher-a-comandar-pelotao-na-historia-da-21a-cipm","status":"publish","type":"post","link":"https:\/\/www.portalalerta.com.br\/index.php\/2025\/12\/07\/sargento-luciana-e-a-nova-comandante-do-pelotao-de-policia-militar-em-ribeira-do-pombal-ba-e-se-torna-a-primeira-mulher-a-comandar-pelotao-na-historia-da-21a-cipm\/","title":{"rendered":"Sargento Luciana \u00e9 a nova comandante do Pelot\u00e3o de Pol\u00edcia Militar em Ribeira do Pombal-BA, e se torna a primeira mulher a comandar Pelot\u00e3o na hist\u00f3ria da 21\u00aa CIPM!"},"content":{"rendered":"\n<p>Na \u00faltima sexta-feira (05), a Sargento PM Luciana Oliveira da Cruz Matos, assumiu o comando do 2\u00ba Pelot\u00e3o de Pol\u00edcia Militar, no munic\u00edpio de Ribeira do Pombal-BA.<\/p>\n\n\n\n<!--more-->\n\n\n\n<p>Luciana substitui o Capit\u00e3o PM Wagner Santos de Souza Mac\u00eado, que passou a comandar a 2\u00aa Companhia de Pol\u00edcia Militar, no munic\u00edpio de Tucano-BA, passando a fazer parte do 5\u00ba Batalh\u00e3o.<\/p>\n\n\n\n<p>A indica\u00e7\u00e3o do nome da Sgt PM Luciana, tem uma simbologia muito importante: Ela se torna a primeira mulher a comandar um Pelot\u00e3o na regi\u00e3o, desde a funda\u00e7\u00e3o da 21\u00aa CIPM, h\u00e1 27 anos.<\/p>\n\n\n\n<p><em>Reda\u00e7\u00e3o: Portal Alerta<\/em><\/p>\n","protected":false},"excerpt":{"rendered":"<p>Na \u00faltima sexta-feira (05), a Sargento PM Luciana Oliveira da Cruz Matos, assumiu o comando do 2\u00ba Pelot\u00e3o de Pol\u00edcia Militar, no munic\u00edpio de Ribeira do Pombal-BA.<\/p>\n","protected":false},"author":2,"featured_media":77607,"comment_status":"open","ping_status":"open","sticky":false,"template":"","format":"standard","meta":{"om_disable_all_campaigns":false,"_monsterinsights_skip_tracking":false,"_monsterinsights_sitenote_active":false,"_monsterinsights_sitenote_note":"","_monsterinsights_sitenote_category":0,"footnotes":""},"categories":[8473,69,32,3,22],"tags":[127,100,71,48,75,4178,1749,4180,129,107,4181,132,230,106,203,120,51,79,109,88,47,8494,111,190],"class_list":["post-77606","post","type-post","status-publish","format-standard","has-post-thumbnail","hentry","category-destaque","category-noticias2","category-regiao","category-ribeira-do-pombal","category-seguranca","tag-2o-pelotao","tag-adustina","tag-antas","tag-araci","tag-cicero-dantas","tag-cipo-2","tag-comandante","tag-crisopolis-2","tag-euclides-da-cunha","tag-fatima","tag-heliopolis-2","tag-itapicuru","tag-jeremoabo","tag-nova-soure","tag-novo-triunfo","tag-olindina","tag-paripiranga","tag-policia-militar","tag-quijingue","tag-ribeira-do-amparo","tag-ribeira-do-pombal","tag-sgt-luciana","tag-sitio-do-quinto","tag-tucano"],"aioseo_notices":[],"_links":{"self":[{"href":"https:\/\/www.portalalerta.com.br\/index.php\/wp-json\/wp\/v2\/posts\/77606","targetHints":{"allow":["GET"]}}],"collection":[{"href":"https:\/\/www.portalalerta.com.br\/index.php\/wp-json\/wp\/v2\/posts"}],"about":[{"href":"https:\/\/www.portalalerta.com.br\/index.php\/wp-json\/wp\/v2\/types\/post"}],"author":[{"embeddable":true,"href":"https:\/\/www.portalalerta.com.br\/index.php\/wp-json\/wp\/v2\/users\/2"}],"replies":[{"embeddable":true,"href":"https:\/\/www.portalalerta.com.br\/index.php\/wp-json\/wp\/v2\/comments?post=77606"}],"version-history":[{"count":1,"href":"https:\/\/www.portalalerta.com.br\/index.php\/wp-json\/wp\/v2\/posts\/77606\/revisions"}],"predecessor-version":[{"id":77608,"href":"https:\/\/www.portalalerta.com.br\/index.php\/wp-json\/wp\/v2\/posts\/77606\/revisions\/77608"}],"wp:featuredmedia":[{"embeddable":true,"href":"https:\/\/www.portalalerta.com.br\/index.php\/wp-json\/wp\/v2\/media\/77607"}],"wp:attachment":[{"href":"https:\/\/www.portalalerta.com.br\/index.php\/wp-json\/wp\/v2\/media?parent=77606"}],"wp:term":[{"taxonomy":"category","embeddable":true,"href":"https:\/\/www.portalalerta.com.br\/index.php\/wp-json\/wp\/v2\/categories?post=77606"},{"taxonomy":"post_tag","embeddable":true,"href":"https:\/\/www.portalalerta.com.br\/index.php\/wp-json\/wp\/v2\/tags?post=77606"}],"curies":[{"name":"wp","href":"https:\/\/api.w.org\/{rel}","templated":true}]}}