{"id":77628,"date":"2025-12-08T06:00:00","date_gmt":"2025-12-08T09:00:00","guid":{"rendered":"https:\/\/www.portalalerta.com.br\/?p=77628"},"modified":"2025-12-08T18:09:08","modified_gmt":"2025-12-08T21:09:08","slug":"condenado-por-tentativa-de-homicidio-em-euclides-da-cunha-ba-e-capturado-em-sao-paulo","status":"publish","type":"post","link":"https:\/\/www.portalalerta.com.br\/index.php\/2025\/12\/08\/condenado-por-tentativa-de-homicidio-em-euclides-da-cunha-ba-e-capturado-em-sao-paulo\/","title":{"rendered":"Condenado por tentativa de homic\u00eddio em Euclides da Cunha-BA \u00e9 capturado em S\u00e3o Paulo"},"content":{"rendered":"\n<p>Um homem condenado por tentativa de homic\u00eddio foi localizado na \u00faltima sexta-feira (5) em S\u00e3o Caetano do Sul, na Regi\u00e3o Metropolitana de S\u00e3o Paulo. Ele tinha mandado de pris\u00e3o em aberto por senten\u00e7a de 12 anos em regime fechado, decorrente de crime cometido em 2017, no bairro Nova Am\u00e9rica, no munic\u00edpio de Euclides da Cunha, na Bahia.<\/p>\n\n\n\n<!--more-->\n\n\n<div class=\"wp-block-image\">\n<figure class=\"alignleft size-full is-resized\"><img fetchpriority=\"high\" decoding=\"async\" width=\"668\" height=\"664\" src=\"https:\/\/www.portalalerta.com.br\/wp-content\/uploads\/2025\/10\/Natal-da-cidade-Real-2025.jpg\" alt=\"\" class=\"wp-image-76686\" style=\"width:404px;height:auto\" srcset=\"https:\/\/www.portalalerta.com.br\/wp-content\/uploads\/2025\/10\/Natal-da-cidade-Real-2025.jpg 668w, https:\/\/www.portalalerta.com.br\/wp-content\/uploads\/2025\/10\/Natal-da-cidade-Real-2025-241x240.jpg 241w\" sizes=\"(max-width: 668px) 100vw, 668px\" \/><\/figure><\/div>\n\n\n<p>\u00c0 \u00e9poca, a v\u00edtima, com 20 anos, foi atingida por cinco disparos, recebeu atendimento hospitalar e resistiu aos ferimentos. O autor, ent\u00e3o com 24 anos, fugiu para o estado paulista ap\u00f3s o delito.<br><br>O trabalho de intelig\u00eancia da Pol\u00edcia Civil da Bahia, do servi\u00e7o de investiga\u00e7\u00e3o da delegacia territorial de Euclides da Cunha, aliado ao compartilhamento de informa\u00e7\u00f5es com a Pol\u00edcia Militar de S\u00e3o Paulo, permitiu identificar o paradeiro do condenado na Avenida Presidente Kennedy, em S\u00e3o Caetano do Sul. Durante a abordagem, agentes paulistas verificaram a exist\u00eancia do mandado de pris\u00e3o expedido pela Justi\u00e7a da Bahia.<\/p>\n\n\n\n<p>Ap\u00f3s a confirma\u00e7\u00e3o da ordem judicial, foram realizados os procedimentos legais, incluindo a formaliza\u00e7\u00e3o da pris\u00e3o, o encaminhamento para exame de corpo de delito e a comunica\u00e7\u00e3o ao ju\u00edzo competente. O homem permanece custodiado, encontra-se \u00e0 disposi\u00e7\u00e3o da Justi\u00e7a e deve ser recambiado ao sistema prisional baiano.<\/p>\n\n\n\n<blockquote class=\"tiktok-embed\" cite=\"https:\/\/www.tiktok.com\/@portalalerta\/video\/7581473986693827858\" data-video-id=\"7581473986693827858\" style=\"max-width: 605px;min-width: 325px;\" > <section> <a target=\"_blank\" title=\"@portalalerta\" href=\"https:\/\/www.tiktok.com\/@portalalerta?refer=embed\">@portalalerta<\/a> <p>Condenado por tentativa de homic\u00eddio em Euclides da Cunha-BA \u00e9 capturado em S\u00e3o Paulo  Um homem condenado por tentativa de homic\u00eddio foi localizado na \u00faltima sexta-feira (5) em S\u00e3o Caetano do Sul, na Regi\u00e3o Metropolitana de S\u00e3o Paulo. Ele tinha mandado de pris\u00e3o em aberto por senten\u00e7a de 12 anos em regime fechado, decorrente de crime cometido em 2017, no bairro Nova Am\u00e9rica, no munic\u00edpio de Euclides da Cunha, na Bahia.  euclidesdacunhabahia #saopaulo #saocaetanodosul #condenacao #tentativadehomicidio #preso #policiacivil #portalalerta #portal_alerta #deolhonanoticia<\/p> <a target=\"_blank\" title=\"\u266c som original  - Portal Alerta\" href=\"https:\/\/www.tiktok.com\/music\/som-original-Portal-Alerta-7581474023658310417?refer=embed\">\u266c som original  &#8211; Portal Alerta<\/a> <\/section> <\/blockquote> <script async src=\"https:\/\/www.tiktok.com\/embed.js\"><\/script>\n\n\n\n<p><em>Fonte: Pol\u00edcia Civil<\/em><\/p>\n","protected":false},"excerpt":{"rendered":"<p>Um homem condenado por tentativa de homic\u00eddio foi localizado na \u00faltima sexta-feira (5) em S\u00e3o Caetano do Sul, na Regi\u00e3o Metropolitana de S\u00e3o Paulo. Ele tinha mandado de pris\u00e3o em aberto por senten\u00e7a de 12 anos em regime fechado, decorrente de crime cometido em 2017, no bairro Nova Am\u00e9rica, no munic\u00edpio de Euclides da Cunha, &hellip;<\/p>\n","protected":false},"author":2,"featured_media":77627,"comment_status":"open","ping_status":"open","sticky":false,"template":"","format":"standard","meta":{"om_disable_all_campaigns":false,"_monsterinsights_skip_tracking":false,"_monsterinsights_sitenote_active":false,"_monsterinsights_sitenote_note":"","_monsterinsights_sitenote_category":0,"footnotes":""},"categories":[34,70,17,69,32,22],"tags":[100,71,48,75,4178,316,4180,129,107,384,4181,132,230,106,203,120,51,122,77,109,88,47,111,105,190],"class_list":["post-77628","post","type-post","status-publish","format-standard","has-post-thumbnail","hentry","category-brasil","category-destaques","category-euclides-da-cunha","category-noticias2","category-regiao","category-seguranca","tag-adustina","tag-antas","tag-araci","tag-cicero-dantas","tag-cipo-2","tag-condenacao","tag-crisopolis-2","tag-euclides-da-cunha","tag-fatima","tag-foragido","tag-heliopolis-2","tag-itapicuru","tag-jeremoabo","tag-nova-soure","tag-novo-triunfo","tag-olindina","tag-paripiranga","tag-policia-civil","tag-preso","tag-quijingue","tag-ribeira-do-amparo","tag-ribeira-do-pombal","tag-sitio-do-quinto","tag-tentativa-de-homicidio","tag-tucano"],"aioseo_notices":[],"_links":{"self":[{"href":"https:\/\/www.portalalerta.com.br\/index.php\/wp-json\/wp\/v2\/posts\/77628","targetHints":{"allow":["GET"]}}],"collection":[{"href":"https:\/\/www.portalalerta.com.br\/index.php\/wp-json\/wp\/v2\/posts"}],"about":[{"href":"https:\/\/www.portalalerta.com.br\/index.php\/wp-json\/wp\/v2\/types\/post"}],"author":[{"embeddable":true,"href":"https:\/\/www.portalalerta.com.br\/index.php\/wp-json\/wp\/v2\/users\/2"}],"replies":[{"embeddable":true,"href":"https:\/\/www.portalalerta.com.br\/index.php\/wp-json\/wp\/v2\/comments?post=77628"}],"version-history":[{"count":3,"href":"https:\/\/www.portalalerta.com.br\/index.php\/wp-json\/wp\/v2\/posts\/77628\/revisions"}],"predecessor-version":[{"id":77659,"href":"https:\/\/www.portalalerta.com.br\/index.php\/wp-json\/wp\/v2\/posts\/77628\/revisions\/77659"}],"wp:featuredmedia":[{"embeddable":true,"href":"https:\/\/www.portalalerta.com.br\/index.php\/wp-json\/wp\/v2\/media\/77627"}],"wp:attachment":[{"href":"https:\/\/www.portalalerta.com.br\/index.php\/wp-json\/wp\/v2\/media?parent=77628"}],"wp:term":[{"taxonomy":"category","embeddable":true,"href":"https:\/\/www.portalalerta.com.br\/index.php\/wp-json\/wp\/v2\/categories?post=77628"},{"taxonomy":"post_tag","embeddable":true,"href":"https:\/\/www.portalalerta.com.br\/index.php\/wp-json\/wp\/v2\/tags?post=77628"}],"curies":[{"name":"wp","href":"https:\/\/api.w.org\/{rel}","templated":true}]}}