{"id":77630,"date":"2025-12-08T06:01:00","date_gmt":"2025-12-08T09:01:00","guid":{"rendered":"https:\/\/www.portalalerta.com.br\/?p=77630"},"modified":"2025-12-08T18:10:03","modified_gmt":"2025-12-08T21:10:03","slug":"flavio-bolsonaro-indica-que-candidatura-e-moeda-de-troca-e-tem-preco-para-ser-retirada","status":"publish","type":"post","link":"https:\/\/www.portalalerta.com.br\/index.php\/2025\/12\/08\/flavio-bolsonaro-indica-que-candidatura-e-moeda-de-troca-e-tem-preco-para-ser-retirada\/","title":{"rendered":"Fl\u00e1vio Bolsonaro indica que candidatura \u00e9 moeda de troca e &#8216;tem pre\u00e7o&#8217; para ser retirada"},"content":{"rendered":"\n<p>Senador sugeriu que contrapartida para retirar pr\u00e9-candidatura ao Pal\u00e1cio do Planalto envolve a discuss\u00e3o de um projeto de anistia aos condenados pelo STF pela trama golpista.<\/p>\n\n\n\n<!--more-->\n\n\n\n<p>Fl\u00e1vio Bolsonaro indica que candidatura \u00e9 moeda de troca e &#8216;tem pre\u00e7o&#8217; para ser retirada<\/p>\n\n\n\n<p>O senador&nbsp;<a href=\"https:\/\/g1.globo.com\/politica\/politico\/flavio-bolsonaro\/\"><strong>Fl\u00e1vio Bolsonaro<\/strong><\/a>&nbsp;(PL-RJ) afirmou neste domingo (7) que sua&nbsp;<a href=\"https:\/\/g1.globo.com\/politica\/noticia\/2025\/12\/05\/flavio-bolsonaro-diz-ter-sido-escolhido-pelo-pai-para-ser-o-candidato-do-pl-a-presidencia-em-2026.ghtml\"><strong>pr\u00e9-candidatura \u00e0 Presid\u00eancia da Rep\u00fablica nas Elei\u00e7\u00f5es de 2026<\/strong><\/a>&nbsp;&#8220;tem um pre\u00e7o&#8221; e pode ser retirada caso uma contrapartida seja oferecida em troca.<\/p>\n\n\n\n<p><strong>&#8220;Tem uma possibilidade de eu n\u00e3o ir at\u00e9 o fim e eu tenho um pre\u00e7o para isso, que eu vou negociar. Eu tenho um pre\u00e7o, s\u00f3 que eu s\u00f3 vou falar para voc\u00eas amanh\u00e3&#8221;, afirmou Fl\u00e1vio.<\/strong><\/p>\n\n\n\n<p>Filho mais velho do ex-presidente&nbsp;<a href=\"https:\/\/g1.globo.com\/politica\/politico\/jair-bolsonaro\/\"><strong>Jair Bolsonaro<\/strong><\/a>&nbsp;(PL), o senador participou de um culto evang\u00e9lico em Bras\u00edlia neste domingo. Na sa\u00edda, ele indicou que a contrapartida para retirar a pr\u00e9-candidatura ao Pal\u00e1cio do Planalto envolve a discuss\u00e3o de um projeto de anistia aos condenados pelo Supremo Tribunal Federal (STF) pela trama golpista, o que beneficiaria diretamente seu pai, que est\u00e1 preso.<\/p>\n\n\n\n<p><strong>&#8220;Espero que a gente paute essa semana a anistia. Espero que os presidentes da C\u00e2mara e do Senado cumpram o que eles prometeram, que pautariam a anistia, e deixem o pau cantar no voto no plen\u00e1rio \u2013 que \u00e9 o que a gente sempre quis&#8221;, disse.<\/strong><\/p>\n\n\n\n<p><strong>&#8220;N\u00e3o \u00e9 s\u00f3 isso n\u00e3o, mas est\u00e1 indo bem&#8221;, respondeu o senador ao ser questionado se o pre\u00e7o para abandonar a candidatura seria a aprova\u00e7\u00e3o da anistia.<\/strong><\/p>\n\n\n\n<p><a href=\"https:\/\/g1.globo.com\/politica\/bolsonaro-condenado\/\"><strong>Bolsonaro e outros seis r\u00e9us do &#8220;n\u00facleo crucial&#8221; da tentativa de golpe de Estado foram condenados pela Primeira Turma do STF<\/strong><\/a>&nbsp;em setembro. No \u00faltimo dia 25, eles come\u00e7aram a cumprir pena, ap\u00f3s o encerramento do processo.<\/p>\n\n\n\n<p>A escolha de Fl\u00e1vio Bolsonaro como candidato de Jair Bolsonaro foi tornada p\u00fablica pelo pr\u00f3prio senador, que disse que a miss\u00e3o havia sido dada pelo ex-presidente. Depois do an\u00fancio, o Partido Liberal (PL) e pol\u00edticos ligados ao cl\u00e3 declararam apoio a Fl\u00e1vio.<\/p>\n\n\n\n<p>O senador afirmou ainda que, caso mantenha sua candidatura at\u00e9 o fim,&nbsp;ser\u00e1 um &#8220;Bolsonaro muito mais centrado&#8221;.<\/p>\n\n\n\n<p><strong>&#8220;A partir do momento que eu tenho a possibilidade, com esta exposi\u00e7\u00e3o e a cobertura que voc\u00eas da imprensa v\u00e3o me dar, de conhecer um Bolsonaro diferente, um Bolsonaro muito mais centrado, um Bolsonaro que conhece a pol\u00edtica, que conhece Bras\u00edlia e que vai realmente querer fazer uma pacifica\u00e7\u00e3o nesse pa\u00eds&#8221;, declarou.<\/strong><\/p>\n\n\n\n<p><strong>Reuni\u00e3o com partidos<\/strong><\/p>\n\n\n\n<p>Fl\u00e1vio Bolsonaro tamb\u00e9m afirmou que vai se reunir com os presidentes do PL, Valdemar Costa Neto, do Uni\u00e3o Brasil e do Progressistas, Ant\u00f4nio Rueda e Ciro Nogueira, respectivamente, nesta segunda-feira (8) \u2014 os dois \u00faltimos partidos formam uma federa\u00e7\u00e3o partid\u00e1ria.<\/p>\n\n\n\n<p>O senador afirmou que a reuni\u00e3o \u00e9 para &#8220;entender melhor&#8221; o que pensam os partidos e que tamb\u00e9m vai convidar o deputado Marcos Pereira, presidente do Republicanos, sigla do governador de S\u00e3o Paulo, Tarc\u00edsio de Freitas \u2014 nome preferido pelo Centr\u00e3o e por setores do mercado.<\/p>\n\n\n\n<p><strong>&#8220;Acho que j\u00e1 demos alguns gestos para que todos pudessem digerir essa not\u00edcia [da pr\u00e9-candidatura], que eu reconhe\u00e7o que pegou muita gente de surpresa. N\u00e3o era o que grande parte da pol\u00edtica estava esperando&#8221;, disse Fl\u00e1vio.<\/strong><\/p>\n\n\n\n<p><strong>Centr\u00e3o v\u00ea chance de Ratinho Jr.<\/strong><\/p>\n\n\n\n<p>L\u00edderes do Centr\u00e3o e especialmente do PSD avaliaram ao blog do jornalista Gerson Camarotti que&nbsp;<a href=\"https:\/\/g1.globo.com\/politica\/blog\/gerson-camarotti\/post\/2025\/12\/06\/integrantes-do-centrao-e-do-psd-avaliam-janela-de-oportunidade-para-ratinho-junior-com-pre-candidatura-de-flavio-bolsonaro.ghtml\"><strong>o lan\u00e7amento do nome de Fl\u00e1vio Bolsonaro abriu uma janela de oportunidade para o governador do Paran\u00e1, Ratinho J\u00fanior (PSD), na corrida presidencial<\/strong><\/a>.<\/p>\n\n\n\n<p>A avalia\u00e7\u00e3o \u00e9 que a candidatura de Fl\u00e1vio abre um vazio na centro-direita e que o filho de Bolsonaro vai manter o ambiente de polariza\u00e7\u00e3o com Lula nas Elei\u00e7\u00f5es de 2026.<\/p>\n\n\n\n<p>Datafolha: Lula marca 41%; Fl\u00e1vio Bolsonaro, 18% nas inten\u00e7\u00f5es de voto<\/p>\n\n\n\n<p>A percep\u00e7\u00e3o de lideran\u00e7as do Centr\u00e3o \u00e9 que h\u00e1 espa\u00e7o para uma candidatura que n\u00e3o seja nem Lula e nem Bolsonaro. Sem a candidatura de Tarc\u00edsio de Freitas, os l\u00edderes avaliam que haver\u00e1 uma busca natural por um nome alternativo \u00e0 polariza\u00e7\u00e3o.<\/p>\n\n\n\n<p>Nas palavras de uma influente lideran\u00e7a ao blog do Camarotti, neste momento Ratinho J\u00fanior tem que &#8220;jogar parado&#8221;.<\/p>\n\n\n\n<blockquote class=\"instagram-media\" data-instgrm-captioned data-instgrm-permalink=\"https:\/\/www.instagram.com\/reel\/DSAAHAXji2f\/?utm_source=ig_embed&amp;utm_campaign=loading\" data-instgrm-version=\"14\" style=\" background:#FFF; border:0; border-radius:3px; box-shadow:0 0 1px 0 rgba(0,0,0,0.5),0 1px 10px 0 rgba(0,0,0,0.15); margin: 1px; max-width:540px; min-width:326px; padding:0; width:99.375%; width:-webkit-calc(100% - 2px); width:calc(100% - 2px);\"><div style=\"padding:16px;\"> <a href=\"https:\/\/www.instagram.com\/reel\/DSAAHAXji2f\/?utm_source=ig_embed&amp;utm_campaign=loading\" style=\" background:#FFFFFF; line-height:0; padding:0 0; text-align:center; text-decoration:none; width:100%;\" target=\"_blank\"> <div style=\" display: flex; flex-direction: row; align-items: center;\"> <div style=\"background-color: #F4F4F4; border-radius: 50%; flex-grow: 0; height: 40px; margin-right: 14px; width: 40px;\"><\/div> <div style=\"display: flex; flex-direction: column; flex-grow: 1; justify-content: center;\"> <div style=\" background-color: #F4F4F4; border-radius: 4px; flex-grow: 0; height: 14px; margin-bottom: 6px; width: 100px;\"><\/div> <div style=\" background-color: #F4F4F4; border-radius: 4px; flex-grow: 0; height: 14px; width: 60px;\"><\/div><\/div><\/div><div style=\"padding: 19% 0;\"><\/div> <div style=\"display:block; height:50px; margin:0 auto 12px; width:50px;\"><svg width=\"50px\" height=\"50px\" viewBox=\"0 0 60 60\" version=\"1.1\" xmlns=\"https:\/\/www.w3.org\/2000\/svg\" xmlns:xlink=\"https:\/\/www.w3.org\/1999\/xlink\"><g stroke=\"none\" stroke-width=\"1\" fill=\"none\" fill-rule=\"evenodd\"><g transform=\"translate(-511.000000, -20.000000)\" fill=\"#000000\"><g><path d=\"M556.869,30.41 C554.814,30.41 553.148,32.076 553.148,34.131 C553.148,36.186 554.814,37.852 556.869,37.852 C558.924,37.852 560.59,36.186 560.59,34.131 C560.59,32.076 558.924,30.41 556.869,30.41 M541,60.657 C535.114,60.657 530.342,55.887 530.342,50 C530.342,44.114 535.114,39.342 541,39.342 C546.887,39.342 551.658,44.114 551.658,50 C551.658,55.887 546.887,60.657 541,60.657 M541,33.886 C532.1,33.886 524.886,41.1 524.886,50 C524.886,58.899 532.1,66.113 541,66.113 C549.9,66.113 557.115,58.899 557.115,50 C557.115,41.1 549.9,33.886 541,33.886 M565.378,62.101 C565.244,65.022 564.756,66.606 564.346,67.663 C563.803,69.06 563.154,70.057 562.106,71.106 C561.058,72.155 560.06,72.803 558.662,73.347 C557.607,73.757 556.021,74.244 553.102,74.378 C549.944,74.521 548.997,74.552 541,74.552 C533.003,74.552 532.056,74.521 528.898,74.378 C525.979,74.244 524.393,73.757 523.338,73.347 C521.94,72.803 520.942,72.155 519.894,71.106 C518.846,70.057 518.197,69.06 517.654,67.663 C517.244,66.606 516.755,65.022 516.623,62.101 C516.479,58.943 516.448,57.996 516.448,50 C516.448,42.003 516.479,41.056 516.623,37.899 C516.755,34.978 517.244,33.391 517.654,32.338 C518.197,30.938 518.846,29.942 519.894,28.894 C520.942,27.846 521.94,27.196 523.338,26.654 C524.393,26.244 525.979,25.756 528.898,25.623 C532.057,25.479 533.004,25.448 541,25.448 C548.997,25.448 549.943,25.479 553.102,25.623 C556.021,25.756 557.607,26.244 558.662,26.654 C560.06,27.196 561.058,27.846 562.106,28.894 C563.154,29.942 563.803,30.938 564.346,32.338 C564.756,33.391 565.244,34.978 565.378,37.899 C565.522,41.056 565.552,42.003 565.552,50 C565.552,57.996 565.522,58.943 565.378,62.101 M570.82,37.631 C570.674,34.438 570.167,32.258 569.425,30.349 C568.659,28.377 567.633,26.702 565.965,25.035 C564.297,23.368 562.623,22.342 560.652,21.575 C558.743,20.834 556.562,20.326 553.369,20.18 C550.169,20.033 549.148,20 541,20 C532.853,20 531.831,20.033 528.631,20.18 C525.438,20.326 523.257,20.834 521.349,21.575 C519.376,22.342 517.703,23.368 516.035,25.035 C514.368,26.702 513.342,28.377 512.574,30.349 C511.834,32.258 511.326,34.438 511.181,37.631 C511.035,40.831 511,41.851 511,50 C511,58.147 511.035,59.17 511.181,62.369 C511.326,65.562 511.834,67.743 512.574,69.651 C513.342,71.625 514.368,73.296 516.035,74.965 C517.703,76.634 519.376,77.658 521.349,78.425 C523.257,79.167 525.438,79.673 528.631,79.82 C531.831,79.965 532.853,80.001 541,80.001 C549.148,80.001 550.169,79.965 553.369,79.82 C556.562,79.673 558.743,79.167 560.652,78.425 C562.623,77.658 564.297,76.634 565.965,74.965 C567.633,73.296 568.659,71.625 569.425,69.651 C570.167,67.743 570.674,65.562 570.82,62.369 C570.966,59.17 571,58.147 571,50 C571,41.851 570.966,40.831 570.82,37.631\"><\/path><\/g><\/g><\/g><\/svg><\/div><div style=\"padding-top: 8px;\"> <div style=\" color:#3897f0; font-family:Arial,sans-serif; font-size:14px; font-style:normal; font-weight:550; line-height:18px;\">Ver essa foto no Instagram<\/div><\/div><div style=\"padding: 12.5% 0;\"><\/div> <div style=\"display: flex; flex-direction: row; margin-bottom: 14px; align-items: center;\"><div> <div style=\"background-color: #F4F4F4; border-radius: 50%; height: 12.5px; width: 12.5px; transform: translateX(0px) translateY(7px);\"><\/div> <div style=\"background-color: #F4F4F4; height: 12.5px; transform: rotate(-45deg) translateX(3px) translateY(1px); width: 12.5px; flex-grow: 0; margin-right: 14px; margin-left: 2px;\"><\/div> <div style=\"background-color: #F4F4F4; border-radius: 50%; height: 12.5px; width: 12.5px; transform: translateX(9px) translateY(-18px);\"><\/div><\/div><div style=\"margin-left: 8px;\"> <div style=\" background-color: #F4F4F4; border-radius: 50%; flex-grow: 0; height: 20px; width: 20px;\"><\/div> <div style=\" width: 0; height: 0; border-top: 2px solid transparent; border-left: 6px solid #f4f4f4; border-bottom: 2px solid transparent; transform: translateX(16px) translateY(-4px) rotate(30deg)\"><\/div><\/div><div style=\"margin-left: auto;\"> <div style=\" width: 0px; border-top: 8px solid #F4F4F4; border-right: 8px solid transparent; transform: translateY(16px);\"><\/div> <div style=\" background-color: #F4F4F4; flex-grow: 0; height: 12px; width: 16px; transform: translateY(-4px);\"><\/div> <div style=\" width: 0; height: 0; border-top: 8px solid #F4F4F4; border-left: 8px solid transparent; transform: translateY(-4px) translateX(8px);\"><\/div><\/div><\/div> <div style=\"display: flex; flex-direction: column; flex-grow: 1; justify-content: center; margin-bottom: 24px;\"> <div style=\" background-color: #F4F4F4; border-radius: 4px; flex-grow: 0; height: 14px; margin-bottom: 6px; width: 224px;\"><\/div> <div style=\" background-color: #F4F4F4; border-radius: 4px; flex-grow: 0; height: 14px; width: 144px;\"><\/div><\/div><\/a><p style=\" color:#c9c8cd; font-family:Arial,sans-serif; font-size:14px; line-height:17px; margin-bottom:0; margin-top:8px; overflow:hidden; padding:8px 0 7px; text-align:center; text-overflow:ellipsis; white-space:nowrap;\"><a href=\"https:\/\/www.instagram.com\/reel\/DSAAHAXji2f\/?utm_source=ig_embed&amp;utm_campaign=loading\" style=\" color:#c9c8cd; font-family:Arial,sans-serif; font-size:14px; font-style:normal; font-weight:normal; line-height:17px; text-decoration:none;\" target=\"_blank\">Um post compartilhado por Portal Alerta (@portal_alerta)<\/a><\/p><\/div><\/blockquote>\n<script async src=\"\/\/www.instagram.com\/embed.js\"><\/script>\n\n\n\n<p><em>Fonte: G1<\/em><\/p>\n","protected":false},"excerpt":{"rendered":"<p>Senador sugeriu que contrapartida para retirar pr\u00e9-candidatura ao Pal\u00e1cio do Planalto envolve a discuss\u00e3o de um projeto de anistia aos condenados pelo STF pela trama golpista.<\/p>\n","protected":false},"author":2,"featured_media":20543,"comment_status":"open","ping_status":"open","sticky":false,"template":"","format":"standard","meta":{"om_disable_all_campaigns":false,"_monsterinsights_skip_tracking":false,"_monsterinsights_sitenote_active":false,"_monsterinsights_sitenote_note":"","_monsterinsights_sitenote_category":0,"footnotes":""},"categories":[34,70,69,21],"tags":[100,7928,71,48,75,45,46,6038,129,107,1976,44,132,230,106,203,120,51,109,88,47,111,190],"class_list":["post-77630","post","type-post","status-publish","format-standard","has-post-thumbnail","hentry","category-brasil","category-destaques","category-noticias2","category-politica","tag-adustina","tag-anistia","tag-antas","tag-araci","tag-cicero-dantas","tag-cipo","tag-crisopolis","tag-eleicoes-2026","tag-euclides-da-cunha","tag-fatima","tag-flavio-bolsonaro","tag-heliopolis","tag-itapicuru","tag-jeremoabo","tag-nova-soure","tag-novo-triunfo","tag-olindina","tag-paripiranga","tag-quijingue","tag-ribeira-do-amparo","tag-ribeira-do-pombal","tag-sitio-do-quinto","tag-tucano"],"aioseo_notices":[],"_links":{"self":[{"href":"https:\/\/www.portalalerta.com.br\/index.php\/wp-json\/wp\/v2\/posts\/77630","targetHints":{"allow":["GET"]}}],"collection":[{"href":"https:\/\/www.portalalerta.com.br\/index.php\/wp-json\/wp\/v2\/posts"}],"about":[{"href":"https:\/\/www.portalalerta.com.br\/index.php\/wp-json\/wp\/v2\/types\/post"}],"author":[{"embeddable":true,"href":"https:\/\/www.portalalerta.com.br\/index.php\/wp-json\/wp\/v2\/users\/2"}],"replies":[{"embeddable":true,"href":"https:\/\/www.portalalerta.com.br\/index.php\/wp-json\/wp\/v2\/comments?post=77630"}],"version-history":[{"count":2,"href":"https:\/\/www.portalalerta.com.br\/index.php\/wp-json\/wp\/v2\/posts\/77630\/revisions"}],"predecessor-version":[{"id":77660,"href":"https:\/\/www.portalalerta.com.br\/index.php\/wp-json\/wp\/v2\/posts\/77630\/revisions\/77660"}],"wp:featuredmedia":[{"embeddable":true,"href":"https:\/\/www.portalalerta.com.br\/index.php\/wp-json\/wp\/v2\/media\/20543"}],"wp:attachment":[{"href":"https:\/\/www.portalalerta.com.br\/index.php\/wp-json\/wp\/v2\/media?parent=77630"}],"wp:term":[{"taxonomy":"category","embeddable":true,"href":"https:\/\/www.portalalerta.com.br\/index.php\/wp-json\/wp\/v2\/categories?post=77630"},{"taxonomy":"post_tag","embeddable":true,"href":"https:\/\/www.portalalerta.com.br\/index.php\/wp-json\/wp\/v2\/tags?post=77630"}],"curies":[{"name":"wp","href":"https:\/\/api.w.org\/{rel}","templated":true}]}}