{"id":77672,"date":"2025-12-08T22:52:21","date_gmt":"2025-12-09T01:52:21","guid":{"rendered":"https:\/\/www.portalalerta.com.br\/?p=77672"},"modified":"2025-12-09T23:26:12","modified_gmt":"2025-12-10T02:26:12","slug":"tarcisio-apoia-candidatura-de-flavio-bolsonaro-vai-contar-com-a-gente","status":"publish","type":"post","link":"https:\/\/www.portalalerta.com.br\/index.php\/2025\/12\/08\/tarcisio-apoia-candidatura-de-flavio-bolsonaro-vai-contar-com-a-gente\/","title":{"rendered":"Tarc\u00edsio apoia candidatura de Fl\u00e1vio Bolsonaro: &#8220;Vai contar com a gente&#8221;"},"content":{"rendered":"\n<p><strong>Durante um evento na Grande S\u00e3o Paulo, Tarc\u00edsio refor\u00e7ou sua fidelidade a Jair Bolsonaro e garantiu apoio ao filho do ex-presidente<\/strong><\/p>\n\n\n\n<!--more-->\n\n\n\n<p><strong>O governador de S\u00e3o Paulo, Tarc\u00edsio de Freitas, manifestou-se pela primeira vez nesta segunda-feira sobre a pr\u00e9-candidatura do senador Fl\u00e1vio Bolsonaro \u00e0 Presid\u00eancia da Rep\u00fablica. Durante um evento na Grande S\u00e3o Paulo, Tarc\u00edsio refor\u00e7ou sua fidelidade a Jair Bolsonaro e garantiu apoio ao filho do ex-presidente.<\/strong><\/p>\n\n\n\n<p><strong><a href=\"https:\/\/telegram.me\/share\/url?url=https:\/\/www.band.com.br\/noticias\/jornal-da-band\/ultimas\/tarcisio-apoia-candidatura-de-flavio-bolsonaro-vai-contar-com-a-gente-202512082110&amp;text=tarcisio%20apoia%20candidatura%20de%20flavio%20bolsonaro%20vai%20contar%20com%20a%20gente\" target=\"_blank\" rel=\"noreferrer noopener\"><\/a><\/strong><\/p>\n\n\n\n<p><strong>&#8220;O Fl\u00e1vio vai contar com a gente. O Fl\u00e1vio tem uma grande responsabilidade a partir de agora, ele se junta a outros grandes nomes da oposi\u00e7\u00e3o que j\u00e1 colocaram seus nomes \u00e0 disposi\u00e7\u00e3o&#8221;, declarou Tarc\u00edsio.<\/strong><\/p>\n\n\n\n<p><strong>O governador destacou que sua lealdade a Jair Bolsonaro \u00e9 &#8220;inegoci\u00e1vel&#8221;. No entanto, mesmo ao discursar em favor da alian\u00e7a com Fl\u00e1vio, Tarc\u00edsio foi interrompido pelo p\u00fablico presente no evento, que o ovacionou aos gritos de &#8220;presidente, presidente&#8221;.<\/strong><\/p>\n\n\n\n<p><strong>Ceticismo no Centr\u00e3o<\/strong><\/p>\n\n\n\n<p><strong>Apesar do apoio p\u00fablico de Tarc\u00edsio, a pr\u00e9-candidatura de Fl\u00e1vio Bolsonaro enfrenta resist\u00eancia entre os l\u00edderes do Centr\u00e3o e o mercado financeiro, que demonstram prefer\u00eancia pelo pr\u00f3prio governador paulista.<\/strong><\/p>\n\n\n\n<p><strong>O senador Ciro Nogueira, presidente do Progressistas (PP), colocou em xeque a viabilidade eleitoral de Fl\u00e1vio. Em visita a Curitiba, Nogueira afirmou que, se a escolha fosse pessoal, apoiaria o filho do ex-presidente pela amizade, mas ressaltou que pol\u00edtica exige &#8220;pesquisas e viabilidade&#8221;.<\/strong><\/p>\n\n\n\n<p><strong>&#8220;Isso n\u00e3o pode ser uma decis\u00e3o apenas do PL&#8221;, disse Ciro Nogueira, acrescentando que, em sua vis\u00e3o, apenas dois nomes teriam capacidade de unificar o centro e a direita: Tarc\u00edsio de Freitas e o governador do Paran\u00e1, Ratinho J\u00fanior.<\/strong><\/p>\n\n\n\n<p><strong>O &#8220;pre\u00e7o&#8221; da desist\u00eancia e a anistia<\/strong><\/p>\n\n\n\n<p><strong>Fl\u00e1vio Bolsonaro admitiu que sua candidatura pode n\u00e3o ir at\u00e9 o fim e afirmou ter um &#8220;pre\u00e7o&#8221; para negociar sua sa\u00edda da disputa. Segundo informa\u00e7\u00f5es de bastidores, a condi\u00e7\u00e3o seria a anistia de Jair Bolsonaro, permitindo que o ex-presidente retorne \u00e0s urnas em 2026.<\/strong><\/p>\n\n\n\n<p><strong>Contudo, essa possibilidade foi descartada pelo deputado Paulinho da For\u00e7a, relator do projeto da dosimetria na C\u00e2mara. &#8220;N\u00e3o tem nenhuma possibilidade de ter anistia no meu relat\u00f3rio. No meu relat\u00f3rio n\u00e3o consta anistia e n\u00e3o vai constar. S\u00f3 redu\u00e7\u00e3o de penas&#8221;, afirmou o deputado.<\/strong><\/p>\n\n\n\n<p><strong>Jantar decisivo<\/strong><\/p>\n\n\n\n<p><strong>Diante das mensagens de integrantes do Centr\u00e3o alertando que sua candidatura poderia dificultar um projeto de centro-direita, Fl\u00e1vio Bolsonaro organizou um jantar em sua casa nesta noite para discutir o cen\u00e1rio.<\/strong><\/p>\n\n\n\n<p><strong>As presen\u00e7as de Valdemar Costa Neto (presidente do PL) e Ciro Nogueira (presidente do PP) foram confirmadas. J\u00e1 os l\u00edderes do Uni\u00e3o Brasil, Ant\u00f4nio Rueda, e do Republicanos, Marcos Pereira, n\u00e3o confirmaram participa\u00e7\u00e3o.<\/strong><\/p>\n\n\n\n<blockquote class=\"instagram-media\" data-instgrm-captioned data-instgrm-permalink=\"https:\/\/www.instagram.com\/reel\/DSDRco7jP7V\/?utm_source=ig_embed&amp;utm_campaign=loading\" data-instgrm-version=\"14\" style=\" background:#FFF; border:0; border-radius:3px; box-shadow:0 0 1px 0 rgba(0,0,0,0.5),0 1px 10px 0 rgba(0,0,0,0.15); margin: 1px; max-width:540px; min-width:326px; padding:0; width:99.375%; width:-webkit-calc(100% - 2px); width:calc(100% - 2px);\"><div style=\"padding:16px;\"> <a href=\"https:\/\/www.instagram.com\/reel\/DSDRco7jP7V\/?utm_source=ig_embed&amp;utm_campaign=loading\" style=\" background:#FFFFFF; line-height:0; padding:0 0; text-align:center; text-decoration:none; width:100%;\" target=\"_blank\"> <div style=\" display: flex; flex-direction: row; align-items: center;\"> <div style=\"background-color: #F4F4F4; border-radius: 50%; flex-grow: 0; height: 40px; margin-right: 14px; width: 40px;\"><\/div> <div style=\"display: flex; flex-direction: column; flex-grow: 1; justify-content: center;\"> <div style=\" background-color: #F4F4F4; border-radius: 4px; flex-grow: 0; height: 14px; margin-bottom: 6px; width: 100px;\"><\/div> <div style=\" background-color: #F4F4F4; border-radius: 4px; flex-grow: 0; height: 14px; width: 60px;\"><\/div><\/div><\/div><div style=\"padding: 19% 0;\"><\/div> <div style=\"display:block; height:50px; margin:0 auto 12px; width:50px;\"><svg width=\"50px\" height=\"50px\" viewBox=\"0 0 60 60\" version=\"1.1\" xmlns=\"https:\/\/www.w3.org\/2000\/svg\" xmlns:xlink=\"https:\/\/www.w3.org\/1999\/xlink\"><g stroke=\"none\" stroke-width=\"1\" fill=\"none\" fill-rule=\"evenodd\"><g transform=\"translate(-511.000000, -20.000000)\" fill=\"#000000\"><g><path d=\"M556.869,30.41 C554.814,30.41 553.148,32.076 553.148,34.131 C553.148,36.186 554.814,37.852 556.869,37.852 C558.924,37.852 560.59,36.186 560.59,34.131 C560.59,32.076 558.924,30.41 556.869,30.41 M541,60.657 C535.114,60.657 530.342,55.887 530.342,50 C530.342,44.114 535.114,39.342 541,39.342 C546.887,39.342 551.658,44.114 551.658,50 C551.658,55.887 546.887,60.657 541,60.657 M541,33.886 C532.1,33.886 524.886,41.1 524.886,50 C524.886,58.899 532.1,66.113 541,66.113 C549.9,66.113 557.115,58.899 557.115,50 C557.115,41.1 549.9,33.886 541,33.886 M565.378,62.101 C565.244,65.022 564.756,66.606 564.346,67.663 C563.803,69.06 563.154,70.057 562.106,71.106 C561.058,72.155 560.06,72.803 558.662,73.347 C557.607,73.757 556.021,74.244 553.102,74.378 C549.944,74.521 548.997,74.552 541,74.552 C533.003,74.552 532.056,74.521 528.898,74.378 C525.979,74.244 524.393,73.757 523.338,73.347 C521.94,72.803 520.942,72.155 519.894,71.106 C518.846,70.057 518.197,69.06 517.654,67.663 C517.244,66.606 516.755,65.022 516.623,62.101 C516.479,58.943 516.448,57.996 516.448,50 C516.448,42.003 516.479,41.056 516.623,37.899 C516.755,34.978 517.244,33.391 517.654,32.338 C518.197,30.938 518.846,29.942 519.894,28.894 C520.942,27.846 521.94,27.196 523.338,26.654 C524.393,26.244 525.979,25.756 528.898,25.623 C532.057,25.479 533.004,25.448 541,25.448 C548.997,25.448 549.943,25.479 553.102,25.623 C556.021,25.756 557.607,26.244 558.662,26.654 C560.06,27.196 561.058,27.846 562.106,28.894 C563.154,29.942 563.803,30.938 564.346,32.338 C564.756,33.391 565.244,34.978 565.378,37.899 C565.522,41.056 565.552,42.003 565.552,50 C565.552,57.996 565.522,58.943 565.378,62.101 M570.82,37.631 C570.674,34.438 570.167,32.258 569.425,30.349 C568.659,28.377 567.633,26.702 565.965,25.035 C564.297,23.368 562.623,22.342 560.652,21.575 C558.743,20.834 556.562,20.326 553.369,20.18 C550.169,20.033 549.148,20 541,20 C532.853,20 531.831,20.033 528.631,20.18 C525.438,20.326 523.257,20.834 521.349,21.575 C519.376,22.342 517.703,23.368 516.035,25.035 C514.368,26.702 513.342,28.377 512.574,30.349 C511.834,32.258 511.326,34.438 511.181,37.631 C511.035,40.831 511,41.851 511,50 C511,58.147 511.035,59.17 511.181,62.369 C511.326,65.562 511.834,67.743 512.574,69.651 C513.342,71.625 514.368,73.296 516.035,74.965 C517.703,76.634 519.376,77.658 521.349,78.425 C523.257,79.167 525.438,79.673 528.631,79.82 C531.831,79.965 532.853,80.001 541,80.001 C549.148,80.001 550.169,79.965 553.369,79.82 C556.562,79.673 558.743,79.167 560.652,78.425 C562.623,77.658 564.297,76.634 565.965,74.965 C567.633,73.296 568.659,71.625 569.425,69.651 C570.167,67.743 570.674,65.562 570.82,62.369 C570.966,59.17 571,58.147 571,50 C571,41.851 570.966,40.831 570.82,37.631\"><\/path><\/g><\/g><\/g><\/svg><\/div><div style=\"padding-top: 8px;\"> <div style=\" color:#3897f0; font-family:Arial,sans-serif; font-size:14px; font-style:normal; font-weight:550; line-height:18px;\">Ver essa foto no Instagram<\/div><\/div><div style=\"padding: 12.5% 0;\"><\/div> <div style=\"display: flex; flex-direction: row; margin-bottom: 14px; align-items: center;\"><div> <div style=\"background-color: #F4F4F4; border-radius: 50%; height: 12.5px; width: 12.5px; transform: translateX(0px) translateY(7px);\"><\/div> <div style=\"background-color: #F4F4F4; height: 12.5px; transform: rotate(-45deg) translateX(3px) translateY(1px); width: 12.5px; flex-grow: 0; margin-right: 14px; margin-left: 2px;\"><\/div> <div style=\"background-color: #F4F4F4; border-radius: 50%; height: 12.5px; width: 12.5px; transform: translateX(9px) translateY(-18px);\"><\/div><\/div><div style=\"margin-left: 8px;\"> <div style=\" background-color: #F4F4F4; border-radius: 50%; flex-grow: 0; height: 20px; width: 20px;\"><\/div> <div style=\" width: 0; height: 0; border-top: 2px solid transparent; border-left: 6px solid #f4f4f4; border-bottom: 2px solid transparent; transform: translateX(16px) translateY(-4px) rotate(30deg)\"><\/div><\/div><div style=\"margin-left: auto;\"> <div style=\" width: 0px; border-top: 8px solid #F4F4F4; border-right: 8px solid transparent; transform: translateY(16px);\"><\/div> <div style=\" background-color: #F4F4F4; flex-grow: 0; height: 12px; width: 16px; transform: translateY(-4px);\"><\/div> <div style=\" width: 0; height: 0; border-top: 8px solid #F4F4F4; border-left: 8px solid transparent; transform: translateY(-4px) translateX(8px);\"><\/div><\/div><\/div> <div style=\"display: flex; flex-direction: column; flex-grow: 1; justify-content: center; margin-bottom: 24px;\"> <div style=\" background-color: #F4F4F4; border-radius: 4px; flex-grow: 0; height: 14px; margin-bottom: 6px; width: 224px;\"><\/div> <div style=\" background-color: #F4F4F4; border-radius: 4px; flex-grow: 0; height: 14px; width: 144px;\"><\/div><\/div><\/a><p style=\" color:#c9c8cd; font-family:Arial,sans-serif; font-size:14px; line-height:17px; margin-bottom:0; margin-top:8px; overflow:hidden; padding:8px 0 7px; text-align:center; text-overflow:ellipsis; white-space:nowrap;\"><a href=\"https:\/\/www.instagram.com\/reel\/DSDRco7jP7V\/?utm_source=ig_embed&amp;utm_campaign=loading\" style=\" color:#c9c8cd; font-family:Arial,sans-serif; font-size:14px; font-style:normal; font-weight:normal; line-height:17px; text-decoration:none;\" target=\"_blank\">Um post compartilhado por Portal Alerta (@portal_alerta)<\/a><\/p><\/div><\/blockquote>\n<script async src=\"\/\/www.instagram.com\/embed.js\"><\/script>\n\n\n\n<p><em>Fonte: Band.com.br<\/em><\/p>\n","protected":false},"excerpt":{"rendered":"<p>Durante um evento na Grande S\u00e3o Paulo, Tarc\u00edsio refor\u00e7ou sua fidelidade a Jair Bolsonaro e garantiu apoio ao filho do ex-presidente<\/p>\n","protected":false},"author":2,"featured_media":77667,"comment_status":"open","ping_status":"open","sticky":false,"template":"","format":"standard","meta":{"om_disable_all_campaigns":false,"_monsterinsights_skip_tracking":false,"_monsterinsights_sitenote_active":false,"_monsterinsights_sitenote_note":"","_monsterinsights_sitenote_category":0,"footnotes":""},"categories":[34,70,69,21],"tags":[100,71,48,93,75,4178,4180,6038,129,107,1976,4181,132,230,106,203,120,51,109,88,47,111,4202,190],"class_list":["post-77672","post","type-post","status-publish","format-standard","has-post-thumbnail","hentry","category-brasil","category-destaques","category-noticias2","category-politica","tag-adustina","tag-antas","tag-araci","tag-brasil","tag-cicero-dantas","tag-cipo-2","tag-crisopolis-2","tag-eleicoes-2026","tag-euclides-da-cunha","tag-fatima","tag-flavio-bolsonaro","tag-heliopolis-2","tag-itapicuru","tag-jeremoabo","tag-nova-soure","tag-novo-triunfo","tag-olindina","tag-paripiranga","tag-quijingue","tag-ribeira-do-amparo","tag-ribeira-do-pombal","tag-sitio-do-quinto","tag-tarcisio-de-freitas","tag-tucano"],"aioseo_notices":[],"_links":{"self":[{"href":"https:\/\/www.portalalerta.com.br\/index.php\/wp-json\/wp\/v2\/posts\/77672","targetHints":{"allow":["GET"]}}],"collection":[{"href":"https:\/\/www.portalalerta.com.br\/index.php\/wp-json\/wp\/v2\/posts"}],"about":[{"href":"https:\/\/www.portalalerta.com.br\/index.php\/wp-json\/wp\/v2\/types\/post"}],"author":[{"embeddable":true,"href":"https:\/\/www.portalalerta.com.br\/index.php\/wp-json\/wp\/v2\/users\/2"}],"replies":[{"embeddable":true,"href":"https:\/\/www.portalalerta.com.br\/index.php\/wp-json\/wp\/v2\/comments?post=77672"}],"version-history":[{"count":2,"href":"https:\/\/www.portalalerta.com.br\/index.php\/wp-json\/wp\/v2\/posts\/77672\/revisions"}],"predecessor-version":[{"id":77703,"href":"https:\/\/www.portalalerta.com.br\/index.php\/wp-json\/wp\/v2\/posts\/77672\/revisions\/77703"}],"wp:featuredmedia":[{"embeddable":true,"href":"https:\/\/www.portalalerta.com.br\/index.php\/wp-json\/wp\/v2\/media\/77667"}],"wp:attachment":[{"href":"https:\/\/www.portalalerta.com.br\/index.php\/wp-json\/wp\/v2\/media?parent=77672"}],"wp:term":[{"taxonomy":"category","embeddable":true,"href":"https:\/\/www.portalalerta.com.br\/index.php\/wp-json\/wp\/v2\/categories?post=77672"},{"taxonomy":"post_tag","embeddable":true,"href":"https:\/\/www.portalalerta.com.br\/index.php\/wp-json\/wp\/v2\/tags?post=77672"}],"curies":[{"name":"wp","href":"https:\/\/api.w.org\/{rel}","templated":true}]}}