{"id":77681,"date":"2025-12-09T09:00:00","date_gmt":"2025-12-09T12:00:00","guid":{"rendered":"https:\/\/www.portalalerta.com.br\/?p=77681"},"modified":"2025-12-09T23:28:58","modified_gmt":"2025-12-10T02:28:58","slug":"justica-da-italia-pede-a-moraes-informacoes-sobre-prisao-de-zambelli","status":"publish","type":"post","link":"https:\/\/www.portalalerta.com.br\/index.php\/2025\/12\/09\/justica-da-italia-pede-a-moraes-informacoes-sobre-prisao-de-zambelli\/","title":{"rendered":"Justi\u00e7a da It\u00e1lia pede a Moraes informa\u00e7\u00f5es sobre pris\u00e3o de Zambelli"},"content":{"rendered":"\n<p><strong>Esclarecimentos fazem parte do processo de extradi\u00e7\u00e3o da deputada<\/strong><\/p>\n\n\n\n<!--more-->\n\n\n\n<p><strong>A Justi\u00e7a da It\u00e1lia enviou ao ministro Alexandre de Moraes, do Supremo Tribunal Federal (STF), uma lista de questionamentos sobre o sistema prisional brasileiro. Os esclarecimentos fazem parte do processo de extradi\u00e7\u00e3o da deputada Carla Zambelli (PL-SP).<\/strong><strong><\/strong><\/p>\n\n\n\n<p><strong>Na semana passada, a Justi\u00e7a italiana suspendeu o julgamento da extradi\u00e7\u00e3o solicitada pelo governo brasileiro para esperar a resposta do STF. O julgamento ser\u00e1 retomado no dia 18 deste m\u00eas.<\/strong><\/p>\n\n\n<div class=\"wp-block-image\">\n<figure class=\"alignleft size-full is-resized\"><img fetchpriority=\"high\" decoding=\"async\" width=\"668\" height=\"664\" src=\"https:\/\/www.portalalerta.com.br\/wp-content\/uploads\/2025\/10\/Natal-da-cidade-Real-2025.jpg\" alt=\"\" class=\"wp-image-76686\" style=\"object-fit:cover;width:435px;height:435px\" srcset=\"https:\/\/www.portalalerta.com.br\/wp-content\/uploads\/2025\/10\/Natal-da-cidade-Real-2025.jpg 668w, https:\/\/www.portalalerta.com.br\/wp-content\/uploads\/2025\/10\/Natal-da-cidade-Real-2025-241x240.jpg 241w\" sizes=\"(max-width: 668px) 100vw, 668px\" \/><\/figure><\/div>\n\n\n<p><strong>A Justi\u00e7a italiana quer saber para qual pris\u00e3o Zambelli deve ser levada se a extradi\u00e7\u00e3o for aceita.&nbsp;Tamb\u00e9m foram feitos questionamentos sobre a condi\u00e7\u00e3o dos pres\u00eddios femininos, se h\u00e1 atos de viol\u00eancia e de intimida\u00e7\u00e3o praticados contra detentas e se a pol\u00edcia penal tem capacidade para manter a ordem nas penitenci\u00e1rias.<\/strong><\/p>\n\n\n\n<p><strong>Moraes tem at\u00e9 o dia 14 de dezembro para responder aos questionamentos. A comunica\u00e7\u00e3o oficial foi feita pelo Departamento de Recupera\u00e7\u00e3o de Ativos e Coopera\u00e7\u00e3o Jur\u00eddica Internacional do Minist\u00e9rio da Justi\u00e7a.<\/strong><\/p>\n\n\n\n<p><strong>Fuga<\/strong><\/p>\n\n\n\n<p><strong>Em julho deste ano,&nbsp;<a href=\"http:\/\/agenciabrasil.ebc.com.br\/justica\/noticia\/2025-07\/entenda-situacao-de-carla-zambelli-apos-prisao-na-italia\">Zambelli foi presa em Roma<\/a>, capital da It\u00e1lia, onde tentava escapar do cumprimento de um mandado de pris\u00e3o emitido pelo ministro Alexandre de Moraes.<\/strong><\/p>\n\n\n\n<p><strong>Por ter dupla cidadania, Zambelli deixou o Brasil em busca de asilo pol\u00edtico em terras italianas ap\u00f3s ser condenada pelo STF a 10 anos de pris\u00e3o pela invas\u00e3o ao sistema eletr\u00f4nico do Conselho Nacional de Justi\u00e7a (CNJ), ocorrido em 2023.<\/strong><\/p>\n\n\n\n<p><strong>De acordo com as investiga\u00e7\u00f5es, Zambelli foi a autora intelectual da invas\u00e3o para emiss\u00e3o de um mandato falso de pris\u00e3o contra Alexandre de Moraes.&nbsp;Segundo as investiga\u00e7\u00f5es, o hackeamento foi executado por Walter Delgatti, que tamb\u00e9m foi condenado e confirmou ter realizado o trabalho a mando da parlamentar.<\/strong><\/p>\n\n\n\n<p><strong>Ap\u00f3s a fuga para a It\u00e1lia, o governo brasileiro solicitou a extradi\u00e7\u00e3o da deputada para o Brasil. O pedido de extradi\u00e7\u00e3o de Carla Zambelli foi oficializado no dia 11 de junho pelo STF.&nbsp; Em seguida, o pedido foi enviado pelo Itamaraty ao governo italiano.&nbsp;<\/strong><\/p>\n\n\n\n<p><strong>Na C\u00e2mara dos Deputados, Zambelli \u00e9 alvo de um&nbsp;<a href=\"http:\/\/agenciabrasil.ebc.com.br\/politica\/noticia\/2025-12\/pedido-de-vista-adia-votacao-de-parecer-sobre-mandato-de-zambelli\">processo de cassa\u00e7\u00e3o do mandato<\/a>.<\/strong><\/p>\n\n\n\n<blockquote class=\"tiktok-embed\" cite=\"https:\/\/www.tiktok.com\/@portalalerta\/video\/7582048781894520082\" data-video-id=\"7582048781894520082\" style=\"max-width: 605px;min-width: 325px;\" > <section> <a target=\"_blank\" title=\"@portalalerta\" href=\"https:\/\/www.tiktok.com\/@portalalerta?refer=embed\">@portalalerta<\/a> <p>Justi\u00e7a da It\u00e1lia pede a Moraes informa\u00e7\u00f5es sobre pris\u00e3o de Zambelli  A Justi\u00e7a da It\u00e1lia enviou ao ministro Alexandre de Moraes, do Supremo Tribunal Federal (STF), uma lista de questionamentos sobre o sistema prisional brasileiro. Os esclarecimentos fazem parte do processo de extradi\u00e7\u00e3o da deputada Carla Zambelli (PL-SP).  #brasil #italia #carlazambelli #stf #justica #portalalerta #portal_alerta #deolhonanoticia<\/p> <a target=\"_blank\" title=\"\u266c som original  - Portal Alerta\" href=\"https:\/\/www.tiktok.com\/music\/som-original-Portal-Alerta-7582048810570910481?refer=embed\">\u266c som original  &#8211; Portal Alerta<\/a> <\/section> <\/blockquote> <script async src=\"https:\/\/www.tiktok.com\/embed.js\"><\/script>\n\n\n\n<p><em>Fonte: Ag\u00eancia Brasil<\/em><\/p>\n","protected":false},"excerpt":{"rendered":"<p>Esclarecimentos fazem parte do processo de extradi\u00e7\u00e3o da deputada<\/p>\n","protected":false},"author":2,"featured_media":24230,"comment_status":"open","ping_status":"open","sticky":false,"template":"","format":"standard","meta":{"om_disable_all_campaigns":false,"_monsterinsights_skip_tracking":false,"_monsterinsights_sitenote_active":false,"_monsterinsights_sitenote_note":"","_monsterinsights_sitenote_category":0,"footnotes":""},"categories":[34,70,35,69,21],"tags":[100,71,48,3656,75,4178,4180,1590,129,107,4181,719,132,230,270,106,203,120,51,174,109,88,47,111,190],"class_list":["post-77681","post","type-post","status-publish","format-standard","has-post-thumbnail","hentry","category-brasil","category-destaques","category-mundo","category-noticias2","category-politica","tag-adustina","tag-antas","tag-araci","tag-carla-zambelli","tag-cicero-dantas","tag-cipo-2","tag-crisopolis-2","tag-deputada-federal","tag-euclides-da-cunha","tag-fatima","tag-heliopolis-2","tag-italia","tag-itapicuru","tag-jeremoabo","tag-justica","tag-nova-soure","tag-novo-triunfo","tag-olindina","tag-paripiranga","tag-prisao","tag-quijingue","tag-ribeira-do-amparo","tag-ribeira-do-pombal","tag-sitio-do-quinto","tag-tucano"],"aioseo_notices":[],"_links":{"self":[{"href":"https:\/\/www.portalalerta.com.br\/index.php\/wp-json\/wp\/v2\/posts\/77681","targetHints":{"allow":["GET"]}}],"collection":[{"href":"https:\/\/www.portalalerta.com.br\/index.php\/wp-json\/wp\/v2\/posts"}],"about":[{"href":"https:\/\/www.portalalerta.com.br\/index.php\/wp-json\/wp\/v2\/types\/post"}],"author":[{"embeddable":true,"href":"https:\/\/www.portalalerta.com.br\/index.php\/wp-json\/wp\/v2\/users\/2"}],"replies":[{"embeddable":true,"href":"https:\/\/www.portalalerta.com.br\/index.php\/wp-json\/wp\/v2\/comments?post=77681"}],"version-history":[{"count":2,"href":"https:\/\/www.portalalerta.com.br\/index.php\/wp-json\/wp\/v2\/posts\/77681\/revisions"}],"predecessor-version":[{"id":77706,"href":"https:\/\/www.portalalerta.com.br\/index.php\/wp-json\/wp\/v2\/posts\/77681\/revisions\/77706"}],"wp:featuredmedia":[{"embeddable":true,"href":"https:\/\/www.portalalerta.com.br\/index.php\/wp-json\/wp\/v2\/media\/24230"}],"wp:attachment":[{"href":"https:\/\/www.portalalerta.com.br\/index.php\/wp-json\/wp\/v2\/media?parent=77681"}],"wp:term":[{"taxonomy":"category","embeddable":true,"href":"https:\/\/www.portalalerta.com.br\/index.php\/wp-json\/wp\/v2\/categories?post=77681"},{"taxonomy":"post_tag","embeddable":true,"href":"https:\/\/www.portalalerta.com.br\/index.php\/wp-json\/wp\/v2\/tags?post=77681"}],"curies":[{"name":"wp","href":"https:\/\/api.w.org\/{rel}","templated":true}]}}